{"id":7666,"date":"2024-06-06T23:37:58","date_gmt":"2024-06-06T20:37:58","guid":{"rendered":"https:\/\/ich.md\/?p=7666"},"modified":"2024-06-06T23:43:17","modified_gmt":"2024-06-06T20:43:17","slug":"cercetatorii-de-la-institutul-patrimoniului-cultural-participanti-la-atelierul-de-instruire-implicarea-comunitatilor-locale-in-planificarea-si-implimentarea-masurilor-de-salvgardare-a-patr","status":"publish","type":"post","link":"https:\/\/ich.md\/?p=7666","title":{"rendered":"Cercet\u0103torii de la Institutul Patrimoniului Cultural \u2013 participan\u021bi la atelierul de instruire ,,Implicarea comunit\u0103\u021bilor locale \u00een planificarea \u0219i implimentarea m\u0103surilor de salvgardare a patrimoniului cultural imaterial \u00een Republica Moldova\u201d."},"content":{"rendered":"\n<p>\u00cen perioada 3-6 iunie 2024, colaboratorii Institutului Patrimoniului Cultural \u2013 Natalia Gr\u0103dinaru, dr., secretar \u0219tiin\u021bific al IPC, domeniu de specialitate: etnologie; Valentin Arapu, dr., \u0219ef Sec\u021bie Cultura tradi\u021bional\u0103 rom\u00e2neasc\u0103, domeniu de specialitate: etnologie; Ion Duminic\u0103, dr., \u0219ef Sec\u021bie Cultura tradi\u021bional\u0103 a minorit\u0103\u021bilor etnice, domeniu de specialitate: etnologie; Violeta Tipa, dr., \u0219ef Sec\u021bie Patrimoniul artistic, domeniu de specialitate: studiul artelor; Vitalie Malcoci, dr., \u0219ef Sec\u021bie Patrimoniu construit, domeniu de specialitate: studiul artelor; Nina Ivanova, dr., cercet\u0103tor \u0219tiin\u021bific superior \u00een cadrul Sec\u021biei Cultura tradi\u021bional\u0103 rom\u00e2neasc\u0103, domeniu de specialitate: antropologie cultural\u0103; Svetlana Procop, dr., cercet\u0103tor \u0219tiin\u021bific coordonator \u00een cadrul Sec\u021biei Cultura tradi\u021bional\u0103 a minorit\u0103\u021bilor etnice, domeniu de specialitate: etnologie \u2013 au participat la atelierul de instruire \u201eImplicarea comunit\u0103\u021bilor locale \u00een planificarea \u0219i implementarea strategiilor de salvgardare a patrimoniului cultural imaterial \u00een Republica Moldova\u201d. Loca\u021bia: Muzeul Na\u021bional de Etnografie \u0219i Istorie Natural\u0103. Exper\u021bi: Ioana Baskerville (Rom\u00e2nia), Andrei Prohin (Republica Moldova).<\/p>\n\n\n\n<p>\u00cen ziua de 5 iunie, participan\u021bii au efectuat o vizit\u0103 \u00een teren \u00een satul Cli\u0219ova Nou\u0103, raionul Orhei, pentru a se documenta la Centrul de me\u0219te\u0219uguri \u201eArt\u0103 Rustic\u0103\u201d. Directoarea centrului,  Ecaterina Popescu, promotoare a artei tradi\u021bionale a \u021besutului \u00een spa\u021biul basarabean \u0219i purt\u0103toare a tilului de Tezaur Uman Viu, i-a ghidat prin toate compartimente complexului de me\u0219te\u0219uguri: <em>Casa Mare<\/em> &#8211; model, Muzeul \u0163es\u0103turilor autentice, \u00eentreprinderea me\u015fte\u015fug\u0103reasc\u0103 \u201eRusticart\u201d, centrul de instruire \u00een domeniul me\u015fte\u015fugurilor populare, sala de expozi\u0163ie cu compartimentele <em>Portul popular<\/em> \u015fi <em>Covorul Basarabean<\/em>. \u00cen celelealte zile, colaboratorii IPC au participat activ la toate orele teoretice \u0219i practice ale atelierului de instruire, demonstr\u00e2nd cu prisosin\u021b\u0103 competen\u021be profesionale \u00een salvgardarea patrimoniului cultural imaterial \u00een Republica Moldova.<\/p>\n\n\n\n<p>dr. Valentin Arapu<\/p>\n\n\n\n<figure class=\"wp-block-image size-large\"><a href=\"https:\/\/ich.md\/wp-content\/uploads\/2024\/06\/20240603_135017-scaled.jpg\"><img decoding=\"async\" loading=\"lazy\" width=\"1024\" height=\"768\" src=\"https:\/\/ich.md\/wp-content\/uploads\/2024\/06\/20240603_135017-1024x768.jpg\" alt=\"\" class=\"wp-image-7668\"\/><\/a><\/figure>\n\n\n\n<figure class=\"wp-block-image size-large\"><a href=\"https:\/\/ich.md\/wp-content\/uploads\/2024\/06\/20240603_140545-scaled.jpg\"><img decoding=\"async\" loading=\"lazy\" width=\"1024\" height=\"768\" src=\"https:\/\/ich.md\/wp-content\/uploads\/2024\/06\/20240603_140545-1024x768.jpg\" alt=\"\" class=\"wp-image-7669\"\/><\/a><\/figure>\n\n\n\n<figure class=\"wp-block-image size-large\"><a href=\"https:\/\/ich.md\/wp-content\/uploads\/2024\/06\/20240604_114616-scaled.jpg\"><img decoding=\"async\" loading=\"lazy\" width=\"1024\" height=\"768\" src=\"https:\/\/ich.md\/wp-content\/uploads\/2024\/06\/20240604_114616-1024x768.jpg\" alt=\"\" class=\"wp-image-7673\"\/><\/a><\/figure>\n\n\n\n<figure class=\"wp-block-image size-large\"><a href=\"https:\/\/ich.md\/wp-content\/uploads\/2024\/06\/20240604_120742-scaled.jpg\"><img decoding=\"async\" loading=\"lazy\" width=\"1024\" height=\"768\" src=\"https:\/\/ich.md\/wp-content\/uploads\/2024\/06\/20240604_120742-1024x768.jpg\" alt=\"\" class=\"wp-image-7676\"\/><\/a><\/figure>\n\n\n\n<figure class=\"wp-block-image size-large\"><a href=\"https:\/\/ich.md\/wp-content\/uploads\/2024\/06\/20240605_122200-scaled.jpg\"><img decoding=\"async\" loading=\"lazy\" width=\"1024\" height=\"768\" src=\"https:\/\/ich.md\/wp-content\/uploads\/2024\/06\/20240605_122200-1024x768.jpg\" alt=\"\" class=\"wp-image-7680\"\/><\/a><\/figure>\n\n\n\n<figure class=\"wp-block-image size-large\"><a href=\"https:\/\/ich.md\/wp-content\/uploads\/2024\/06\/20240605_131529-scaled.jpg\"><img decoding=\"async\" loading=\"lazy\" width=\"1024\" height=\"768\" src=\"https:\/\/ich.md\/wp-content\/uploads\/2024\/06\/20240605_131529-1024x768.jpg\" alt=\"\" class=\"wp-image-7683\"\/><\/a><\/figure>\n\n\n\n<figure class=\"wp-block-image size-large\"><a href=\"https:\/\/ich.md\/wp-content\/uploads\/2024\/06\/20240605_124217-scaled.jpg\"><img decoding=\"async\" loading=\"lazy\" width=\"1024\" height=\"768\" src=\"https:\/\/ich.md\/wp-content\/uploads\/2024\/06\/20240605_124217-1024x768.jpg\" alt=\"\" class=\"wp-image-7682\"\/><\/a><\/figure>\n\n\n\n<figure class=\"wp-block-image size-large\"><a href=\"https:\/\/ich.md\/wp-content\/uploads\/2024\/06\/muzeu.jpg\"><img decoding=\"async\" loading=\"lazy\" width=\"1024\" height=\"683\" src=\"https:\/\/ich.md\/wp-content\/uploads\/2024\/06\/muzeu-1024x683.jpg\" alt=\"\" class=\"wp-image-7692\"\/><\/a><\/figure>\n\n\n\n<figure class=\"wp-block-image size-large\"><a href=\"https:\/\/ich.md\/wp-content\/uploads\/2024\/06\/muzeu1.jpg\"><img decoding=\"async\" loading=\"lazy\" width=\"1024\" height=\"683\" src=\"https:\/\/ich.md\/wp-content\/uploads\/2024\/06\/muzeu1-1024x683.jpg\" alt=\"\" class=\"wp-image-7694\"\/><\/a><\/figure>\n","protected":false},"excerpt":{"rendered":"<p>\u00cen perioada 3-6 iunie 2024, colaboratorii Institutului Patrimoniului Cultural \u2013 Natalia Gr\u0103dinaru, dr., secretar \u0219tiin\u021bific al IPC, domeniu de specialitate: etnologie; Valentin Arapu, dr., \u0219ef<span class=\"read-more-link\"><a class=\"read-more\" href=\"https:\/\/ich.md\/?p=7666\">Read More<\/a><\/span><\/p>\n","protected":false},"author":11,"featured_media":7694,"comment_status":"closed","ping_status":"closed","sticky":false,"template":"","format":"standard","meta":[],"categories":[10],"tags":[],"_links":{"self":[{"href":"https:\/\/ich.md\/index.php?rest_route=\/wp\/v2\/posts\/7666"}],"collection":[{"href":"https:\/\/ich.md\/index.php?rest_route=\/wp\/v2\/posts"}],"about":[{"href":"https:\/\/ich.md\/index.php?rest_route=\/wp\/v2\/types\/post"}],"author":[{"embeddable":true,"href":"https:\/\/ich.md\/index.php?rest_route=\/wp\/v2\/users\/11"}],"replies":[{"embeddable":true,"href":"https:\/\/ich.md\/index.php?rest_route=%2Fwp%2Fv2%2Fcomments&post=7666"}],"version-history":[{"count":4,"href":"https:\/\/ich.md\/index.php?rest_route=\/wp\/v2\/posts\/7666\/revisions"}],"predecessor-version":[{"id":7695,"href":"https:\/\/ich.md\/index.php?rest_route=\/wp\/v2\/posts\/7666\/revisions\/7695"}],"wp:featuredmedia":[{"embeddable":true,"href":"https:\/\/ich.md\/index.php?rest_route=\/wp\/v2\/media\/7694"}],"wp:attachment":[{"href":"https:\/\/ich.md\/index.php?rest_route=%2Fwp%2Fv2%2Fmedia&parent=7666"}],"wp:term":[{"taxonomy":"category","embeddable":true,"href":"https:\/\/ich.md\/index.php?rest_route=%2Fwp%2Fv2%2Fcategories&post=7666"},{"taxonomy":"post_tag","embeddable":true,"href":"https:\/\/ich.md\/index.php?rest_route=%2Fwp%2Fv2%2Ftags&post=7666"}],"curies":[{"name":"wp","href":"https:\/\/api.w.org\/{rel}","templated":true}]}}