{"id":7772,"date":"2024-06-27T08:24:25","date_gmt":"2024-06-27T05:24:25","guid":{"rendered":"https:\/\/ich.md\/?p=7772"},"modified":"2024-06-27T08:26:34","modified_gmt":"2024-06-27T05:26:34","slug":"se-anunta-sedinta-consiliului-stiintific-specializat-pentru-sustinerea-publica-a-tezei-de-doctor-in-arhitectura-cu-titlul-politica-de-stat-in-urbanismul-si-arhitectura-republicii-sovietice-s","status":"publish","type":"post","link":"https:\/\/ich.md\/?p=7772","title":{"rendered":"Se anun\u021b\u0103 \u0219edin\u0163a Consiliului \u015etiin\u0163ific Specializat pentru sus\u0163inerea public\u0103 a tezei de doctor \u00een arhitectur\u0103 cu titlul: \u201ePolitica de stat \u00een urbanismul \u0219i arhitectura Republicii Sovietice Socialiste Moldovene\u0219ti (1944\u20131955)\u201d"},"content":{"rendered":"\n<p><\/p>\n\n\n\n<p>Se anun\u021b\u0103 \u0219edin\u0163a Consiliului \u015etiin\u0163ific Specializat D 651.02<a>\u2013<\/a>24\u2013106 din cadrul Institutului Patrimoniului Cultural pentru sus\u0163inerea public\u0103 a tezei de doctor \u00een arhitectur\u0103 cu titlul: \u201ePOLITICA DE STAT \u00ceN URBANISMUL \u015eI ARHITECTURA REPUBLICII SOVIETICE SOCIALISTE MOLDOVENE\u015eTI <a>(1944\u20131955)<\/a>\u201d, la specialitatea 651.02 TEORIA \u015eI ISTORIA ARHITECTURII<\/p>\n\n\n\n<p><strong>Autor:&nbsp;<\/strong>OSTAPOV Alina<\/p>\n\n\n\n<p><strong>Conduc\u0103tor \u015ftiin\u0163ific:<\/strong><\/p>\n\n\n\n<p>\u0218LAPAC Mariana, mem. cor. al A\u0218M, dr. hab. \u00een studiul artelor, cerc. conf., Institutul Patrimoniului Cultural.<\/p>\n\n\n\n<p><strong>Data sus\u021binerii:&nbsp;<\/strong>16 iulie 2024, <strong>ora:&nbsp;<\/strong>10.00.<\/p>\n\n\n\n<p><strong>Loca\u021bia:&nbsp;<\/strong>MD \u2013 2001, mun. Chi\u015fin\u0103u, bd. \u015etefan cel Mare \u015fi Sf\u00e2nt, nr. 1, Sala Mic\u0103.<\/p>\n\n\n\n<p><strong>Consiliului \u015etiin\u0163ific Specializat D 651.02\u201324\u2013106<\/strong> din cadrul Institutului Patrimoniului Cultural, aprobat de&nbsp;Consiliul de Conducere al ANACEC (Decizia nr.2 din 24.05.2024):<\/p>\n\n\n\n<ol type=\"1\">\n<li>CONDRATICOVA Liliana, dr. hab. \u00een studiul artelor, dr. hab. \u00een istorie,<a> <\/a>Academia de \u0218tiin\u021be a Moldovei \u2013 <em>pre\u0219edinte.<\/em><\/li>\n\n\n\n<li>BRIGALDA Eleonora, dr. \u00een studiul artelor, prof. univ., Universitatea Pedagogic\u0103 de Stat \u201eIon Creang\u0103\u201d \u2013 <em>secretar \u0219tiin\u021bific.<\/em><\/li>\n\n\n\n<li>ROCACIUC Victoria, dr. hab. \u00een arte, cerc. conf., Institutul Patrimoniului Cultural.<\/li>\n\n\n\n<li>CIOCANU Sergius, dr. \u00een arhitectur\u0103, Institutul Patrimoniului Cultural.<\/li>\n\n\n\n<li>TRONCIU Sergiu, dr. \u00een arhitectur\u0103, conf. univ., Universitatea Tehnic\u0103 a Moldovei.<\/li>\n\n\n\n<li>MALCOCI Vitalie, dr. \u00een studiul artelor, conf. univ., Institutul Patrimoniului Cultural.<\/li>\n\n\n\n<li>BRIHUNE\u021a Manole, dr. \u00een studiul artelor \u0219i culturologie, Institutul Patrimoniului Cultural.<\/li>\n<\/ol>\n\n\n\n<p><strong>Referen\u0163i oficiali:<\/strong><\/p>\n\n\n\n<ol type=\"1\">\n<li>MUSTEA\u021a\u0102 Sergiu, dr. hab. \u00een istorie, prof. univ., Universitatea Pedagogic\u0103 de Stat<\/li>\n<\/ol>\n\n\n\n<p>\u201eIon Creang\u0103\u201d.<\/p>\n\n\n\n<p>     2. TRIFAN Aurelia, dr. \u00een arhitectur\u0103, Institutul Patrimoniului Cultural.<\/p>\n\n\n\n<p>Teza de doctor \u015fi rezumatul tezei pot fi consultate la Biblioteca Na\u0163ional\u0103 a Republicii Moldova \u015fi pe pagina web a ANACEC (www.anacec.md).<\/p>\n","protected":false},"excerpt":{"rendered":"<p>Se anun\u021b\u0103 \u0219edin\u0163a Consiliului \u015etiin\u0163ific Specializat D 651.02\u201324\u2013106 din cadrul Institutului Patrimoniului Cultural pentru sus\u0163inerea public\u0103 a tezei de doctor \u00een arhitectur\u0103 cu titlul: \u201ePOLITICA<span class=\"read-more-link\"><a class=\"read-more\" href=\"https:\/\/ich.md\/?p=7772\">Read More<\/a><\/span><\/p>\n","protected":false},"author":11,"featured_media":7031,"comment_status":"closed","ping_status":"closed","sticky":false,"template":"","format":"standard","meta":[],"categories":[10],"tags":[],"_links":{"self":[{"href":"https:\/\/ich.md\/index.php?rest_route=\/wp\/v2\/posts\/7772"}],"collection":[{"href":"https:\/\/ich.md\/index.php?rest_route=\/wp\/v2\/posts"}],"about":[{"href":"https:\/\/ich.md\/index.php?rest_route=\/wp\/v2\/types\/post"}],"author":[{"embeddable":true,"href":"https:\/\/ich.md\/index.php?rest_route=\/wp\/v2\/users\/11"}],"replies":[{"embeddable":true,"href":"https:\/\/ich.md\/index.php?rest_route=%2Fwp%2Fv2%2Fcomments&post=7772"}],"version-history":[{"count":3,"href":"https:\/\/ich.md\/index.php?rest_route=\/wp\/v2\/posts\/7772\/revisions"}],"predecessor-version":[{"id":7775,"href":"https:\/\/ich.md\/index.php?rest_route=\/wp\/v2\/posts\/7772\/revisions\/7775"}],"wp:featuredmedia":[{"embeddable":true,"href":"https:\/\/ich.md\/index.php?rest_route=\/wp\/v2\/media\/7031"}],"wp:attachment":[{"href":"https:\/\/ich.md\/index.php?rest_route=%2Fwp%2Fv2%2Fmedia&parent=7772"}],"wp:term":[{"taxonomy":"category","embeddable":true,"href":"https:\/\/ich.md\/index.php?rest_route=%2Fwp%2Fv2%2Fcategories&post=7772"},{"taxonomy":"post_tag","embeddable":true,"href":"https:\/\/ich.md\/index.php?rest_route=%2Fwp%2Fv2%2Ftags&post=7772"}],"curies":[{"name":"wp","href":"https:\/\/api.w.org\/{rel}","templated":true}]}}