{"id":7777,"date":"2024-07-10T08:59:18","date_gmt":"2024-07-10T05:59:18","guid":{"rendered":"https:\/\/ich.md\/?p=7777"},"modified":"2024-07-10T09:02:24","modified_gmt":"2024-07-10T06:02:24","slug":"implicare-in-desfasurarea-proiectului-eu4dialogue-cu-focusul-tematic-city-urban-space-and-architecture","status":"publish","type":"post","link":"https:\/\/ich.md\/?p=7777","title":{"rendered":"Implicare \u00een desf\u0103\u0219urarea proiectului EU4Dialogue, cu focusul tematic \u201cCity, Urban Space and Architecture\u201d."},"content":{"rendered":"\n<p>\u00cen perioada 28.06-07.07.2024, AURELIA CARPOV, dr. \u00een arhitectur\u0103, cercet\u0103tor \u0219tiin\u021bific superior \u00een cadrul Institutului Patrimoniului Cultural, a participat la Academia de Management Cultural \u00een cadrul proiectului EU4Dialogue, cu focusul tematic \u201cCity, Urban Space and Architecture\u201d. Evenimentul a avut loc \u00een ora\u0219ul Tbilisi, fiind organizat de Goethe-Institut Bucure\u0219ti \u00een colaborare cu Goethe-Institut Georgia. Acest program de consolidare a capacit\u0103\u021bilor a inclus prelegeri sus\u021binute de personalit\u0103\u021bi \u00een domeniul arhitecturii \u0219i managementului cultural, excursii prin ora\u0219ul Tbilisi, workshop-ul \u201cSocialist Modernist Heritage\u201d \u0219i prezentarea activit\u0103\u021bii curente ale participan\u021bilor.<\/p>\n\n\n\n<p>A fost aprofundat modul \u00een care cultura \u0219i arta se intersecteaz\u0103 cu spa\u021biul urban \u0219i arhitectura, influen\u021b\u00e2nd astfel experien\u021ba oamenilor \u00eentr-un ora\u0219. Prin \u00een\u021belegerea rela\u021biilor complexe dintre arhitectur\u0103, spa\u021biul urban \u0219i cultur\u0103, ora\u0219ele pot deveni mai func\u021bionale, mai incluzive \u0219i mai estetice. Academia de Management Cultural a oferit o perspectiv\u0103 profund\u0103 asupra modului \u00een care creativitatea \u0219i inova\u021bia pot fi integrate \u00een planificarea urban\u0103 \u0219i gestionarea cultural\u0103 a ora\u0219elor.<\/p>\n\n\n\n<figure class=\"wp-block-image size-large\"><a href=\"https:\/\/ich.md\/wp-content\/uploads\/2024\/07\/carpov-in.jpg\"><img decoding=\"async\" loading=\"lazy\" width=\"1024\" height=\"768\" src=\"https:\/\/ich.md\/wp-content\/uploads\/2024\/07\/carpov-in-1024x768.jpg\" alt=\"\" class=\"wp-image-7778\"\/><\/a><\/figure>\n\n\n\n<figure class=\"wp-block-image size-large\"><a href=\"https:\/\/ich.md\/wp-content\/uploads\/2024\/07\/carp-in-lucru.jpg\"><img decoding=\"async\" loading=\"lazy\" width=\"768\" height=\"1024\" src=\"https:\/\/ich.md\/wp-content\/uploads\/2024\/07\/carp-in-lucru-768x1024.jpg\" alt=\"\" class=\"wp-image-7779\"\/><\/a><\/figure>\n\n\n\n<figure class=\"wp-block-image size-full\"><a href=\"https:\/\/ich.md\/wp-content\/uploads\/2024\/07\/carpov-com.jpg\"><img decoding=\"async\" loading=\"lazy\" width=\"1024\" height=\"734\" src=\"https:\/\/ich.md\/wp-content\/uploads\/2024\/07\/carpov-com.jpg\" alt=\"\" class=\"wp-image-7780\"\/><\/a><\/figure>\n\n\n\n<figure class=\"wp-block-image size-large\"><a href=\"https:\/\/ich.md\/wp-content\/uploads\/2024\/07\/carp-si.jpg\"><img decoding=\"async\" loading=\"lazy\" width=\"1024\" height=\"702\" src=\"https:\/\/ich.md\/wp-content\/uploads\/2024\/07\/carp-si-1024x702.jpg\" alt=\"\" class=\"wp-image-7781\"\/><\/a><\/figure>\n\n\n\n<figure class=\"wp-block-image\"><img alt=\"\"\/><\/figure>\n","protected":false},"excerpt":{"rendered":"<p>\u00cen perioada 28.06-07.07.2024, AURELIA CARPOV, dr. \u00een arhitectur\u0103, cercet\u0103tor \u0219tiin\u021bific superior \u00een cadrul Institutului Patrimoniului Cultural, a participat la Academia de Management Cultural \u00een cadrul<span class=\"read-more-link\"><a class=\"read-more\" href=\"https:\/\/ich.md\/?p=7777\">Read More<\/a><\/span><\/p>\n","protected":false},"author":11,"featured_media":7780,"comment_status":"closed","ping_status":"closed","sticky":false,"template":"","format":"standard","meta":[],"categories":[10],"tags":[],"_links":{"self":[{"href":"https:\/\/ich.md\/index.php?rest_route=\/wp\/v2\/posts\/7777"}],"collection":[{"href":"https:\/\/ich.md\/index.php?rest_route=\/wp\/v2\/posts"}],"about":[{"href":"https:\/\/ich.md\/index.php?rest_route=\/wp\/v2\/types\/post"}],"author":[{"embeddable":true,"href":"https:\/\/ich.md\/index.php?rest_route=\/wp\/v2\/users\/11"}],"replies":[{"embeddable":true,"href":"https:\/\/ich.md\/index.php?rest_route=%2Fwp%2Fv2%2Fcomments&post=7777"}],"version-history":[{"count":2,"href":"https:\/\/ich.md\/index.php?rest_route=\/wp\/v2\/posts\/7777\/revisions"}],"predecessor-version":[{"id":7783,"href":"https:\/\/ich.md\/index.php?rest_route=\/wp\/v2\/posts\/7777\/revisions\/7783"}],"wp:featuredmedia":[{"embeddable":true,"href":"https:\/\/ich.md\/index.php?rest_route=\/wp\/v2\/media\/7780"}],"wp:attachment":[{"href":"https:\/\/ich.md\/index.php?rest_route=%2Fwp%2Fv2%2Fmedia&parent=7777"}],"wp:term":[{"taxonomy":"category","embeddable":true,"href":"https:\/\/ich.md\/index.php?rest_route=%2Fwp%2Fv2%2Fcategories&post=7777"},{"taxonomy":"post_tag","embeddable":true,"href":"https:\/\/ich.md\/index.php?rest_route=%2Fwp%2Fv2%2Ftags&post=7777"}],"curies":[{"name":"wp","href":"https:\/\/api.w.org\/{rel}","templated":true}]}}