{"id":7785,"date":"2024-07-13T08:16:07","date_gmt":"2024-07-13T05:16:07","guid":{"rendered":"https:\/\/ich.md\/?p=7785"},"modified":"2024-07-15T07:19:12","modified_gmt":"2024-07-15T04:19:12","slug":"un-acord-de-colaborare-in-domeniul-cercetarii-stiintifice-a-fost-semnat-intre-institutul-patrimoniului-cultural-si-balkan-history-association-romania","status":"publish","type":"post","link":"https:\/\/ich.md\/?p=7785","title":{"rendered":"Un Acord de colaborare \u00een domeniul cercet\u0103rii \u0219tiin\u021bifice a fost semnat \u00eentre Institutul Patrimoniului Cultural \u0219i Balkan History Association (Rom\u00e2nia)"},"content":{"rendered":"\n<p><\/p>\n\n\n\n<p>Directorul Institutului Patrimoniului Cultural dr. Ion Ursu \u0219i pre\u0219edintele Asocia\u021biei Ob\u0219te\u0219ti<em> Balkan History Association<\/em> (Rom\u00e2nia), dr. Mihai Dragnea,&nbsp;au \u00eencheiat Miercuri, 10 iulie 2024, un Acord&nbsp;de colaborare privind dezvoltarea rela\u021biilor de colaborare \u00een domeniul cercet\u0103rii \u0219tiin\u021bifice.&nbsp;<\/p>\n\n\n\n<p>Colaborarea dintre cele dou\u0103&nbsp;entit\u0103\u021bi  va pune bazele unui parteneriat durabil \u0219i prevede: <\/p>\n\n\n\n<p><\/p>\n\n\n\n<p>S\u0103 aprofundeze \u00een\u021belegerea mediului istoric, cultural, politic, economic \u0219i social din Moldova \u0219i leg\u0103tura acestuia cu Europa de Sud-Est;<\/p>\n\n\n\n<p>S\u0103 faciliteze formarea unei comunit\u0103\u021bi de cercet\u0103tori specializa\u021bi \u00een studiul istoriei \u0219i culturii Europei de Sud-Est, precum \u0219i s\u0103 se implice \u00een formarea \u0219i dezvoltarea profesional\u0103 a colegilor lor mai tineri;<\/p>\n\n\n\n<p><\/p>\n\n\n\n<p>Pentru a atinge aceste obiective, cele dou\u0103 organiza\u021bii vor urm\u0103ri s\u0103 def\u0103\u0219oare urm\u0103toarele activit\u0103\u021bi:<\/p>\n\n\n\n<ul>\n<li>Organizarea de conferin\u021be, simpozioane, prelegeri \u0219i alte \u00eent\u00e2lniri pe diverse teme de cercetare. Informa\u021biile legate de acestea, precum \u0219i orice rezultate de cercetare generate cu aceste ocazii, vor fi promovate \u0219i publicate \u00een principal prin reviste (Hiperboreea, Archaeological Magazine, Journal of Ethnology and Culturology, Art Review, precum \u0219i printr-o editur\u0103 cu sau f\u0103r\u0103 o serie de c\u0103r\u021bi specific\u0103 (de exemplu, seria &#8222;South-East European History&#8221; de la Peter Lang));<\/li>\n\n\n\n<li>Promovarea schimburilor organiza\u021bionale prin invitarea propriilor membri, precum \u0219i a cercet\u0103torilor din institu\u021biile sau organiza\u021biile partenere, s\u0103 participe la diverse activit\u0103\u021bi de cercetare;<\/li>\n\n\n\n<li>Desf\u0103\u0219urarea de programe de cercetare comune pentru a contribui la o mai bun\u0103 \u00een\u021belegere a comunit\u0103\u021bilor din zon\u0103 \u0219i a patrimoniului lor cultural comun;<\/li>\n\n\n\n<li>Publicarea unor volume de studii \u0219i monografii;<\/li>\n\n\n\n<li>Promovarea istoriei \u0219i culturii rom\u00e2ne\u0219ti ca parte integrant\u0103 a Balcanilor \u0219i a spa\u021biului cultural, politic, economic \u0219i social european.<\/li>\n<\/ul>\n\n\n\n<figure class=\"wp-block-image size-large\"><a href=\"https:\/\/ich.md\/wp-content\/uploads\/2024\/07\/viber_image_2024-07-13_17-21-29-687.jpg\"><img decoding=\"async\" loading=\"lazy\" width=\"855\" height=\"1024\" src=\"https:\/\/ich.md\/wp-content\/uploads\/2024\/07\/viber_image_2024-07-13_17-21-29-687-855x1024.jpg\" alt=\"\" class=\"wp-image-7793\"\/><\/a><\/figure>\n\n\n\n<figure class=\"wp-block-image size-large\"><a href=\"https:\/\/ich.md\/wp-content\/uploads\/2024\/07\/viber_image_2024-07-13_17-21-29-840.jpg\"><img decoding=\"async\" loading=\"lazy\" width=\"873\" height=\"1024\" src=\"https:\/\/ich.md\/wp-content\/uploads\/2024\/07\/viber_image_2024-07-13_17-21-29-840-873x1024.jpg\" alt=\"\" class=\"wp-image-7794\"\/><\/a><\/figure>\n\n\n\n<figure class=\"wp-block-image size-large\"><a href=\"https:\/\/ich.md\/wp-content\/uploads\/2024\/07\/viber_image_2024-07-13_17-21-29-923.jpg\"><img decoding=\"async\" loading=\"lazy\" width=\"1024\" height=\"911\" src=\"https:\/\/ich.md\/wp-content\/uploads\/2024\/07\/viber_image_2024-07-13_17-21-29-923-1024x911.jpg\" alt=\"\" class=\"wp-image-7795\"\/><\/a><\/figure>\n\n\n\n<figure class=\"wp-block-image size-large\"><a href=\"https:\/\/ich.md\/wp-content\/uploads\/2024\/07\/viber_image_2024-07-13_17-21-30-027.jpg\"><img decoding=\"async\" loading=\"lazy\" width=\"1024\" height=\"1024\" src=\"https:\/\/ich.md\/wp-content\/uploads\/2024\/07\/viber_image_2024-07-13_17-21-30-027-1024x1024.jpg\" alt=\"\" class=\"wp-image-7796\"\/><\/a><\/figure>\n","protected":false},"excerpt":{"rendered":"<p>Directorul Institutului Patrimoniului Cultural dr. Ion Ursu \u0219i pre\u0219edintele Asocia\u021biei Ob\u0219te\u0219ti Balkan History Association (Rom\u00e2nia), dr. Mihai Dragnea,&nbsp;au \u00eencheiat Miercuri, 10 iulie 2024, un Acord&nbsp;de<span class=\"read-more-link\"><a class=\"read-more\" href=\"https:\/\/ich.md\/?p=7785\">Read More<\/a><\/span><\/p>\n","protected":false},"author":11,"featured_media":7793,"comment_status":"closed","ping_status":"closed","sticky":false,"template":"","format":"standard","meta":[],"categories":[10],"tags":[],"_links":{"self":[{"href":"https:\/\/ich.md\/index.php?rest_route=\/wp\/v2\/posts\/7785"}],"collection":[{"href":"https:\/\/ich.md\/index.php?rest_route=\/wp\/v2\/posts"}],"about":[{"href":"https:\/\/ich.md\/index.php?rest_route=\/wp\/v2\/types\/post"}],"author":[{"embeddable":true,"href":"https:\/\/ich.md\/index.php?rest_route=\/wp\/v2\/users\/11"}],"replies":[{"embeddable":true,"href":"https:\/\/ich.md\/index.php?rest_route=%2Fwp%2Fv2%2Fcomments&post=7785"}],"version-history":[{"count":2,"href":"https:\/\/ich.md\/index.php?rest_route=\/wp\/v2\/posts\/7785\/revisions"}],"predecessor-version":[{"id":7797,"href":"https:\/\/ich.md\/index.php?rest_route=\/wp\/v2\/posts\/7785\/revisions\/7797"}],"wp:featuredmedia":[{"embeddable":true,"href":"https:\/\/ich.md\/index.php?rest_route=\/wp\/v2\/media\/7793"}],"wp:attachment":[{"href":"https:\/\/ich.md\/index.php?rest_route=%2Fwp%2Fv2%2Fmedia&parent=7785"}],"wp:term":[{"taxonomy":"category","embeddable":true,"href":"https:\/\/ich.md\/index.php?rest_route=%2Fwp%2Fv2%2Fcategories&post=7785"},{"taxonomy":"post_tag","embeddable":true,"href":"https:\/\/ich.md\/index.php?rest_route=%2Fwp%2Fv2%2Ftags&post=7785"}],"curies":[{"name":"wp","href":"https:\/\/api.w.org\/{rel}","templated":true}]}}