{"id":7799,"date":"2024-07-31T17:15:48","date_gmt":"2024-07-31T14:15:48","guid":{"rendered":"https:\/\/ich.md\/?p=7799"},"modified":"2024-07-31T17:17:21","modified_gmt":"2024-07-31T14:17:21","slug":"se-anunta-sustinerea-publica-a-tezei-de-doctor-in-studiul-artelor-si-culturologie-cu-titlul-particularitatile-artistice-ale-mobilierului-taranesc-din-ansamblul-locuintei-traditionale-moldove","status":"publish","type":"post","link":"https:\/\/ich.md\/?p=7799","title":{"rendered":"Se anun\u021b\u0103 sus\u021binerea public\u0103 a tezei de doctor \u00een studiul artelor \u0219i culturologie cu titlul: \u201eParticularit\u0103\u021bile artistice ale mobilierului \u021b\u0103r\u0103nesc din ansamblul locuin\u021bei tradi\u021bionale moldovene\u0219ti (sf\u00e2r\u0219itul secolului al XIX-lea \u2013mijlocul secolului XX)"},"content":{"rendered":"\n<p>Se anun\u021b\u0103 \u0219edin\u0163a Consiliului \u015etiin\u0163ific Specializat <strong>D 651.01\u201324-105<\/strong> din cadrul Institutului Patrimoniului Cultural pentru sus\u0163inerea public\u0103 a tezei de doctor \u00een studiul artelor \u0219i culturologie cu titlul: \u201eParticularit\u0103\u021bile artistice ale mobilierului \u021b\u0103r\u0103nesc din ansamblul locuin\u021bei tradi\u021bionale moldovene\u0219ti (sf\u00e2r\u0219itul secolului al XIX-lea \u2013mijlocul secolului XX)\u201d, la Specialitatea:  651.01 \u2013 <em>Teoria \u0219i istoria artelor plastice<\/em><\/p>\n\n\n\n<p class=\"has-text-align-center\"><strong>Autor:&nbsp;<\/strong>MADAN Elena<\/p>\n\n\n\n<p class=\"has-text-align-center\"><strong>Conduc\u0103tor \u015ftiin\u0163ific:<\/strong><\/p>\n\n\n\n<p class=\"has-text-align-center\">MALCOCI Vitalie, dr. \u00een studiul artelor, conf. univ., Institutul Patrimoniului Cultural<\/p>\n\n\n\n<p><strong>Data sus\u021binerii:&nbsp;<\/strong>13 august 2024, <strong>ora:<\/strong> 10:00<\/p>\n\n\n\n<p><strong>Loca\u021bia:<\/strong> MD \u2013 2001, mun. Chi\u015fin\u0103u, bd. \u015etefan cel Mare \u015fi Sf\u00e2nt, nr. 1, Sala Mic\u0103.<\/p>\n\n\n\n<p><strong>Consiliului \u015etiin\u0163ific Specializat  D 651.01\u201324-105<\/strong> din cadrul Institutului Patrimoniului Cultural, aprobat de&nbsp;Consiliul de Conducere al ANACEC (Decizia nr.2 din 24.05.2024):<\/p>\n\n\n\n<p><strong>Componen\u021ba Consiliului \u0218tiin\u021bific Specializat<\/strong> <strong>D 651.01\u201324-105<\/strong> <strong>de sus\u021binere a tezei de doctor:<\/strong><\/p>\n\n\n\n<p><strong>CONDRATICOVA Liliana, <\/strong>doctor habilitat \u00een studiul artelor \u0219i culturologie, conferen\u021biar cercet\u0103tor, Academia de \u0218tiin\u021be a Moldovei <strong><em>\u2013<\/em><\/strong> <strong><em>pre\u0219edinte<\/em><\/strong><\/p>\n\n\n\n<p><strong>GR\u0102DINARU Natalia<\/strong>, doctor \u00een istorie, Institutul Patrimoniului Cultural <strong><em>\u2013 secretar \u0219tiin\u021bific<\/em><\/strong><\/p>\n\n\n\n<p><strong>\u0218LAPAC Mariana<\/strong><strong>,<\/strong> membru corespondent al Academiei de \u0218tiin\u021be a Moldovei, doctor habilitat \u00een studiul artelor, conferen\u021biar cercet\u0103tor, Institutul Patrimoniului Cultural<\/p>\n\n\n\n<p><strong>MUNTEANU Angela,<\/strong> doctor \u00een studiul artelor \u0219i culturologie, conferen\u021biar universitar, Universitatea Tehnic\u0103 a Moldovei&nbsp;&nbsp;&nbsp;&nbsp;&nbsp;&nbsp;&nbsp;&nbsp;&nbsp;&nbsp;&nbsp;&nbsp;&nbsp;&nbsp;&nbsp;&nbsp;&nbsp;&nbsp;&nbsp;&nbsp;&nbsp;&nbsp;&nbsp;&nbsp;&nbsp;&nbsp;&nbsp;&nbsp;&nbsp;&nbsp;&nbsp;&nbsp;&nbsp;&nbsp;&nbsp;&nbsp;&nbsp;&nbsp;&nbsp;&nbsp;&nbsp;&nbsp;&nbsp;&nbsp;&nbsp;&nbsp;&nbsp;&nbsp;&nbsp;&nbsp;&nbsp;&nbsp;&nbsp;&nbsp;&nbsp;&nbsp;&nbsp;&nbsp;&nbsp;&nbsp;&nbsp;&nbsp;&nbsp;&nbsp;&nbsp;&nbsp;&nbsp;&nbsp;&nbsp;&nbsp;&nbsp;&nbsp;&nbsp;&nbsp;&nbsp;&nbsp;&nbsp;&nbsp;&nbsp;&nbsp;&nbsp;&nbsp;&nbsp;&nbsp;&nbsp;&nbsp;&nbsp;&nbsp;&nbsp;&nbsp;&nbsp;&nbsp;&nbsp;&nbsp;&nbsp;&nbsp;&nbsp;&nbsp;<\/p>\n\n\n\n<p><strong>PLATON Liliana<\/strong>, doctor \u00een studiul artelor \u0219i culturologie, Universitatea Tehnic\u0103 a Moldovei<\/p>\n\n\n\n<p><strong>Referen\u021bi oficiali:<\/strong><\/p>\n\n\n\n<p><strong>ROCACIUC Victoria, <\/strong>doctor habilitat \u00een arte, conferen\u021biar cercet\u0103tor, Institutul Patrimoniului Cultural<\/p>\n\n\n\n<p><strong>BUZIL\u0102 Varvara<\/strong><strong>, <\/strong>doctor \u00een filologie, conferen\u021biar universitar, Muzeul Na\u021bional de Etnografie \u0219i Istorie Natural\u0103<\/p>\n\n\n\n<p>Teza de doctor \u015fi rezumatul tezei pot fi consultate la Biblioteca Na\u0163ional\u0103 a Republicii Moldova \u015fi pe pagina web a ANACEC (<a href=\"http:\/\/www.anacec.md\">www.anacec.md<\/a>)\/<\/p>\n\n\n\n<p>Transmisiunea online a \u0219edin\u021bei Consiliului \u015etiin\u0163ific Specializat <strong>D 651.01\u201324-105<\/strong> de sus\u021binere a tezei de doctor va putea fi urm\u0103rit\u0103 acces\u00e2nd link-ul:&nbsp;<a rel=\"noreferrer noopener\" href=\"https:\/\/www.youtube.com\/watch?v=83wUsHvV6f0\" target=\"_blank\">https:\/\/www.youtube.com\/watch?v=83wUsHvV6f0<\/a><\/p>\n\n\n\n<figure class=\"wp-block-image size-full\"><a href=\"http:\/\/ich.md\/wp-content\/uploads\/2024\/07\/palarie-doctor.jpeg\"><img decoding=\"async\" loading=\"lazy\" width=\"720\" height=\"300\" src=\"http:\/\/ich.md\/wp-content\/uploads\/2024\/07\/palarie-doctor.jpeg\" alt=\"\" class=\"wp-image-7800\"\/><\/a><\/figure>\n\n\n\n<p><\/p>\n","protected":false},"excerpt":{"rendered":"<p>Se anun\u021b\u0103 \u0219edin\u0163a Consiliului \u015etiin\u0163ific Specializat D 651.01\u201324-105 din cadrul Institutului Patrimoniului Cultural pentru sus\u0163inerea public\u0103 a tezei de doctor \u00een studiul artelor \u0219i culturologie<span class=\"read-more-link\"><a class=\"read-more\" href=\"https:\/\/ich.md\/?p=7799\">Read More<\/a><\/span><\/p>\n","protected":false},"author":11,"featured_media":7800,"comment_status":"closed","ping_status":"closed","sticky":false,"template":"","format":"standard","meta":[],"categories":[10],"tags":[],"_links":{"self":[{"href":"https:\/\/ich.md\/index.php?rest_route=\/wp\/v2\/posts\/7799"}],"collection":[{"href":"https:\/\/ich.md\/index.php?rest_route=\/wp\/v2\/posts"}],"about":[{"href":"https:\/\/ich.md\/index.php?rest_route=\/wp\/v2\/types\/post"}],"author":[{"embeddable":true,"href":"https:\/\/ich.md\/index.php?rest_route=\/wp\/v2\/users\/11"}],"replies":[{"embeddable":true,"href":"https:\/\/ich.md\/index.php?rest_route=%2Fwp%2Fv2%2Fcomments&post=7799"}],"version-history":[{"count":2,"href":"https:\/\/ich.md\/index.php?rest_route=\/wp\/v2\/posts\/7799\/revisions"}],"predecessor-version":[{"id":7802,"href":"https:\/\/ich.md\/index.php?rest_route=\/wp\/v2\/posts\/7799\/revisions\/7802"}],"wp:featuredmedia":[{"embeddable":true,"href":"https:\/\/ich.md\/index.php?rest_route=\/wp\/v2\/media\/7800"}],"wp:attachment":[{"href":"https:\/\/ich.md\/index.php?rest_route=%2Fwp%2Fv2%2Fmedia&parent=7799"}],"wp:term":[{"taxonomy":"category","embeddable":true,"href":"https:\/\/ich.md\/index.php?rest_route=%2Fwp%2Fv2%2Fcategories&post=7799"},{"taxonomy":"post_tag","embeddable":true,"href":"https:\/\/ich.md\/index.php?rest_route=%2Fwp%2Fv2%2Ftags&post=7799"}],"curies":[{"name":"wp","href":"https:\/\/api.w.org\/{rel}","templated":true}]}}