{"id":7803,"date":"2024-08-01T09:54:01","date_gmt":"2024-08-01T06:54:01","guid":{"rendered":"https:\/\/ich.md\/?p=7803"},"modified":"2024-08-12T15:58:07","modified_gmt":"2024-08-12T12:58:07","slug":"conferinta-stiintifica-internationala-patrimoniul-cultural-cercetare-valorificare-promovare-editia-a-xvi-a-26-27-septembrie-2024","status":"publish","type":"post","link":"https:\/\/ich.md\/?p=7803","title":{"rendered":"Conferin\u021ba \u0218tiin\u021bific\u0103 Interna\u021bional\u0103 PATRIMONIUL CULTURAL: CERCETARE, VALORIFICARE, PROMOVARE. Edi\u021bia a XVI-a. 26\u201327 septembrie 2024"},"content":{"rendered":"\n<p class=\"has-text-align-center\"><strong>INSTITUTUL PATRIMONIULUI CULTURAL<\/strong><\/p>\n\n\n\n<p class=\"has-text-align-center\"><strong>anun\u021b\u0103 organizarea<\/strong><\/p>\n\n\n\n<p class=\"has-text-align-center\"><a><strong>Conferin\u021bei \u0218tiin\u021bifice Interna\u021bionale<\/strong><\/a><\/p>\n\n\n\n<p class=\"has-text-align-center\"><strong><em>PATRIMONIUL CULTURAL: CERCETARE, VALORIFICARE, PROMOVARE<\/em><\/strong><strong><\/strong><\/p>\n\n\n\n<p class=\"has-text-align-center\"><strong>Edi\u021bia a XVI-a<\/strong><\/p>\n\n\n\n<p><strong>Conferin\u021ba se va desf\u0103\u0219ura la Chi\u0219in\u0103u, Republica Moldova,<\/strong><\/p>\n\n\n\n<p><a><strong>\u00een zilele de 26-27 septembrie 2024<\/strong><\/a><strong><\/strong><\/p>\n\n\n\n<p><strong><em>Comunic\u0103rile vor aborda subiecte referitoare la ariile tematice ale conferin\u021bei:<\/em><\/strong><\/p>\n\n\n\n<p><strong>1. Cercetarea \u0219i valorificarea culturii tradi\u021bionale rom\u00e2ne\u0219ti (<\/strong><a href=\"mailto:sectiactr2024@gmail.com\">sectiactr2024@gmail.com<\/a><strong>)<\/strong><\/p>\n\n\n\n<p><strong>2. Cercetarea \u0219i valorificarea&nbsp;culturii tradi\u021bionale a minorit\u0103\u021bilor etnice<\/strong><\/p>\n\n\n\n<p><strong>(<\/strong><a href=\"mailto:cultura.minoritati.etnice@gmail.com\">cultura.minoritati.etnice@gmail.com<\/a><strong>)<\/strong><\/p>\n\n\n\n<p><strong>3. Cercetarea \u0219i valorificarea patrimoniului cultural construit<\/strong><\/p>\n\n\n\n<p><a href=\"mailto:(vitaliemalcoci@gmail.com\"><strong>(<\/strong>vitaliemalcoci@gmail.com<\/a><strong>)<\/strong><\/p>\n\n\n\n<p><strong>4.Cercetarea, valorificarea \u0219i promovarea patrimoniului arheologic<\/strong><\/p>\n\n\n\n<p>(<a href=\"mailto:arheologie.ipc@gmail.com\">ipcarheologie@gmai.com<\/a><strong>) <\/strong><\/p>\n\n\n\n<p><strong>5. Identitate, memorie \u0219i comunicare artistic\u0103 \u00een procesul de globalizare cultural\u0103 (<\/strong><a href=\"mailto:patrimoniuartistic@gmail.com\">patrimoniuartistic@gmail.com<\/a><strong>)<\/strong><\/p>\n\n\n\n<p>Persoanele interesate s\u0103 participe la conferin\u021b\u0103 vor completa&nbsp;<strong>formularul de \u00eenregistrare<\/strong>&nbsp;\u0219i \u00eempreun\u0103 cu <strong>rezumatul<\/strong> comunic\u0103rii \u00eel vor expedia p\u00e2n\u0103 la<strong>&nbsp;01 septembrie 2024 <\/strong>la adresele electronice indicate, \u00een conformitate cu aria tematic\u0103 aleas\u0103.<\/p>\n\n\n\n<p>Rezumatele prezentate nu vor dep\u0103\u0219i volumul de&nbsp;<strong>1800-2000<\/strong>&nbsp;de semne cu spa\u021bii.<\/p>\n\n\n\n<p>Fiecare participant se poate \u00eenscrie cu o singur\u0103 comunicare, iar fiecare comunicare poate avea cel mult doi autori.<\/p>\n\n\n\n<p><strong>Formularul de participare va con\u021bine (vezi \u00een anexe):<\/strong><\/p>\n\n\n\n<figure class=\"wp-block-table\"><table><tbody><tr><td><em>Prenume Nume, titlul \u0219tiin\u021bific \/ Name Surname, scientific degree<\/em> <em>Titlul comunic\u0103rii \/ Title of the report<\/em> <em>Institu\u021bia, localitatea, \u021bara \/ Institution, city, country<\/em> <em>Aria tematic\u0103 pentru care opta\u021bi \/ The thematic area you opt for<\/em> <em>Date de contact \/ Contacts<\/em> &nbsp;&nbsp;&nbsp;&nbsp;&nbsp;&nbsp;&nbsp;&nbsp;&nbsp; <br><\/td><\/tr><\/tbody><\/table><figcaption class=\"wp-element-caption\"><br><strong>&nbsp;<\/strong><br><strong>Rezumatul comunic\u0103rii urmeaz\u0103 s\u0103 fie alc\u0103tuit dup\u0103 urm\u0103toarele criterii:<\/strong> Tezele comunic\u0103rii (1800-2000 de semne cu spa\u021bii) \u0219i 5 cuvinte cheie \/ Theses of the report (1800-2000 characters with spaces) and 5 key words.<\/figcaption><\/figure>\n\n\n\n<p><\/p>\n\n\n\n<p>Manifestarea \u0219tiin\u021bific\u0103 face parte din ac\u021biunile planificate \u00een cadrul&nbsp;programului de cercetare 170101: <em>Cercetarea \u0219i valorificarea patrimoniului cultural construit, etnografic, arheologic \u0219i artistic din Republica Moldova \u00een contextul integr\u0103rii europene<\/em>.<\/p>\n\n\n\n<p>Lucr\u0103rile conferin\u021bei se vor desf\u0103\u0219ura la Institutul Patrimoniului Cultural (mun. Chi\u0219in\u0103u, bd. \u0218tefan cel Mare \u015fi Sf\u00e2nt, 1). Forma desf\u0103\u0219ur\u0103rii conferin\u021bei:&nbsp;<strong>mixt\u0103 (direct\u0103 \u0219i online)<\/strong>.<\/p>\n\n\n\n<p>Limbile de lucru ale conferin\u021bei sunt&nbsp;<strong>rom\u00e2na, engleza, ucrainean\u0103 <\/strong>\u0219i<strong> rusa<em>.<\/em><\/strong><\/p>\n\n\n\n<p>Cheltuielile de cazare \u015fi transport vor fi acoperite de participan\u021bii la conferin\u021b\u0103.<\/p>\n\n\n\n<p>Organizatorii vor publica programul conferin\u021bei \u0219i rezumatele comunic\u0103rilor, care vor fi distribuite participan\u021bilor \u00een ziua evenimentului. Termenul de recep\u021bionare a formularelor \u0219i a rezumatelor comunic\u0103rilor pentru volumul cu materialele Conferin\u021bei este&nbsp;<strong>01 septembrie 2024.<\/strong><\/p>\n\n\n\n<p>Comitetul \u0219tiin\u021bific \u00ee\u0219i asum\u0103 responsabilitatea select\u0103rii propunerilor recep\u021bionate pentru participare \u0219i a rezumatelor pentru publicare.<\/p>\n\n\n\n<p>Informa\u021bii suplimentare pot fi solicitate comitetului de organizare la adresele: <a href=\"mailto:sectiactr2024@gmail.com\">sectiactr2024@gmail.com<\/a><\/p>\n\n\n\n<p><a href=\"mailto:cultura.minoritati.etnice@gmail.com\">cultura.minoritati.etnice@gmail.com<\/a><\/p>\n\n\n\n<p><a href=\"mailto:vitaliemalcoci@gmail.com\">vitaliemalcoci@gmail.com<\/a><\/p>\n\n\n\n<p><a href=\"mailto:arheologie.ipc@gmail.com\">ipcarheologie@gmail.com<\/a><\/p>\n\n\n\n<p><a href=\"mailto:patrimoniuartistic@gmail.com\">patrimoniuartistic@gmail.com<\/a><\/p>\n\n\n\n<p>Pentru nout\u0103\u021bi \u0219i informa\u021bii adi\u021bionale accesa\u021bi&nbsp;pagina web a Institutului Patrimoniului Cultural <a href=\"https:\/\/ich.md\/\">https:\/\/ich.md\/<\/a><\/p>\n\n\n\n<p><strong>Comitetul de organizare<\/strong><\/p>\n\n\n\n<div class=\"wp-block-file\"><object class=\"wp-block-file__embed\" data=\"https:\/\/ich.md\/wp-content\/uploads\/2024\/08\/Invitatie-Conferinta-IPC-26-27.09.2024-1.pdf\" type=\"application\/pdf\" style=\"width:100%;height:600px\" aria-label=\"\u00cenglobare pentru Invitatie-Conferinta-IPC-26-27.09.2024-1.\"><\/object><a id=\"wp-block-file--media-e7c56546-eca7-4da1-bc5d-e070cd7ed984\" href=\"https:\/\/ich.md\/wp-content\/uploads\/2024\/08\/Invitatie-Conferinta-IPC-26-27.09.2024-1.pdf\">Invitatie-Conferinta-IPC-26-27.09.2024-1<\/a><a href=\"https:\/\/ich.md\/wp-content\/uploads\/2024\/08\/Invitatie-Conferinta-IPC-26-27.09.2024-1.pdf\" class=\"wp-block-file__button wp-element-button\" download aria-describedby=\"wp-block-file--media-e7c56546-eca7-4da1-bc5d-e070cd7ed984\">Descarc\u0103<\/a><\/div>\n\n\n\n<div class=\"wp-block-file\"><object class=\"wp-block-file__embed\" data=\"https:\/\/ich.md\/wp-content\/uploads\/2024\/08\/Invitation-Conference-ICH-26-27-Sept.-2024-1.pdf\" type=\"application\/pdf\" style=\"width:100%;height:600px\" aria-label=\"\u00cenglobare pentru Invitation-Conference-ICH-26-27-Sept.-2024-1.\"><\/object><a id=\"wp-block-file--media-a70af31d-c964-4217-9b8d-d00ab58faf6a\" href=\"https:\/\/ich.md\/wp-content\/uploads\/2024\/08\/Invitation-Conference-ICH-26-27-Sept.-2024-1.pdf\">Invitation-Conference-ICH-26-27-Sept.-2024-1<\/a><a href=\"https:\/\/ich.md\/wp-content\/uploads\/2024\/08\/Invitation-Conference-ICH-26-27-Sept.-2024-1.pdf\" class=\"wp-block-file__button wp-element-button\" download aria-describedby=\"wp-block-file--media-a70af31d-c964-4217-9b8d-d00ab58faf6a\">Descarc\u0103<\/a><\/div>\n\n\n\n<div class=\"wp-block-file\"><a id=\"wp-block-file--media-3f252d53-e2f4-4c33-894b-70687c6b60d0\" href=\"https:\/\/ich.md\/wp-content\/uploads\/2024\/08\/Formularul-de-participare-Conferinta-IPC-26-27-sept.-2024-red-ID-23.07.2024-1.docx\">Formularul-de-participare-Conferinta-IPC-26-27-sept.-2024-red-ID-23.07.2024-1<\/a><a href=\"https:\/\/ich.md\/wp-content\/uploads\/2024\/08\/Formularul-de-participare-Conferinta-IPC-26-27-sept.-2024-red-ID-23.07.2024-1.docx\" class=\"wp-block-file__button wp-element-button\" download aria-describedby=\"wp-block-file--media-3f252d53-e2f4-4c33-894b-70687c6b60d0\">Descarc\u0103<\/a><\/div>\n","protected":false},"excerpt":{"rendered":"<p>INSTITUTUL PATRIMONIULUI CULTURAL anun\u021b\u0103 organizarea Conferin\u021bei \u0218tiin\u021bifice Interna\u021bionale PATRIMONIUL CULTURAL: CERCETARE, VALORIFICARE, PROMOVARE Edi\u021bia a XVI-a Conferin\u021ba se va desf\u0103\u0219ura la Chi\u0219in\u0103u, Republica Moldova, \u00een<span class=\"read-more-link\"><a class=\"read-more\" href=\"https:\/\/ich.md\/?p=7803\">Read More<\/a><\/span><\/p>\n","protected":false},"author":11,"featured_media":3948,"comment_status":"closed","ping_status":"closed","sticky":false,"template":"","format":"standard","meta":[],"categories":[10],"tags":[],"_links":{"self":[{"href":"https:\/\/ich.md\/index.php?rest_route=\/wp\/v2\/posts\/7803"}],"collection":[{"href":"https:\/\/ich.md\/index.php?rest_route=\/wp\/v2\/posts"}],"about":[{"href":"https:\/\/ich.md\/index.php?rest_route=\/wp\/v2\/types\/post"}],"author":[{"embeddable":true,"href":"https:\/\/ich.md\/index.php?rest_route=\/wp\/v2\/users\/11"}],"replies":[{"embeddable":true,"href":"https:\/\/ich.md\/index.php?rest_route=%2Fwp%2Fv2%2Fcomments&post=7803"}],"version-history":[{"count":2,"href":"https:\/\/ich.md\/index.php?rest_route=\/wp\/v2\/posts\/7803\/revisions"}],"predecessor-version":[{"id":7809,"href":"https:\/\/ich.md\/index.php?rest_route=\/wp\/v2\/posts\/7803\/revisions\/7809"}],"wp:featuredmedia":[{"embeddable":true,"href":"https:\/\/ich.md\/index.php?rest_route=\/wp\/v2\/media\/3948"}],"wp:attachment":[{"href":"https:\/\/ich.md\/index.php?rest_route=%2Fwp%2Fv2%2Fmedia&parent=7803"}],"wp:term":[{"taxonomy":"category","embeddable":true,"href":"https:\/\/ich.md\/index.php?rest_route=%2Fwp%2Fv2%2Fcategories&post=7803"},{"taxonomy":"post_tag","embeddable":true,"href":"https:\/\/ich.md\/index.php?rest_route=%2Fwp%2Fv2%2Ftags&post=7803"}],"curies":[{"name":"wp","href":"https:\/\/api.w.org\/{rel}","templated":true}]}}