{"id":7811,"date":"2024-08-15T07:17:04","date_gmt":"2024-08-15T04:17:04","guid":{"rendered":"https:\/\/ich.md\/?p=7811"},"modified":"2024-08-15T09:57:21","modified_gmt":"2024-08-15T06:57:21","slug":"cercetare-in-tighina-si-tiraspol-proiect-finantat-de-uniunea-europeana-prin-programul-de-masuri-de-promovare-a-increderii-eu-cbm-vi","status":"publish","type":"post","link":"https:\/\/ich.md\/?p=7811","title":{"rendered":"Cercetare \u00een Tighina \u0219i Tiraspol: Proiect finan\u021bat de Uniunea European\u0103 prin Programul de M\u0103suri de Promovare a \u00cencrederii (EU-CBM VI)"},"content":{"rendered":"\n<p>La 10 august 2024, dup\u0103 vizitele de cercetare din ora\u0219ele Tighina \u0219i Tiraspol \u00een cadrul ariei tematice \u201ePatrimoniu cultural material\u201d, coordonate de PLATFORMA CULTURA \u0219i sprijinite financiar de Programul de M\u0103suri de Promovare a \u00cencrederii (EU-CBM VI) al Uniunii Europene, implementat de PNUD Moldova, a avut loc o mas\u0103 rotund\u0103 cu tema \u201eMo\u0219tenirea perioadei sovietice pe cele dou\u0103 maluri ale Nistrului\u201d. \u00cen cadrul discu\u021biilor, participan\u021bii au subliniat necesitatea valorific\u0103rii \u0219i protej\u0103rii acestui patrimoniu.<\/p>\n\n\n\n<p>Institutul Patrimoniului Cultural a fost reprezentat de dr. \u00een arhitectur\u0103 Aurelia Trifan, cercet\u0103tor \u0219tiin\u021bific superior \u00een Sec\u021bia<em> Patrimoniu construit<\/em>, care a eviden\u021biat \u00een comunicarea sa orient\u0103rile stilistice ce au marcat arhitectura edificiilor din ora\u0219ele vizitate. A fost subliniat\u0103 at\u00e2t arhitectura constructivist\u0103, exemplificat\u0103 prin Teatrul Dramatic \u201eM. Gorki\u201d (arh. G. Gotghelf), c\u00e2t \u0219i arhitectura realist-socialist\u0103, cunoscut\u0103 sub denumirea de \u201eEmpire-ul stalinist\u201d, \u0219i modernist-socialist\u0103, \u00eentemeiat\u0103 pe elemente prefabricate. S-a accentuat schimbarea de viziune actual\u0103 asupra obiectivelor arhitecturale din perioada sovietic\u0103, care necesit\u0103 o evaluare ra\u021bional\u0103 \u0219i \u00eenregistrare pentru a fi protejate. Ca exemplu de ini\u021biere a procesului de protec\u021bie a arhitecturii din acea perioad\u0103, au fost men\u021bionate edificiile Maternit\u0103\u021bii nr. 2, fostul sediu al Ministerului Industriei Alimentare, blocul principal al Academiei de \u0218tiin\u021be a Moldovei, \u0219i Circul de Stat din Chi\u0219in\u0103u, toate introduse recent \u00een Registrul monumentelor Republicii Moldova ocrotite de stat.<\/p>\n\n\n\n<figure class=\"wp-block-image size-large\"><a href=\"https:\/\/ich.md\/wp-content\/uploads\/2024\/08\/1.jpg\"><img decoding=\"async\" loading=\"lazy\" width=\"1024\" height=\"768\" src=\"https:\/\/ich.md\/wp-content\/uploads\/2024\/08\/1-1024x768.jpg\" alt=\"\" class=\"wp-image-7812\"\/><\/a><\/figure>\n\n\n\n<figure class=\"wp-block-image size-large\"><a href=\"https:\/\/ich.md\/wp-content\/uploads\/2024\/08\/2.jpg\"><img decoding=\"async\" loading=\"lazy\" width=\"1024\" height=\"683\" src=\"https:\/\/ich.md\/wp-content\/uploads\/2024\/08\/2-1024x683.jpg\" alt=\"\" class=\"wp-image-7813\"\/><\/a><\/figure>\n\n\n\n<figure class=\"wp-block-image size-large\"><a href=\"https:\/\/ich.md\/wp-content\/uploads\/2024\/08\/3.jpg\"><img decoding=\"async\" loading=\"lazy\" width=\"1024\" height=\"768\" src=\"https:\/\/ich.md\/wp-content\/uploads\/2024\/08\/3-1024x768.jpg\" alt=\"\" class=\"wp-image-7814\"\/><\/a><\/figure>\n\n\n\n<figure class=\"wp-block-image size-large\"><a href=\"https:\/\/ich.md\/wp-content\/uploads\/2024\/08\/4.jpg\"><img decoding=\"async\" loading=\"lazy\" width=\"1024\" height=\"768\" src=\"https:\/\/ich.md\/wp-content\/uploads\/2024\/08\/4-1024x768.jpg\" alt=\"\" class=\"wp-image-7815\"\/><\/a><\/figure>\n\n\n\n<figure class=\"wp-block-image size-large\"><a href=\"https:\/\/ich.md\/wp-content\/uploads\/2024\/08\/6.jpg\"><img decoding=\"async\" loading=\"lazy\" width=\"1024\" height=\"768\" src=\"https:\/\/ich.md\/wp-content\/uploads\/2024\/08\/6-1024x768.jpg\" alt=\"\" class=\"wp-image-7817\"\/><\/a><\/figure>\n\n\n\n<figure class=\"wp-block-image size-large\"><a href=\"https:\/\/ich.md\/wp-content\/uploads\/2024\/08\/7.jpg\"><img decoding=\"async\" loading=\"lazy\" width=\"1024\" height=\"768\" src=\"https:\/\/ich.md\/wp-content\/uploads\/2024\/08\/7-1024x768.jpg\" alt=\"\" class=\"wp-image-7818\"\/><\/a><\/figure>\n","protected":false},"excerpt":{"rendered":"<p>La 10 august 2024, dup\u0103 vizitele de cercetare din ora\u0219ele Tighina \u0219i Tiraspol \u00een cadrul ariei tematice \u201ePatrimoniu cultural material\u201d, coordonate de PLATFORMA CULTURA \u0219i<span class=\"read-more-link\"><a class=\"read-more\" href=\"https:\/\/ich.md\/?p=7811\">Read More<\/a><\/span><\/p>\n","protected":false},"author":11,"featured_media":7812,"comment_status":"closed","ping_status":"closed","sticky":false,"template":"","format":"standard","meta":[],"categories":[10],"tags":[],"_links":{"self":[{"href":"https:\/\/ich.md\/index.php?rest_route=\/wp\/v2\/posts\/7811"}],"collection":[{"href":"https:\/\/ich.md\/index.php?rest_route=\/wp\/v2\/posts"}],"about":[{"href":"https:\/\/ich.md\/index.php?rest_route=\/wp\/v2\/types\/post"}],"author":[{"embeddable":true,"href":"https:\/\/ich.md\/index.php?rest_route=\/wp\/v2\/users\/11"}],"replies":[{"embeddable":true,"href":"https:\/\/ich.md\/index.php?rest_route=%2Fwp%2Fv2%2Fcomments&post=7811"}],"version-history":[{"count":2,"href":"https:\/\/ich.md\/index.php?rest_route=\/wp\/v2\/posts\/7811\/revisions"}],"predecessor-version":[{"id":7820,"href":"https:\/\/ich.md\/index.php?rest_route=\/wp\/v2\/posts\/7811\/revisions\/7820"}],"wp:featuredmedia":[{"embeddable":true,"href":"https:\/\/ich.md\/index.php?rest_route=\/wp\/v2\/media\/7812"}],"wp:attachment":[{"href":"https:\/\/ich.md\/index.php?rest_route=%2Fwp%2Fv2%2Fmedia&parent=7811"}],"wp:term":[{"taxonomy":"category","embeddable":true,"href":"https:\/\/ich.md\/index.php?rest_route=%2Fwp%2Fv2%2Fcategories&post=7811"},{"taxonomy":"post_tag","embeddable":true,"href":"https:\/\/ich.md\/index.php?rest_route=%2Fwp%2Fv2%2Ftags&post=7811"}],"curies":[{"name":"wp","href":"https:\/\/api.w.org\/{rel}","templated":true}]}}