{"id":7854,"date":"2024-10-01T10:05:40","date_gmt":"2024-10-01T07:05:40","guid":{"rendered":"https:\/\/ich.md\/?p=7854"},"modified":"2024-10-08T13:59:36","modified_gmt":"2024-10-08T10:59:36","slug":"7854","status":"publish","type":"post","link":"https:\/\/ich.md\/?p=7854","title":{"rendered":"Unitate prin patrimoniu: perspective interna\u021bionale asupra cercet\u0103rii \u0219i promov\u0103rii mo\u0219tenirii culturale la a XVI-a edi\u021bie a Conferin\u021bei \u0218tiin\u021bifice Interna\u021bionale \u201ePatrimoniul Cultural: cercetare, valorificare, promovare\u201d"},"content":{"rendered":"\n<p>\u00cen perioada 26-27 septembrie 2024, Institutul Patrimoniului Cultural a organizat cea de-a XVI-a edi\u021bie a Conferin\u021bei \u0218tiin\u021bifice Interna\u021bionale \u201ePatrimoniul Cultural: cercetare, valorificare, promovare\u201d, dedicat\u0103 Zilelor Patrimoniului European. Evenimentul s-a desf\u0103\u0219urat \u00een parteneriat cu Ministerul Culturii al Republicii Moldova, Academia de \u0218tiin\u021be a Moldovei, Universitatea Pedagogic\u0103 de Stat \u201eIon Creang\u0103\u201d din Chi\u0219in\u0103u, Universitatea Na\u021bional\u0103 de Arte \u201eGeorge Enescu\u201d din Ia\u0219i (Rom\u00e2nia), Institutul de Studii al Artelor, Folcloristic\u0103 \u0219i Etnologie \u201eM. Rylskyi\u201d al Academiei Na\u021bionale de \u0218tiin\u021be din Ucraina, Institutul de Etnografie \u0219i Folclor \u201eConstantin Br\u0103iloiu\u201d al Academiei Rom\u00e2ne, Universitatea Tehnic\u0103 din Cluj-Napoca \u0219i Centrul Universitar Nord din Baia Mare, Facultatea de Litere (Rom\u00e2nia).<\/p>\n\n\n\n<p>Conferin\u021ba a f\u0103cut parte din ac\u021biunile Programului de cercetare 170101: <strong>Cercetarea \u0219i valorificarea patrimoniului cultural construit, etnografic, arheologic \u0219i artistic din Republica Moldova \u00een contextul integr\u0103rii europene (2024\u20132027)<\/strong>, av\u00e2nd ca scop promovarea cercet\u0103rilor recente din domeniul patrimoniului cultural.<\/p>\n\n\n\n<p><strong>Ariile tematice ale conferin\u021bei<\/strong> au inclus:<\/p>\n\n\n\n<ul>\n<li>Cercetarea \u0219i valorificarea culturii tradi\u021bionale rom\u00e2ne\u0219ti;<\/li>\n\n\n\n<li>Cercetarea \u0219i valorificarea culturii tradi\u021bionale a minorit\u0103\u021bilor etnice;<\/li>\n\n\n\n<li>Cercetarea \u0219i valorificarea patrimoniului cultural construit;<\/li>\n\n\n\n<li>Cercetarea, valorificarea \u0219i promovarea patrimoniului arheologic;<\/li>\n\n\n\n<li>Identitate, memorie \u0219i comunicare artistic\u0103 \u00een contextul globaliz\u0103rii culturale.<\/li>\n<\/ul>\n\n\n\n<p>Evenimentul a debutat cu un <strong>Cuv\u00e2nt de deschidere<\/strong> sus\u021binut de Dr. Ion URSU, Director al Institutului Patrimoniului Cultural din Chi\u0219in\u0103u, urmat de <strong>Mesaje de salut<\/strong> din partea:<\/p>\n\n\n\n<ul>\n<li>Dr. hab. Liliana CONDRATICOVA, Secretar \u0219tiin\u021bific general al Academiei de \u0218tiin\u021be a Moldovei;<\/li>\n\n\n\n<li>Dr. Valentina URSU, Director al \u0218colii Doctorale, Universitatea Pedagogic\u0103 de Stat \u201eIon Creang\u0103\u201d;<\/li>\n\n\n\n<li>Dr. hab. Anca Doina CIOBOTARU, Universitatea Na\u021bional\u0103 de Arte \u201eGeorge Enescu\u201d din Ia\u0219i.<\/li>\n<\/ul>\n\n\n\n<p>Moderatorii \u0219edin\u021bei plenare, dr. hab. Sergiu MUSTEA\u021a\u0102 \u0219i dr. Natalia GR\u0102DINARU, au \u021binut s\u0103 sublinieze importan\u021ba colabor\u0103rii interna\u021bionale \u00een cercetarea \u0219i promovarea patrimoniului cultural, eviden\u021biind necesitatea de a valorifica \u0219i proteja mo\u0219tenirea cultural\u0103 \u00een contextul provoc\u0103rilor actuale ale globaliz\u0103rii \u0219i integr\u0103rii europene.<\/p>\n\n\n\n<p>\u00cen cadrul sesiunii plenare, s-au prezentat comunic\u0103ri remarcabile, printre care:<\/p>\n\n\n\n<ul>\n<li><strong>Dr. hab. Sergiu MUSTEA\u021a\u0102<\/strong>, cu tema <em>Recent Archaeological Surveys in Chisinau \u2013 An Example of Urban Archaeology<\/em>. Comunicarea a prezentat rezultatele recente ale cercet\u0103rilor arheologice desf\u0103\u0219urate \u00een Chi\u0219in\u0103u, concentr\u00e2ndu-se pe descoperirile f\u0103cute \u00een mediul urban, \u00een special \u00een zonele vechi ale ora\u0219ului. Studiul a subliniat modul \u00een care dezvolt\u0103rile moderne interac\u021bioneaz\u0103 cu siturile istorice \u0219i cum aceste cercet\u0103ri contribuie la \u00een\u021belegerea evolu\u021biei ora\u0219ului. Comunicarea a eviden\u021biat nevoia de integrare a descoperirilor arheologice \u00een planurile de dezvoltare urban\u0103. Aceasta deschide noi perspective \u00een cercetarea istoriei urbane \u0219i contribuie la protejarea patrimoniului cultural \u00een fa\u021ba moderniz\u0103rii.<\/li>\n\n\n\n<li><strong>Dr. Alla CHASTINA<\/strong>, cu tema <em>History of the town Orhei in the XIX\u2013the first third of the XX centuries in archival documents. Preliminary research<\/em>. Prezentarea a explorat istoria ora\u0219ului Orhei \u00een perioada cuprins\u0103 \u00eentre secolul al XIX-lea \u0219i prima treime a secolului XX, pe baza documentelor de arhiv\u0103. Lucrarea a oferit o perspectiv\u0103 nou\u0103 asupra dezvolt\u0103rii economice, sociale \u0219i culturale a ora\u0219ului \u00een aceast\u0103 perioad\u0103, sco\u021b\u00e2nd \u00een eviden\u021b\u0103 evenimente \u0219i figuri locale importante.<\/li>\n\n\n\n<li><strong>Dr. Ion TI\u021aA-NICOLESCU<\/strong>, cu tema <em>Etnologia teologic\u0103 \u2013 mijloc de investigare a culturii tradi\u021bionale<\/em>. \u00cen comunicare, autorul a analizat modul \u00een care practicile religioase \u0219i credin\u021bele influen\u021beaz\u0103 via\u021ba cotidian\u0103 \u0219i obiceiurile tradi\u021bionale ale comunit\u0103\u021bilor rurale, eviden\u021biind impactul profund al spiritualit\u0103\u021bii asupra structurii sociale \u0219i culturale locale. Acest tip de cercetare este esen\u021bial pentru \u00een\u021belegerea modului \u00een care credin\u021bele religioase modeleaz\u0103 structura cultural\u0103 a comunit\u0103\u021bilor tradi\u021bionale.<\/li>\n\n\n\n<li><strong>Dr. Natalia LAZAR<\/strong>, cu tema <em>Dinamica obiceiurilor. Despre nevoia de recuperare a identit\u0103\u021bii culturale \u00een \u021aara Oa\u0219ului<\/em>. Prezentarea a analizat dinamica obiceiurilor tradi\u021bionale din \u021aara Oa\u0219ului, subliniind schimb\u0103rile survenite \u00een cadrul comunit\u0103\u021bii \u00een contextul moderniz\u0103rii \u0219i globaliz\u0103rii. Lucrarea a argumentat necesitatea recuper\u0103rii \u0219i promov\u0103rii identit\u0103\u021bii culturale \u00een fa\u021ba acestor provoc\u0103ri contemporane. Comunicarea este valoroas\u0103 pentru studiile etnologice \u0219i antropologice, \u00eentruc\u00e2t subliniaz\u0103 importan\u021ba protej\u0103rii \u0219i revitaliz\u0103rii patrimoniului imaterial al comunit\u0103\u021bilor tradi\u021bionale. Aceasta atrage aten\u021bia asupra riscului de pierdere a identit\u0103\u021bii culturale \u00een fa\u021ba presiunilor externe, oferind solu\u021bii pentru conservarea obiceiurilor locale.<\/li>\n<\/ul>\n\n\n\n<p>Conferin\u021ba a reprezentat o oportunitate deosebit\u0103 pentru schimbul de idei \u00eentre cercet\u0103tori \u0219i speciali\u0219ti din Republica Moldova, Rom\u00e2nia, Ucraina \u0219i alte \u021b\u0103ri, contribuind la promovarea valorilor patrimoniului cultural \u00eentr-un context interna\u021bional.<\/p>\n\n\n\n<figure class=\"wp-block-image size-large\"><img decoding=\"async\" src=\" https:\/\/www.dropbox.com\/scl\/fo\/y4ck9y5s6e2uztz84hgq1\/AFQUIPQBDvfuQdBFt2IW5QM?rlkey=qzopsw9x9svg0h0vb0ry73khu&amp;dl=0\" alt=\"\"\/><\/figure>\n\n\n\n<p><a href=\"https:\/\/www.dropbox.com\/scl\/fo\/y4ck9y5s6e2uztz84hgq1\/AFQUIPQBDvfuQdBFt2IW5QM?rlkey=qzopsw9x9svg0h0vb0ry73khu&amp;dl=0\">https:\/\/www.dropbox.com\/scl\/fo\/y4ck9y5s6e2uztz84hgq1\/AFQUIPQBDvfuQdBFt2IW5QM?rlkey=qzopsw9x9svg0h0vb0ry73khu&amp;dl=0<\/a><\/p>\n\n\n\n<p><\/p>\n\n\n\n<figure class=\"wp-block-image size-full\"><a href=\"http:\/\/ich.md\/wp-content\/uploads\/2024\/10\/\u0438\u0437\u043e\u0431\u0440\u0430\u0436\u0435\u043d\u0438\u0435_viber_2024-10-03_14-53-28-076.jpg\"><img decoding=\"async\" src=\"http:\/\/ich.md\/wp-content\/uploads\/2024\/10\/\u0438\u0437\u043e\u0431\u0440\u0430\u0436\u0435\u043d\u0438\u0435_viber_2024-10-03_14-53-28-076.jpg\" alt=\"\" class=\"wp-image-7896\"\/><\/a><\/figure>\n","protected":false},"excerpt":{"rendered":"<p>\u00cen perioada 26-27 septembrie 2024, Institutul Patrimoniului Cultural a organizat cea de-a XVI-a edi\u021bie a Conferin\u021bei \u0218tiin\u021bifice Interna\u021bionale \u201ePatrimoniul Cultural: cercetare, valorificare, promovare\u201d, dedicat\u0103 Zilelor<span class=\"read-more-link\"><a class=\"read-more\" href=\"https:\/\/ich.md\/?p=7854\">Read More<\/a><\/span><\/p>\n","protected":false},"author":11,"featured_media":7896,"comment_status":"closed","ping_status":"closed","sticky":false,"template":"","format":"standard","meta":[],"categories":[10],"tags":[],"_links":{"self":[{"href":"https:\/\/ich.md\/index.php?rest_route=\/wp\/v2\/posts\/7854"}],"collection":[{"href":"https:\/\/ich.md\/index.php?rest_route=\/wp\/v2\/posts"}],"about":[{"href":"https:\/\/ich.md\/index.php?rest_route=\/wp\/v2\/types\/post"}],"author":[{"embeddable":true,"href":"https:\/\/ich.md\/index.php?rest_route=\/wp\/v2\/users\/11"}],"replies":[{"embeddable":true,"href":"https:\/\/ich.md\/index.php?rest_route=%2Fwp%2Fv2%2Fcomments&post=7854"}],"version-history":[{"count":7,"href":"https:\/\/ich.md\/index.php?rest_route=\/wp\/v2\/posts\/7854\/revisions"}],"predecessor-version":[{"id":7909,"href":"https:\/\/ich.md\/index.php?rest_route=\/wp\/v2\/posts\/7854\/revisions\/7909"}],"wp:featuredmedia":[{"embeddable":true,"href":"https:\/\/ich.md\/index.php?rest_route=\/wp\/v2\/media\/7896"}],"wp:attachment":[{"href":"https:\/\/ich.md\/index.php?rest_route=%2Fwp%2Fv2%2Fmedia&parent=7854"}],"wp:term":[{"taxonomy":"category","embeddable":true,"href":"https:\/\/ich.md\/index.php?rest_route=%2Fwp%2Fv2%2Fcategories&post=7854"},{"taxonomy":"post_tag","embeddable":true,"href":"https:\/\/ich.md\/index.php?rest_route=%2Fwp%2Fv2%2Ftags&post=7854"}],"curies":[{"name":"wp","href":"https:\/\/api.w.org\/{rel}","templated":true}]}}