{"id":7911,"date":"2024-10-28T16:56:20","date_gmt":"2024-10-28T14:56:20","guid":{"rendered":"https:\/\/ich.md\/?p=7911"},"modified":"2024-10-31T10:25:54","modified_gmt":"2024-10-31T08:25:54","slug":"prezentarea-rezultatelor-cercetarilor-etnografice-de-teren-realizate-in-republica-moldova-de-colaboratorii-sectiei-cultura-traditionala-a-minoritatilor-entice-din-cadrul-ins","status":"publish","type":"post","link":"https:\/\/ich.md\/?p=7911","title":{"rendered":"Mas\u0103 rotund\u0103 Cercet\u0103ri etnografice contemporane: perspective asupra patrimoniului\u00a0cultural al minorit\u0103\u021bilor etnice"},"content":{"rendered":"\n<p><\/p>\n\n\n\n<p>Sec\u021bia \u201eCultura tradi\u021bional\u0103 a Minorit\u0103\u021bilor entice\u201d din cadrul Institutului Patrimoniului Cultural v\u0103 invit\u0103 s\u0103 participa\u021bi la <strong>Masa rotund\u0103<\/strong> <strong><em><strong><em>Cercet\u0103ri etnografice contemporane: perspective asupra patrimoniului\u00a0cultural al minorit\u0103\u021bilor etnice<\/em><\/strong><\/em><\/strong>, dedicat\u0103 prezent\u0103rii rezultatelor cercet\u0103rilor etnografice de teren desf\u0103\u0219urate \u00een anul 2024 \u00een Republica Moldova. Evenimentul va avea loc <strong>pe 21 noiembrie 2024, \u00eencep\u00e2nd cu ora 10.00<\/strong> \u0219i va reuni speciali\u0219ti \u00een domeniu, cercet\u0103tori \u0219i reprezentan\u021bi ai comunit\u0103\u021bilor minoritare.<\/p>\n\n\n\n<p>\u00cen cadrul acestei manifest\u0103ri \u0219tiin\u021bifice, vor fi expuse descoperirile recente cu privire la tradi\u021biile culturale, obiceiurile \u0219i identit\u0103\u021bile specifice comunit\u0103\u021bilor minoritare, pun\u00e2nd \u00een eviden\u021b\u0103 importan\u021ba conserv\u0103rii \u0219i promov\u0103rii diversit\u0103\u021bii culturale \u00een contextul na\u021bional. Masa rotund\u0103 va reprezinta o platform\u0103 pentru schimb de cuno\u0219tin\u021be \u0219i bune practici \u00een scopul \u00eent\u0103ririi coeziunii sociale \u0219i al \u00eembun\u0103t\u0103\u021birii \u00een\u021belegerii culturale.<\/p>\n\n\n\n<p>V\u0103 a\u0219tept\u0103m s\u0103 lua\u021bi parte la acest eveniment deosebit!<\/p>\n\n\n\n<div class=\"wp-block-file\"><object class=\"wp-block-file__embed\" data=\"https:\/\/ich.md\/wp-content\/uploads\/2024\/10\/Program-final-Masa-rotunda-Duminica.pdf\" type=\"application\/pdf\" style=\"width:100%;height:600px\" aria-label=\"\u00cenglobare pentru Program-final-Masa-rotunda-Duminica.\"><\/object><a id=\"wp-block-file--media-d803e22c-4dba-429d-8089-4f40421ace64\" href=\"https:\/\/ich.md\/wp-content\/uploads\/2024\/10\/Program-final-Masa-rotunda-Duminica.pdf\">Program-final-Masa-rotunda-Duminica<\/a><a href=\"https:\/\/ich.md\/wp-content\/uploads\/2024\/10\/Program-final-Masa-rotunda-Duminica.pdf\" class=\"wp-block-file__button wp-element-button\" download aria-describedby=\"wp-block-file--media-d803e22c-4dba-429d-8089-4f40421ace64\">Descarc\u0103<\/a><\/div>\n","protected":false},"excerpt":{"rendered":"<p>Sec\u021bia \u201eCultura tradi\u021bional\u0103 a Minorit\u0103\u021bilor entice\u201d din cadrul Institutului Patrimoniului Cultural v\u0103 invit\u0103 s\u0103 participa\u021bi la Masa rotund\u0103 Cercet\u0103ri etnografice contemporane: perspective asupra patrimoniului\u00a0cultural al<span class=\"read-more-link\"><a class=\"read-more\" href=\"https:\/\/ich.md\/?p=7911\">Read More<\/a><\/span><\/p>\n","protected":false},"author":11,"featured_media":7914,"comment_status":"closed","ping_status":"closed","sticky":false,"template":"","format":"standard","meta":[],"categories":[10],"tags":[],"_links":{"self":[{"href":"https:\/\/ich.md\/index.php?rest_route=\/wp\/v2\/posts\/7911"}],"collection":[{"href":"https:\/\/ich.md\/index.php?rest_route=\/wp\/v2\/posts"}],"about":[{"href":"https:\/\/ich.md\/index.php?rest_route=\/wp\/v2\/types\/post"}],"author":[{"embeddable":true,"href":"https:\/\/ich.md\/index.php?rest_route=\/wp\/v2\/users\/11"}],"replies":[{"embeddable":true,"href":"https:\/\/ich.md\/index.php?rest_route=%2Fwp%2Fv2%2Fcomments&post=7911"}],"version-history":[{"count":5,"href":"https:\/\/ich.md\/index.php?rest_route=\/wp\/v2\/posts\/7911\/revisions"}],"predecessor-version":[{"id":7955,"href":"https:\/\/ich.md\/index.php?rest_route=\/wp\/v2\/posts\/7911\/revisions\/7955"}],"wp:featuredmedia":[{"embeddable":true,"href":"https:\/\/ich.md\/index.php?rest_route=\/wp\/v2\/media\/7914"}],"wp:attachment":[{"href":"https:\/\/ich.md\/index.php?rest_route=%2Fwp%2Fv2%2Fmedia&parent=7911"}],"wp:term":[{"taxonomy":"category","embeddable":true,"href":"https:\/\/ich.md\/index.php?rest_route=%2Fwp%2Fv2%2Fcategories&post=7911"},{"taxonomy":"post_tag","embeddable":true,"href":"https:\/\/ich.md\/index.php?rest_route=%2Fwp%2Fv2%2Ftags&post=7911"}],"curies":[{"name":"wp","href":"https:\/\/api.w.org\/{rel}","templated":true}]}}