{"id":7985,"date":"2024-11-22T10:32:16","date_gmt":"2024-11-22T08:32:16","guid":{"rendered":"https:\/\/ich.md\/?p=7985"},"modified":"2024-11-25T10:49:42","modified_gmt":"2024-11-25T08:49:42","slug":"gustul-traditiei-alimentatia-gagauzilor-din-etulia-cismichioi-avdarma-si-comrat-descoperita-in-cadrul-unei-deplasari-de-teren","status":"publish","type":"post","link":"https:\/\/ich.md\/?p=7985","title":{"rendered":"\u201eGustul tradi\u021biei\u201d: alimenta\u021bia g\u0103g\u0103uzilor din Etulia, Ci\u015fmichioi, Avdarma \u0219i Comrat, descoperit\u0103 \u00een cadrul unei deplas\u0103ri de teren"},"content":{"rendered":"\n<p>\u00cen perioada 7-19 noiembrie 2024, dr. conf. \u0219i cercet\u0103tor \u0219tiin\u021bific superior D. Nicoglo a \u00eentreprins o deplasare \u0219tiin\u021bific\u0103 \u00een localit\u0103\u021bile Etulia (raionul Vulc\u0103ne\u0219ti), Ci\u015fmichioi, Avdarma \u0219i Comrat (UTA G\u0103g\u0103uzia), av\u00e2nd ca obiectiv principal documentarea tradi\u021biilor culinare ale g\u0103g\u0103uzilor.<\/p>\n\n\n\n<p>Cercetarea a fost dedicat\u0103 identific\u0103rii \u0219i descrierii metodelor tradi\u021bionale de preparare a m\u00e2nc\u0103rurilor pe baz\u0103 de carne sau cu adaos de carne. Procesul de colectare a materialului etnografic a inclus utilizarea unor metode precum observarea direct\u0103, interviurile structurate \u0219i conversa\u021biile informale. Pentru structurarea datelor, s-a folosit un chestionar tematic detaliat.<\/p>\n\n\n\n<p>Sofia Pancheva, directoarea Muzeului de Istorie Local\u0103 din Etulia, a jucat un rol esen\u021bial \u00een facilitarea interac\u021biunilor cu informatorii locali. De asemenea, mai multe gospodine au organizat ateliere demonstrative \u00een care au prezentat etapele de preg\u0103tire a diverselor feluri de m\u00e2ncare din carne, fiecare moment fiind documentat fotografic.<\/p>\n\n\n\n<p>Analiza preliminar\u0103 a relevat un specific regional \u00een prepararea alimentelor din carne \u00een satele din raionul Vulc\u0103ne\u0219ti, specificitate reflectat\u0103 at\u00e2t \u00een terminologia utilizat\u0103, c\u00e2t \u0219i \u00een tehnicile de g\u0103tit. Informatorii din Ci\u015fmichioi au contribuit cu informa\u021bii deosebit de valoroase despre re\u021betele \u0219i obiceiurile gastronomice locale.<\/p>\n\n\n\n<p>\u00cen ora\u0219ul Comrat \u0219i satul Avdarma (raionul Comrat), cercetarea a fost \u00eembog\u0103\u021bit\u0103 prin contribu\u021biile unor informatori notabili, precum doamna M. Sary-Terzi, buc\u0103tar profesionist, care a oferit detalii pre\u021bioase despre rolul alimentelor \u00een obiceiurile familiale \u0219i a demonstrat procesul de preg\u0103tire a unor m\u00e2nc\u0103ruri tradi\u021bionale.<\/p>\n\n\n\n<p>Rezultatele deplas\u0103rii includ intervievarea a 9 informatori, realizarea a peste 50 de fotografii \u0219i colectarea unui volum consistent de material etnografic. Acest demers contribuie semnificativ la documentarea, conservarea \u0219i promovarea patrimoniului cultural gastronomic al g\u0103g\u0103uzilor, oferind o perspectiv\u0103 valoroas\u0103 asupra identit\u0103\u021bii lor culturale.<\/p>\n\n\n\n<figure class=\"wp-block-image size-large\"><a href=\"https:\/\/ich.md\/wp-content\/uploads\/2024\/11\/2.-BULGUR.jpg\"><img decoding=\"async\" loading=\"lazy\" width=\"1024\" height=\"768\" src=\"https:\/\/ich.md\/wp-content\/uploads\/2024\/11\/2.-BULGUR-1024x768.jpg\" alt=\"\" class=\"wp-image-7986\"\/><\/a><\/figure>\n\n\n\n<figure class=\"wp-block-image size-large\"><a href=\"https:\/\/ich.md\/wp-content\/uploads\/2024\/11\/3.-MANGE-scaled.jpg\"><img decoding=\"async\" loading=\"lazy\" width=\"1024\" height=\"768\" src=\"https:\/\/ich.md\/wp-content\/uploads\/2024\/11\/3.-MANGE-1024x768.jpg\" alt=\"\" class=\"wp-image-7987\"\/><\/a><\/figure>\n\n\n\n<figure class=\"wp-block-image size-large\"><a href=\"https:\/\/ich.md\/wp-content\/uploads\/2024\/11\/4.-SICAK-KAURMA.jpg\"><img decoding=\"async\" loading=\"lazy\" width=\"1024\" height=\"577\" src=\"https:\/\/ich.md\/wp-content\/uploads\/2024\/11\/4.-SICAK-KAURMA-1024x577.jpg\" alt=\"\" class=\"wp-image-7988\"\/><\/a><\/figure>\n\n\n\n<figure class=\"wp-block-image size-large\"><a href=\"https:\/\/ich.md\/wp-content\/uploads\/2024\/11\/5.-SUVANNI-MANCA.jpg\"><img decoding=\"async\" loading=\"lazy\" width=\"1024\" height=\"766\" src=\"https:\/\/ich.md\/wp-content\/uploads\/2024\/11\/5.-SUVANNI-MANCA-1024x766.jpg\" alt=\"\" class=\"wp-image-7989\"\/><\/a><\/figure>\n\n\n\n<figure class=\"wp-block-image size-large\"><a href=\"https:\/\/ich.md\/wp-content\/uploads\/2024\/11\/6.jpg\"><img decoding=\"async\" loading=\"lazy\" width=\"1024\" height=\"682\" src=\"https:\/\/ich.md\/wp-content\/uploads\/2024\/11\/6-1024x682.jpg\" alt=\"\" class=\"wp-image-7990\"\/><\/a><\/figure>\n\n\n\n<figure class=\"wp-block-image size-large\"><a href=\"https:\/\/ich.md\/wp-content\/uploads\/2024\/11\/7.jpg\"><img decoding=\"async\" loading=\"lazy\" width=\"1600\" height=\"902\" src=\"https:\/\/ich.md\/wp-content\/uploads\/2024\/11\/7-1024x577.jpg\" alt=\"\" class=\"wp-image-7991\"\/><\/a><\/figure>\n\n\n\n<figure class=\"wp-block-image size-large\"><a href=\"https:\/\/ich.md\/wp-content\/uploads\/2024\/11\/8.jpg\"><img decoding=\"async\" loading=\"lazy\" width=\"1024\" height=\"766\" src=\"https:\/\/ich.md\/wp-content\/uploads\/2024\/11\/8-1024x766.jpg\" alt=\"\" class=\"wp-image-7992\"\/><\/a><\/figure>\n\n\n\n<figure class=\"wp-block-image size-large\"><a href=\"https:\/\/ich.md\/wp-content\/uploads\/2024\/11\/9.jpg\"><img decoding=\"async\" loading=\"lazy\" width=\"1024\" height=\"577\" src=\"https:\/\/ich.md\/wp-content\/uploads\/2024\/11\/9-1024x577.jpg\" alt=\"\" class=\"wp-image-7993\"\/><\/a><\/figure>\n\n\n\n<figure class=\"wp-block-image size-large\"><a href=\"https:\/\/ich.md\/wp-content\/uploads\/2024\/11\/10.jpg\"><img decoding=\"async\" loading=\"lazy\" width=\"1024\" height=\"576\" src=\"https:\/\/ich.md\/wp-content\/uploads\/2024\/11\/10-1024x576.jpg\" alt=\"\" class=\"wp-image-7994\"\/><\/a><\/figure>\n\n\n\n<p>Legend\u0103:<\/p>\n\n\n\n<ol>\n<li><strong>Bulgur cu miel<\/strong>. Fotografie realizat\u0103 de S. Pancheva.<\/li>\n\n\n\n<li><strong>Manca (mange)<\/strong>. Satul Avdarma, raionul Comrat. Fotografie realizat\u0103 de D. Nicoglo.<\/li>\n\n\n\n<li><strong>S\u0131cak kaurma<\/strong>. Satul Ci\u015fmichioi, raionul Vulc\u0103ne\u0219ti. Fotografie realizat\u0103 de D. Nicoglo.<\/li>\n\n\n\n<li><strong>Suvann\u0131 mancas\u0131<\/strong>. Satul Ci\u015fmichioi, raionul Vulc\u0103ne\u0219ti. Fotografie realizat\u0103 de D. Nicoglo.<\/li>\n\n\n\n<li><strong>Sofia Pancheva<\/strong>, Directoarea Muzeului de Istorie Local\u0103 din satul Etulia, raionul Vulc\u0103ne\u0219ti.<\/li>\n\n\n\n<li>Informatorii din satul Etulia: <strong>S. Gavrilu\u021ba<\/strong> \u0219i <strong>A. Hristeva<\/strong>. Fotografie realizat\u0103 de D. Nicoglo.<\/li>\n\n\n\n<li>Informatorii din satul Ci\u015fmichioi: de la st\u00e2nga la dreapta &#8211; <strong>N. Daradur<\/strong>, <strong>M. Perchemli<\/strong> \u0219i <strong>V. Perchemli<\/strong>. Fotografie realizat\u0103 de D. Nicoglo.<\/li>\n<\/ol>\n\n\n\n<p><\/p>\n\n\n\n<p><\/p>\n","protected":false},"excerpt":{"rendered":"<p>\u00cen perioada 7-19 noiembrie 2024, dr. conf. \u0219i cercet\u0103tor \u0219tiin\u021bific superior D. Nicoglo a \u00eentreprins o deplasare \u0219tiin\u021bific\u0103 \u00een localit\u0103\u021bile Etulia (raionul Vulc\u0103ne\u0219ti), Ci\u015fmichioi, Avdarma<span class=\"read-more-link\"><a class=\"read-more\" href=\"https:\/\/ich.md\/?p=7985\">Read More<\/a><\/span><\/p>\n","protected":false},"author":11,"featured_media":7987,"comment_status":"closed","ping_status":"closed","sticky":false,"template":"","format":"standard","meta":[],"categories":[10],"tags":[],"_links":{"self":[{"href":"https:\/\/ich.md\/index.php?rest_route=\/wp\/v2\/posts\/7985"}],"collection":[{"href":"https:\/\/ich.md\/index.php?rest_route=\/wp\/v2\/posts"}],"about":[{"href":"https:\/\/ich.md\/index.php?rest_route=\/wp\/v2\/types\/post"}],"author":[{"embeddable":true,"href":"https:\/\/ich.md\/index.php?rest_route=\/wp\/v2\/users\/11"}],"replies":[{"embeddable":true,"href":"https:\/\/ich.md\/index.php?rest_route=%2Fwp%2Fv2%2Fcomments&post=7985"}],"version-history":[{"count":3,"href":"https:\/\/ich.md\/index.php?rest_route=\/wp\/v2\/posts\/7985\/revisions"}],"predecessor-version":[{"id":8023,"href":"https:\/\/ich.md\/index.php?rest_route=\/wp\/v2\/posts\/7985\/revisions\/8023"}],"wp:featuredmedia":[{"embeddable":true,"href":"https:\/\/ich.md\/index.php?rest_route=\/wp\/v2\/media\/7987"}],"wp:attachment":[{"href":"https:\/\/ich.md\/index.php?rest_route=%2Fwp%2Fv2%2Fmedia&parent=7985"}],"wp:term":[{"taxonomy":"category","embeddable":true,"href":"https:\/\/ich.md\/index.php?rest_route=%2Fwp%2Fv2%2Fcategories&post=7985"},{"taxonomy":"post_tag","embeddable":true,"href":"https:\/\/ich.md\/index.php?rest_route=%2Fwp%2Fv2%2Ftags&post=7985"}],"curies":[{"name":"wp","href":"https:\/\/api.w.org\/{rel}","templated":true}]}}