{"id":7999,"date":"2024-11-25T10:41:48","date_gmt":"2024-11-25T08:41:48","guid":{"rendered":"https:\/\/ich.md\/?p=7999"},"modified":"2024-11-25T10:51:18","modified_gmt":"2024-11-25T08:51:18","slug":"noi-perspective-asupra-patrimoniului-cultural-discutate-la-masa-rotunda-cercetari-etnografice-contemporane-perspective-asupra-patrimoniului-cultural-al-minoritatilor-etnice","status":"publish","type":"post","link":"https:\/\/ich.md\/?p=7999","title":{"rendered":"Noi perspective asupra patrimoniului cultural, discutate la Masa rotund\u0103 \u201eCercet\u0103ri etnografice contemporane: perspective asupra patrimoniului cultural al minorit\u0103\u021bilor etnice\u201d"},"content":{"rendered":"\n<p><strong>\u201e<em>Cercet\u0103ri etnografice contemporane: <\/em><\/strong><em><strong>perspective asupra patrimoniului&nbsp;cultural al minorit\u0103\u021bilor etnice\u201d<\/strong><\/em><\/p>\n\n\n\n<p>La 21 noiembrie 2024, Sec\u021bia \u201eCultura tradi\u021bionala a Minorit\u0103\u021bilor etnice\u201d a Institutului Patrimoniului Cultural a organizat desf\u0103\u0219urarea <strong>Mesei rotunde<\/strong>&nbsp;\u201e<em>Cercet\u0103ri etnografice contemporane: perspective asupra patrimoniului&nbsp;cultural al minorit\u0103\u021bilor etnice\u201d<\/em>, dedicat\u0103 prezent\u0103rii rezultatelor cercet\u0103rilor etnografice de teren ob\u021binute \u00een anul 2024, \u00een localit\u0103\u021bile populate preponderent de reprezentan\u021bii comunit\u0103\u021bilor etnoculturale minoritare din Republica Moldova.<\/p>\n\n\n\n<p>\u00cen cadrul evenimentului \u0219tiin\u021bific au fost explorate rezultatele esen\u021biale recente aferente tradi\u021biilor \u0219i identit\u0103\u021bilor culturale specifice comunit\u0103\u021bilor etnice minoritare din Republica Moldova, fiind reliefat\u0103 importan\u021ba promov\u0103rii diversit\u0103\u021bii etnoculturale \u00een contextul na\u021bional \u0219i european. Prezent\u0103rile cercet\u0103torilor \u0219tiin\u021bifici au fost expuse cu materiale ilustrative inedite, relief\u00e2nd interferen\u021ba \u0219i varietatea subiectelor etnografice:<\/p>\n\n\n\n<p>\u201eSpecificul tradi\u021bional \u00een prepararea bucatelor rituale, cotidiene \u0219i festive din carne \u0219i produse f\u0103inoase \u00een localit\u0103\u021bie g\u0103g\u0103uze\u201d;<\/p>\n\n\n\n<p>\u201eSpecificul tradi\u021bional \u00een prepararea bucatelor rituale, cotidiene \u0219i festive \u00een localit\u0103\u021bie ucrainene din raioanele Edine\u021b, Briceni, Flore\u0219ti \u0219i F\u0103le\u0219ti\u201d;<\/p>\n\n\n\n<p>\u201eLocuin\u021bele traditionale ale g\u0103g\u0103uzilor (Atlasul etnografic lingvistic)\u201d;<\/p>\n\n\n\n<p>\u201eLocuin\u021bele traditionale ale ucrainenilor (materialele, tehnicile de construc\u021bie \u0219i decorarea) din raioanele Briceni, Edine\u021b, Flore\u0219ti \u0219i F\u0103le\u0219ti\u201d;<\/p>\n\n\n\n<p>\u201eLocuin\u021bele lipovenilor din satul Cunicea (r-nul Flore\u0219ti): tradi\u0163ii \u015fi manifest\u0103ri culturale contemporane\u201d;<\/p>\n\n\n\n<p>&nbsp;\u201eValorificarea gradului de conservare al portului tradi\u021bional femeiesc \u0219i b\u0103rb\u0103tesc al lipovenilor din satul Pocrovca (r-nul Dondu\u0219eni)\u201d;<\/p>\n\n\n\n<p>&nbsp;\u201eStarea actual\u0103 de practicare \u0219i conservare a ceremonialului de pomenire al r\u0103posa\u021bilor romi la Pa\u0219tele Blajinilor \u00een or. Soroca\u201d;<\/p>\n\n\n\n<p>\u201eValorificarea ultimelor urme ale me\u0219te\u0219ugului fier\u0103ritului prezente fragmentar \u00een comunitatea romilor \u201ecioc\u0103nari\u201d din Cartierul Romilor din Dealul Sorocii\u201d.<\/p>\n\n\n\n<p>Organizarea Mesei rotunde \u201eCercet\u0103ri etnografice contemporane: perspective asupra patrimoniului cultural al minorit\u0103\u021bilor etnice\u201d face parte din ac\u021biunile programate \u00een cadrul Programului na\u0163ional \u00een domeniile cercet\u0103rii \u015fi inov\u0103rii (PNCI) pentru anii 2024-2027 (aprobat prin HG 1049\/2023) \/ Subprogramul de cercetare al IPC 170101: \u201eCercetarea \u0219i valorificarea patrimoniuluicultural construit, etnografic, arheologic \u0219i artistic din Republica Moldova \u00een contextul integr\u0103rii europene (2024\u20132027)\u201d.<\/p>\n\n\n\n<figure class=\"wp-block-image size-large\"><a href=\"https:\/\/ich.md\/wp-content\/uploads\/2024\/11\/Bucate-festive-ucraineni.jpg\"><img decoding=\"async\" loading=\"lazy\" width=\"1024\" height=\"632\" src=\"https:\/\/ich.md\/wp-content\/uploads\/2024\/11\/Bucate-festive-ucraineni-1024x632.jpg\" alt=\"\" class=\"wp-image-8000\"\/><\/a><\/figure>\n\n\n\n<figure class=\"wp-block-image size-large\"><a href=\"https:\/\/ich.md\/wp-content\/uploads\/2024\/11\/Bucate-gagauze-produse-fainoase.jpg\"><img decoding=\"async\" loading=\"lazy\" width=\"1024\" height=\"576\" src=\"https:\/\/ich.md\/wp-content\/uploads\/2024\/11\/Bucate-gagauze-produse-fainoase-1024x576.jpg\" alt=\"\" class=\"wp-image-8001\"\/><\/a><\/figure>\n\n\n\n<figure class=\"wp-block-image size-large\"><a href=\"https:\/\/ich.md\/wp-content\/uploads\/2024\/11\/Bucate-rituale-gagauze.jpg\"><img decoding=\"async\" loading=\"lazy\" width=\"1024\" height=\"576\" src=\"https:\/\/ich.md\/wp-content\/uploads\/2024\/11\/Bucate-rituale-gagauze-1024x576.jpg\" alt=\"\" class=\"wp-image-8002\"\/><\/a><\/figure>\n\n\n\n<figure class=\"wp-block-image size-full\"><a href=\"https:\/\/ich.md\/wp-content\/uploads\/2024\/11\/Fierar-rom-or.-Soroca.jpg\"><img decoding=\"async\" loading=\"lazy\" width=\"960\" height=\"720\" src=\"https:\/\/ich.md\/wp-content\/uploads\/2024\/11\/Fierar-rom-or.-Soroca.jpg\" alt=\"\" class=\"wp-image-8003\"\/><\/a><\/figure>\n\n\n\n<figure class=\"wp-block-image size-large\"><a href=\"https:\/\/ich.md\/wp-content\/uploads\/2024\/11\/IMG_8342.jpg\"><img decoding=\"async\" loading=\"lazy\" width=\"1024\" height=\"864\" src=\"https:\/\/ich.md\/wp-content\/uploads\/2024\/11\/IMG_8342-1024x864.jpg\" alt=\"\" class=\"wp-image-8004\"\/><\/a><\/figure>\n\n\n\n<figure class=\"wp-block-image size-large\"><a href=\"https:\/\/ich.md\/wp-content\/uploads\/2024\/11\/IMG_8344-scaled.jpg\"><img decoding=\"async\" loading=\"lazy\" width=\"1024\" height=\"683\" src=\"https:\/\/ich.md\/wp-content\/uploads\/2024\/11\/IMG_8344-1024x683.jpg\" alt=\"\" class=\"wp-image-8005\"\/><\/a><\/figure>\n\n\n\n<figure class=\"wp-block-image size-large\"><a href=\"https:\/\/ich.md\/wp-content\/uploads\/2024\/11\/IMG_8346-scaled.jpg\"><img decoding=\"async\" loading=\"lazy\" width=\"1024\" height=\"683\" src=\"https:\/\/ich.md\/wp-content\/uploads\/2024\/11\/IMG_8346-1024x683.jpg\" alt=\"\" class=\"wp-image-8006\"\/><\/a><\/figure>\n\n\n\n<figure class=\"wp-block-image size-large\"><a href=\"https:\/\/ich.md\/wp-content\/uploads\/2024\/11\/IMG_8352.jpg\"><img decoding=\"async\" loading=\"lazy\" width=\"1024\" height=\"906\" src=\"https:\/\/ich.md\/wp-content\/uploads\/2024\/11\/IMG_8352-1024x906.jpg\" alt=\"\" class=\"wp-image-8007\"\/><\/a><\/figure>\n\n\n\n<figure class=\"wp-block-image size-large\"><a href=\"https:\/\/ich.md\/wp-content\/uploads\/2024\/11\/IMG_8353.jpg\"><img decoding=\"async\" loading=\"lazy\" width=\"1024\" height=\"762\" src=\"https:\/\/ich.md\/wp-content\/uploads\/2024\/11\/IMG_8353-1024x762.jpg\" alt=\"\" class=\"wp-image-8008\"\/><\/a><\/figure>\n\n\n\n<figure class=\"wp-block-image size-large\"><a href=\"https:\/\/ich.md\/wp-content\/uploads\/2024\/11\/IMG_8367.jpg\"><img decoding=\"async\" loading=\"lazy\" width=\"1024\" height=\"569\" src=\"https:\/\/ich.md\/wp-content\/uploads\/2024\/11\/IMG_8367-1024x569.jpg\" alt=\"\" class=\"wp-image-8009\"\/><\/a><\/figure>\n\n\n\n<figure class=\"wp-block-image size-large\"><a href=\"https:\/\/ich.md\/wp-content\/uploads\/2024\/11\/IMG_8370-scaled.jpg\"><img decoding=\"async\" loading=\"lazy\" width=\"1024\" height=\"683\" src=\"https:\/\/ich.md\/wp-content\/uploads\/2024\/11\/IMG_8370-1024x683.jpg\" alt=\"\" class=\"wp-image-8010\"\/><\/a><\/figure>\n\n\n\n<figure class=\"wp-block-image size-large\"><a href=\"https:\/\/ich.md\/wp-content\/uploads\/2024\/11\/IMG_2024112-scaled.jpg\"><img decoding=\"async\" loading=\"lazy\" width=\"1024\" height=\"840\" src=\"https:\/\/ich.md\/wp-content\/uploads\/2024\/11\/IMG_2024112-1024x840.jpg\" alt=\"\" class=\"wp-image-8011\"\/><\/a><\/figure>\n\n\n\n<figure class=\"wp-block-image size-large\"><a href=\"https:\/\/ich.md\/wp-content\/uploads\/2024\/11\/IMG_20241121-scaled.jpg\"><img decoding=\"async\" loading=\"lazy\" width=\"1024\" height=\"750\" src=\"https:\/\/ich.md\/wp-content\/uploads\/2024\/11\/IMG_20241121-1024x750.jpg\" alt=\"\" class=\"wp-image-8012\"\/><\/a><\/figure>\n\n\n\n<figure class=\"wp-block-image size-large\"><a href=\"https:\/\/ich.md\/wp-content\/uploads\/2024\/11\/IMG_20241121_151402-scaled.jpg\"><img decoding=\"async\" loading=\"lazy\" width=\"1024\" height=\"802\" src=\"https:\/\/ich.md\/wp-content\/uploads\/2024\/11\/IMG_20241121_151402-1024x802.jpg\" alt=\"\" class=\"wp-image-8013\"\/><\/a><\/figure>\n\n\n\n<figure class=\"wp-block-image size-large\"><a href=\"https:\/\/ich.md\/wp-content\/uploads\/2024\/11\/IMG_20241122-1-scaled.jpg\"><img decoding=\"async\" loading=\"lazy\" width=\"1024\" height=\"717\" src=\"https:\/\/ich.md\/wp-content\/uploads\/2024\/11\/IMG_20241122-1-1024x717.jpg\" alt=\"\" class=\"wp-image-8014\"\/><\/a><\/figure>\n\n\n\n<figure class=\"wp-block-image size-large\"><a href=\"https:\/\/ich.md\/wp-content\/uploads\/2024\/11\/Locuinta-lipovenilor-din-satul-Cunicea.jpg\"><img decoding=\"async\" loading=\"lazy\" width=\"1024\" height=\"576\" src=\"https:\/\/ich.md\/wp-content\/uploads\/2024\/11\/Locuinta-lipovenilor-din-satul-Cunicea-1024x576.jpg\" alt=\"\" class=\"wp-image-8016\"\/><\/a><\/figure>\n\n\n\n<figure class=\"wp-block-image size-full\"><a href=\"https:\/\/ich.md\/wp-content\/uploads\/2024\/11\/Pastele-Blajinilor-romi-or.-Soroca.jpg\"><img decoding=\"async\" loading=\"lazy\" width=\"972\" height=\"720\" src=\"https:\/\/ich.md\/wp-content\/uploads\/2024\/11\/Pastele-Blajinilor-romi-or.-Soroca.jpg\" alt=\"\" class=\"wp-image-8017\"\/><\/a><\/figure>\n\n\n\n<figure class=\"wp-block-image size-full\"><a href=\"https:\/\/ich.md\/wp-content\/uploads\/2024\/11\/Pocrovca.jpg\"><img decoding=\"async\" loading=\"lazy\" width=\"553\" height=\"720\" src=\"https:\/\/ich.md\/wp-content\/uploads\/2024\/11\/Pocrovca.jpg\" alt=\"\" class=\"wp-image-8018\"\/><\/a><\/figure>\n\n\n\n<figure class=\"wp-block-image size-large\"><a href=\"https:\/\/ich.md\/wp-content\/uploads\/2024\/11\/Prodanesti-1.jpg\"><img decoding=\"async\" loading=\"lazy\" width=\"1024\" height=\"625\" src=\"https:\/\/ich.md\/wp-content\/uploads\/2024\/11\/Prodanesti-1-1024x625.jpg\" alt=\"\" class=\"wp-image-8019\"\/><\/a><\/figure>\n","protected":false},"excerpt":{"rendered":"<p>\u201eCercet\u0103ri etnografice contemporane: perspective asupra patrimoniului&nbsp;cultural al minorit\u0103\u021bilor etnice\u201d La 21 noiembrie 2024, Sec\u021bia \u201eCultura tradi\u021bionala a Minorit\u0103\u021bilor etnice\u201d a Institutului Patrimoniului Cultural a organizat<span class=\"read-more-link\"><a class=\"read-more\" href=\"https:\/\/ich.md\/?p=7999\">Read More<\/a><\/span><\/p>\n","protected":false},"author":11,"featured_media":8006,"comment_status":"closed","ping_status":"closed","sticky":false,"template":"","format":"standard","meta":[],"categories":[10],"tags":[],"_links":{"self":[{"href":"https:\/\/ich.md\/index.php?rest_route=\/wp\/v2\/posts\/7999"}],"collection":[{"href":"https:\/\/ich.md\/index.php?rest_route=\/wp\/v2\/posts"}],"about":[{"href":"https:\/\/ich.md\/index.php?rest_route=\/wp\/v2\/types\/post"}],"author":[{"embeddable":true,"href":"https:\/\/ich.md\/index.php?rest_route=\/wp\/v2\/users\/11"}],"replies":[{"embeddable":true,"href":"https:\/\/ich.md\/index.php?rest_route=%2Fwp%2Fv2%2Fcomments&post=7999"}],"version-history":[{"count":3,"href":"https:\/\/ich.md\/index.php?rest_route=\/wp\/v2\/posts\/7999\/revisions"}],"predecessor-version":[{"id":8024,"href":"https:\/\/ich.md\/index.php?rest_route=\/wp\/v2\/posts\/7999\/revisions\/8024"}],"wp:featuredmedia":[{"embeddable":true,"href":"https:\/\/ich.md\/index.php?rest_route=\/wp\/v2\/media\/8006"}],"wp:attachment":[{"href":"https:\/\/ich.md\/index.php?rest_route=%2Fwp%2Fv2%2Fmedia&parent=7999"}],"wp:term":[{"taxonomy":"category","embeddable":true,"href":"https:\/\/ich.md\/index.php?rest_route=%2Fwp%2Fv2%2Fcategories&post=7999"},{"taxonomy":"post_tag","embeddable":true,"href":"https:\/\/ich.md\/index.php?rest_route=%2Fwp%2Fv2%2Ftags&post=7999"}],"curies":[{"name":"wp","href":"https:\/\/api.w.org\/{rel}","templated":true}]}}