{"id":8026,"date":"2024-11-26T16:01:48","date_gmt":"2024-11-26T14:01:48","guid":{"rendered":"https:\/\/ich.md\/?p=8026"},"modified":"2024-11-26T16:09:20","modified_gmt":"2024-11-26T14:09:20","slug":"va-invitam-sa-descoperiti-mostenirea-inui-geniu-gheorghe-voda-vizionar-al-generatiei-de-aur","status":"publish","type":"post","link":"https:\/\/ich.md\/?p=8026","title":{"rendered":"V\u0103 invit\u0103m s\u0103 descoperi\u021bi mo\u0219tenirea unui maestru: Gheorghe Vod\u0103, vizionar al genera\u021biei de aur"},"content":{"rendered":"\n<p>Sec\u021bia \u201ePatrimoniu artistic\u201d a Institutului Patrimoniului Cultural organizeaz\u0103 <strong>Masa rotund\u0103<\/strong> cu genericul <em>Gheorghe Vod\u0103 \u2013 distins creator al \u201egenera\u021biei de aur\u201d<\/em> (90 de ani de la na\u0219terea poetului \u0219i cineastului).<\/p>\n\n\n\n<p>Masa rotund\u0103 marcheaz\u0103 cei 90 de ani de la na\u0219terea poetului \u0219i cineastului Gheorghe Vod\u0103, o personalitate de referin\u021b\u0103 \u00een arta \u0219i cultura na\u021bional\u0103.<\/p>\n\n\n\n<p>Evenimentul propune un program variat, incluz\u00e2nd: <\/p>\n\n\n\n<ul>\n<li>Comunic\u0103ri despre activitatea remarcabil\u0103 a cineastului Gheorghe Vod\u0103; <\/li>\n<\/ul>\n\n\n\n<ul>\n<li>Evoc\u0103ri emo\u021bionante ale celor care l-au cunoscut \u0219i au colaborat cu el;<\/li>\n<\/ul>\n\n\n\n<ul>\n<li>Proiec\u021bia filmelor documentare <strong>\u201eNunta\u201d<\/strong> \u0219i <strong>\u201eDe ale toamnei\u201d<\/strong>, regizate de Gheorghe Vod\u0103.<\/li>\n<\/ul>\n\n\n\n<p>Invitat special: <strong>Ricu Vod\u0103<\/strong>, interpret \u0219i compozitor, fiul cineastului, care va \u00eemp\u0103rt\u0103\u0219i confesiuni despre via\u021ba \u0219i mo\u0219tenirea tat\u0103lui s\u0103u.<\/p>\n\n\n\n<p>Manifestarea va avea loc at\u00e2t \u00een format fizic, c\u00e2t \u0219i online pe <strong>28 noiembrie 2024<\/strong>, de la <strong>ora 10.00<\/strong>, \u00een Sala de \u0218edin\u021be a Institutului Patrimoniului Cultural (biroul 538) de pe bd. \u0218tefan cel Mare \u0219i Sf\u00e2nt, nr. 1.<\/p>\n\n\n\n<p>To\u021bi cei pasiona\u021bi de via\u021ba \u0219i opera lui Gheorghe Vod\u0103 \u2013 cercet\u0103tori, doctoranzi, cadre didactice, tineri studio\u0219i \u0219i reprezentan\u021bi ai mass-media \u2013 sunt invita\u021bi s\u0103 participe. V\u0103 a\u0219tept\u0103m cu drag!<br><\/p>\n\n\n\n<div class=\"wp-block-file\"><object class=\"wp-block-file__embed\" data=\"https:\/\/ich.md\/wp-content\/uploads\/2024\/11\/PLIANT_VODA.pdf\" type=\"application\/pdf\" style=\"width:100%;height:600px\" aria-label=\"\u00cenglobare pentru PLIANT_VODA.\"><\/object><a id=\"wp-block-file--media-5e33a841-8775-4d9d-945f-7efae9ac6bdf\" href=\"https:\/\/ich.md\/wp-content\/uploads\/2024\/11\/PLIANT_VODA.pdf\">PLIANT_VODA<\/a><a href=\"https:\/\/ich.md\/wp-content\/uploads\/2024\/11\/PLIANT_VODA.pdf\" class=\"wp-block-file__button wp-element-button\" download aria-describedby=\"wp-block-file--media-5e33a841-8775-4d9d-945f-7efae9ac6bdf\">Descarc\u0103<\/a><\/div>\n","protected":false},"excerpt":{"rendered":"<p>Sec\u021bia \u201ePatrimoniu artistic\u201d a Institutului Patrimoniului Cultural organizeaz\u0103 Masa rotund\u0103 cu genericul Gheorghe Vod\u0103 \u2013 distins creator al \u201egenera\u021biei de aur\u201d (90 de ani de<span class=\"read-more-link\"><a class=\"read-more\" href=\"https:\/\/ich.md\/?p=8026\">Read More<\/a><\/span><\/p>\n","protected":false},"author":11,"featured_media":8028,"comment_status":"closed","ping_status":"closed","sticky":false,"template":"","format":"standard","meta":[],"categories":[10],"tags":[],"_links":{"self":[{"href":"https:\/\/ich.md\/index.php?rest_route=\/wp\/v2\/posts\/8026"}],"collection":[{"href":"https:\/\/ich.md\/index.php?rest_route=\/wp\/v2\/posts"}],"about":[{"href":"https:\/\/ich.md\/index.php?rest_route=\/wp\/v2\/types\/post"}],"author":[{"embeddable":true,"href":"https:\/\/ich.md\/index.php?rest_route=\/wp\/v2\/users\/11"}],"replies":[{"embeddable":true,"href":"https:\/\/ich.md\/index.php?rest_route=%2Fwp%2Fv2%2Fcomments&post=8026"}],"version-history":[{"count":4,"href":"https:\/\/ich.md\/index.php?rest_route=\/wp\/v2\/posts\/8026\/revisions"}],"predecessor-version":[{"id":8032,"href":"https:\/\/ich.md\/index.php?rest_route=\/wp\/v2\/posts\/8026\/revisions\/8032"}],"wp:featuredmedia":[{"embeddable":true,"href":"https:\/\/ich.md\/index.php?rest_route=\/wp\/v2\/media\/8028"}],"wp:attachment":[{"href":"https:\/\/ich.md\/index.php?rest_route=%2Fwp%2Fv2%2Fmedia&parent=8026"}],"wp:term":[{"taxonomy":"category","embeddable":true,"href":"https:\/\/ich.md\/index.php?rest_route=%2Fwp%2Fv2%2Fcategories&post=8026"},{"taxonomy":"post_tag","embeddable":true,"href":"https:\/\/ich.md\/index.php?rest_route=%2Fwp%2Fv2%2Ftags&post=8026"}],"curies":[{"name":"wp","href":"https:\/\/api.w.org\/{rel}","templated":true}]}}