{"id":8033,"date":"2024-11-28T14:25:03","date_gmt":"2024-11-28T12:25:03","guid":{"rendered":"https:\/\/ich.md\/?p=8033"},"modified":"2024-11-28T14:27:10","modified_gmt":"2024-11-28T12:27:10","slug":"locuinta-rusilor-lipoveni-din-satul-cunicea-traditii-si-manifestari-culturale-in-conformitate-cu-materialele-acumulate-in-cadrul-unei-cercetari-de-teren","status":"publish","type":"post","link":"https:\/\/ich.md\/?p=8033","title":{"rendered":"Locuin\u021ba ru\u0219ilor lipoveni din satul Cunicea: tradi\u021bii \u0219i manifest\u0103ri culturale (\u00een conformitate cu materialele acumulate \u00een cadrul unei cercet\u0103ri de teren)"},"content":{"rendered":"\n<p>\u00cen perioada 14\u201319 noiembrie 2024, cercet\u0103torul \u0219tiin\u021bific Irina Ijboldina a desf\u0103\u0219urat o expedi\u021bie \u00een satul Cunicea, raionul Flore\u0219ti, av\u00e2nd drept scop documentarea principalelor tr\u0103s\u0103turi ale locuin\u021bei ru\u0219ilor de rit vechi (lipoveni). Aceast\u0103 cercetare a inclus realizarea de materiale fotografice \u0219i intervievarea responden\u021bilor, contribuind la aprofundarea cuno\u0219tin\u021belor despre patrimoniul cultural al acestei comunit\u0103\u021bi.<\/p>\n\n\n\n<p>Procesul de colectare a materialului etnografic s-a bazat pe o serie de metode precum observa\u021bia direct\u0103, interviuri structurate \u0219i conversa\u021bii informale, sus\u021binute de un chestionar elaborat de cercet\u0103tor. Prin utilizarea acestor tehnici, au fost ob\u021binute at\u00e2t dovezi documentare din relat\u0103rile locuitorilor, c\u00e2t \u0219i un set amplu de materiale vizuale, care surprind:<\/p>\n\n\n\n<ul>\n<li><strong>Locuin\u021bele tradi\u021bionale<\/strong> ale ru\u0219ilor de rit vechi, incluz\u00e2nd construc\u021biile din curte (vederi generale ale spa\u021biului, gospod\u0103rii, garduri, anexe etc.);<\/li>\n\n\n\n<li><strong>Spa\u021biile interioare<\/strong>, \u00een care sunt reflectate elemente de amenajare tradi\u021bionale \u0219i moderne.<\/li>\n<\/ul>\n\n\n\n<p>O aten\u021bie deosebit\u0103 a fost acordat\u0103 identific\u0103rii \u0219i nominaliz\u0103rii elementelor care compun codul cultural al comunit\u0103\u021bii etno-religioase din satul Cunicea.<\/p>\n\n\n\n<p>Rezultatele acestei expedi\u021bii includ peste 100 de fotografii \u0219i interviuri realizate cu mai mult de zece informatori. Acestea constituie un material etnografic unic, care surprinde locuin\u021bele tradi\u021bionale ale ru\u0219ilor de rit vechi, multe dintre acestea afl\u00e2ndu-se \u00eentr-un stadiu de dispari\u021bie din cauza transform\u0103rilor spa\u021biului locativ contemporan.<\/p>\n\n\n\n<p>Acest studiu reprezint\u0103 o contribu\u021bie semnificativ\u0103 la documentarea, conservarea \u0219i promovarea mo\u0219tenirii culturale a lipovenilor din Moldova, oferind o perspectiv\u0103 valoroas\u0103 asupra identit\u0103\u021bii culturale \u0219i a evolu\u021biei acesteia \u00een contextul modern.<\/p>\n\n\n\n<p>Legend\u0103:<\/p>\n\n\n\n<ol type=\"1\">\n<li><strong><em>Cunicea: tradi\u021bii \u0219i manifest\u0103ri culturale<\/em><\/strong><strong>.<\/strong> <strong>Dou\u0103 case \u00een apropiere: veche \u0219i modern\u0103 \u00een stil tradi\u021bional \/ <\/strong><em>\u041a\u0443\u043d\u0438\u0447\u0430<\/em><em>: <\/em><em>\u0442\u0440\u0430\u0434\u0438\u0446\u0438\u0438<\/em><em> <\/em><em>\u0438<\/em><em> <\/em><em>\u0441\u043e\u0432\u0440\u0435\u043c\u0435\u043d\u043d\u043e\u0441\u0442\u044c<\/em>. \u0414\u0432\u0430 \u0434\u043e\u043c\u0430 \u0440\u044f\u0434\u043e\u043c: \u0441\u0442\u0430\u0440\u044b\u0439 \u0438 \u0441\u043e\u0432\u0440\u0435\u043c\u0435\u043d\u043d\u044b\u0439 \u0432 \u0442\u0440\u0430\u0434\u0438\u0446\u0438\u043e\u043d\u043d\u043e\u043c \u0441\u0442\u0438\u043b\u0435.&nbsp;Fotografie realizat\u0103 de Irina Ijboldina.<\/li>\n\n\n\n<li><strong><em>Cas<\/em><\/strong><strong><em>\u0103 <\/em><\/strong><strong><em>din<\/em><\/strong><strong><em> <\/em><\/strong><strong><em>nuiele<\/em><\/strong><strong> (<em>\u0425\u0432\u043e\u0440\u043e\u0441\u0442\u044f\u043d\u043e\u0439 \u0434\u043e\u043c<\/em>) <\/strong><strong>de<\/strong><strong> <\/strong><strong>la<\/strong><strong> \u00ee<\/strong><strong>nceputul<\/strong><strong> <\/strong><strong>secolului<\/strong><strong> <\/strong><strong>al<\/strong><strong> <\/strong><strong>XX<\/strong><strong>&#8211;<\/strong><strong>lea<\/strong><strong>. <\/strong>Curtea lui Vera Danilovna Biriucova (a. n. 1937). \/<strong><em> \u0425\u0432\u043e\u0440\u043e\u0441\u0442\u044f\u043d\u043e\u0439 \u0434\u043e\u043c<\/em> \u043d\u0430\u0447\u0430\u043b\u043e <\/strong><strong>XX<\/strong><strong> <\/strong><strong>\u0432. <\/strong>\u0414\u0432\u043e\u0440 \u0411\u0438\u0440\u044e\u043a\u043e\u0432\u043e\u0439 \u0412\u0435\u0440\u044b \u0414\u0430\u043d\u0438\u043b\u043e\u0432\u043d\u044b (1937 \u0433. \u0440.). &nbsp;Fotografie realizat\u0103 de Irina Ijboldina.<\/li>\n\n\n\n<li><strong>Tehnologia de construc\u021bie a a\u0219a-nimitelor \u201ecase din nuiele\u201d: case din carcase se contruiau din b\u00e2rne (carcase) \u00eentre care se \u00eempleteau nuiele, unse cu lut.<\/strong> \/\u0422\u0435\u0445\u043d\u043e\u043b\u043e\u0433\u0438\u044f \u0441\u0442\u0440\u043e\u0438\u0442\u0435\u043b\u044c\u0441\u0442\u0432\u0430 \u0442. \u043d. \u00ab\u0445\u0432\u043e\u0440\u043e\u0441\u0442\u044f\u043d\u044b\u0445 \u0434\u043e\u043c\u043e\u0432\u00bb: \u043a\u0430\u0440\u043a\u0430\u0441\u043d\u044b\u0435 \u0434\u043e\u043c\u0430 \u0441\u0442\u0440\u043e\u0438\u043b\u0438\u0441\u044c \u0438\u0437 \u0431\u0440\u0435\u0432\u0435\u043d (\u043a\u0430\u0440\u043a\u0430\u0441\u0430) \u043c\u0435\u0436\u0434\u0443 \u043a\u043e\u0442\u043e\u0440\u044b\u043c\u0438 \u0437\u0430\u043f\u043b\u0435\u0442\u0430\u043b\u0438\u0441\u044c \u0438 \u043f\u0440\u043e\u043c\u0430\u0437\u044b\u0432\u0430\u043b\u0438\u0441\u044c \u0433\u043b\u0438\u043d\u043e\u0439 \u0432\u0435\u0442\u043a\u0438. Fotografie realizat\u0103 de Irina Ijboldina.<\/li>\n\n\n\n<li><strong>Casa Evdochiei Dav\u00e2dovna Don\u021bova (a. n. 1934), sf. sec. XIX. O amenajare tradi\u021bional\u0103 a fa\u021badelor. Intrarea \u00een subsol (<\/strong><strong><em>\u043f\u043e\u0433\u0440\u0435\u0431\u0438\u0446\u0430<\/em><\/strong><strong>), sc\u0103rile centrale \u0219i o mic\u0103 teras\u0103 &nbsp;(<\/strong><strong><em>\u0433\u0430\u043d\u043a\u0438<\/em><\/strong><strong>) <\/strong><strong>\u00een fa\u021ba pragului casei, \u00een st\u00e2nga \u2013 o anex\u0103 (<\/strong><strong><em>\u043f\u043e\u0442\u0442\u0430\u0448\u0435\u043a<\/em><\/strong><strong>).<\/strong> \/\u0414\u043e\u043c E\u0432\u0434\u043e\u043a\u0438\u0438 \u0414\u0430\u0432\u044b\u0434\u043e\u0432\u043d\u044b \u0414\u043e\u043d\u0446\u043e\u0432\u043e\u0439 (1934 \u0433. \u0440.). \u041a\u043e\u043d\u0435\u0446 XIX \u0432. \u0422\u0440\u0430\u0434\u0438\u0446\u0438\u043e\u043d\u043d\u043e\u0435 \u0443\u0441\u0442\u0440\u043e\u0439\u0441\u0442\u0432\u043e \u044d\u043a\u0441\u0442\u0435\u0440\u044c\u0435\u0440\u0430 \u0444\u0430\u0441\u0430\u0434\u0430. \u0412\u0445\u043e\u0434 \u0432 \u043f\u043e\u0434\u0432\u0430\u043b (<em>\u043f\u043e\u0433\u0440\u0435\u0431\u0438\u0446\u0430<\/em>), \u0432 \u0446\u0435\u043d\u0442\u0440\u0435 \u0441\u0442\u0443\u043f\u0435\u043d\u0438 \u0438 \u043c\u0430\u043b\u0435\u043d\u044c\u043a\u0430\u044f \u0442\u0435\u0440\u0440\u0430\u0441\u0430 (\u0433\u0430\u043d\u043a\u0438) \u043f\u0435\u0440\u0435\u0434 \u043f\u043e\u0440\u043e\u0433\u043e\u043c \u0434\u043e\u043c\u0430, \u0441\u043b\u0435\u0432\u0430 \u2013 \u043f\u0440\u0438\u0441\u0442\u0440\u043e\u0439\u043a\u0430 \u2013 <em>\u043f\u043e\u0442\u0442\u0430\u0448\u0435\u043a<\/em>.Fotografie realizat\u0103 de Irina Ijboldina.<\/li>\n\n\n\n<li><strong>Casa lui Emilian (1949\u20132024) \u0219i Valentina Slivcencov (a. n. 1959). Decorul tradi\u021bional modest, din secolul al XIX-lea \u2013 prima jum\u0103tate a secolului al XX-lea al caselor din s. Cunicea: pere\u021bii un\u0219i cu lut, erau <\/strong><strong>v\u0103rui\u021bi, cu adaus de s\u00e2neal\u0103 la col\u021buri \u0219i ancadramentele u\u0219ilor \u0219i ferestrelor.<\/strong> \/\u0414\u043e\u043c \u0415\u043c\u0438\u043b\u0438\u0430\u043d\u0430&nbsp; (1949\u20132024) \u0438 \u0412\u0430\u043b\u0435\u043d\u0442\u0438\u043d\u044b \u0421\u043b\u0438\u0432\u0447\u0435\u043d\u043a\u043e\u0432\u044b\u0445 (1959 \u0433. \u0440.). \u0422\u0440\u0430\u0434\u0438\u0446\u0438\u043e\u043d\u043d\u043e \u0441\u043a\u0440\u043e\u043c\u043d\u043e\u0435 \u0432 XIX \u2013 \u043f\u0435\u0440\u0432\u043e\u0439 \u043f\u043e\u043b. XX \u0432\u0432. \u0432\u043d\u0435\u0448\u043d\u0435\u0435 \u0443\u043a\u0440\u0430\u0448\u0435\u043d\u0438\u0435 \u0434\u043e\u043c\u043e\u0432 \u041a\u0443\u043d\u0438\u0447\u0438: \u0441\u0442\u0435\u043d\u044b \u043e\u0431\u043c\u0430\u0437\u044b\u0432\u0430\u043b\u0438\u0441\u044c \u0433\u043b\u0438\u043d\u043e\u0439, \u0431\u0435\u043b\u0438\u043b\u0438\u0441\u044c \u0438 \u043f\u043e\u0434\u0441\u0438\u043d\u0438\u0432\u0430\u043b\u0438\u0441\u044c \u0443\u0433\u043b\u044b \u0438 \u0440\u0430\u043c\u044b \u043e\u043a\u043e\u043d \u0438 \u0434\u0432\u0435\u0440\u0435\u0439. &nbsp;Fotografie realizat\u0103 de Irina Ijboldina.<\/li>\n\n\n\n<li><strong>Porti<\/strong><strong>\u021b<\/strong><strong>e<\/strong><strong> <\/strong><strong>tradi<\/strong><strong>\u021b<\/strong><strong>ionale<\/strong><strong> <\/strong><strong>din<\/strong><strong> <\/strong><strong>Cunicea<\/strong><strong> (<em>\u0444\u043e\u0440\u0442\u043a\u0438<\/em>). \/ <\/strong>\u0422\u0440\u0430\u0434\u0438\u0446\u0438\u043e\u043d\u043d\u044b\u0435 \u0434\u043b\u044f \u041a\u0443\u043d\u0438\u0447\u0438 \u0442\u0438\u043f\u044b \u043a\u0430\u043b\u0438\u0442\u043e\u043a \u2013 <em>\u0444\u043e\u0440\u0442\u043a\u0438<\/em>. <strong>&nbsp;<\/strong>Fotografie realizat\u0103 de Irina Ijboldina.<\/li>\n\n\n\n<li><strong>F\u00e2nt\u00e2ni din piatr\u0103 (<em>\u043a\u0440\u0438\u043d\u0438\u0446\u0430<\/em>) <\/strong><strong>plasate de-a lungul str\u0103zilor.<\/strong> \/\u041a\u0430\u043c\u0435\u043d\u043d\u044b\u0435 \u043a\u043e\u043b\u043e\u0434\u0446\u044b \u2013 <em>\u043a\u0440\u0438\u043d\u0438\u0446\u044b<\/em> \u0441\u0442\u0430\u0432\u0438\u043b\u0438\u0441\u044c \u0432 \u041a\u0443\u043d\u0438\u0447\u0435 \u043f\u043e \u043d\u0435\u0441\u043a\u043e\u043b\u044c\u043a\u043e \u043d\u0430 \u043e\u0434\u043d\u0443 \u0443\u043b\u0438\u0446\u0443. &nbsp;Fotografie realizat\u0103 de Irina Ijboldina.<\/li>\n\n\n\n<li><strong><em>Iconostas de cas\u0103<\/em><\/strong><strong>, ornat cu perdele dantelate, elementul principal \u0219i obligatoriu de amenajare a spa\u021biului intern al caselor lipovenilor.<\/strong> \/ <em>\u0414\u043e\u043c\u0430\u0448\u043d\u0438\u0439 \u0438\u043a\u043e\u043d\u043e\u0441\u0442\u0430\u0441<\/em>, \u0443\u043a\u0440\u0430\u0448\u0435\u043d\u043d\u044b\u0439 \u043f\u043e\u0434\u0437\u043e\u0440\u043e\u043c (\u043a\u0440\u0443\u0436\u0435\u0432\u043d\u044b\u043c\u0438 \u0437\u0430\u043d\u0430\u0432\u0435\u0441\u043a\u0430\u043c\u0438) \u2013 \u0433\u043b\u0430\u0432\u043d\u044b\u0439 \u0438 \u043e\u0431\u044f\u0437\u0430\u0442\u0435\u043b\u044c\u043d\u044b\u0439 \u044d\u043b\u0435\u043c\u0435\u043d\u0442 \u0443\u0431\u0440\u0430\u043d\u0441\u0442\u0432\u0430 \u0434\u043e\u043c\u0430 \u0441\u0442\u0430\u0440\u043e\u043e\u0431\u0440\u044f\u0434\u0446\u0435\u0432. Fotografie realizat\u0103 de Irina Ijboldina.<\/li>\n\n\n\n<li><strong>Amenajarea intern\u0103 a buc\u0103t\u0103rioarei celei mai vechi case din Cunicea, apar\u021bin\u00e2nd Marfei Semionovna Mihailova (Caunova, a. n. 1949). \u00cen partea st\u00e2ng\u0103 \u2013 cuptor ruseasc pentru g\u0103tire \u00eempreun\u0103 cu un dul\u0103pior de ungher (<em>\u043c\u0438\u0441\u043d\u0438\u043a<\/em>). \u00cen centru \u2013 o lad\u0103 (<em>\u0441\u043e\u0444\u043a\u0430<\/em>), peste care \u00een mod obligatoriu se a\u0219ternea un covora\u0219 moldovenesc (<em>\u043c\u0438\u0441\u043d\u0438\u043a<\/em>). <\/strong>\/ \u0412\u043d\u0443\u0442\u0440\u0435\u043d\u043d\u0435\u0435 \u0443\u0431\u0440\u0430\u043d\u0441\u0442\u0432\u043e <em>\u043a\u0443\u0445\u043e\u043d\u044c\u043a\u0438<\/em> \u0441\u0430\u043c\u043e\u0433\u043e \u0441\u0442\u0430\u0440\u043e\u0433\u043e \u0436\u0438\u043b\u043e\u0433\u043e \u0434\u043e\u043c\u0430 \u0432 \u041a\u0443\u043d\u0438\u0447\u0435 \u2013 \u0434\u043e\u043c\u0430 \u041c\u0430\u0440\u0444\u044b \u0421\u0435\u043c\u0435\u043d\u043e\u0432\u043d\u044b \u041c\u0438\u0445\u0430\u0439\u043b\u043e\u0432\u043e\u0439-\u041a\u0430\u0443\u043d\u043e\u0432\u043e\u0439 (1949 \u0433. \u0440.). \u0421\u043b\u0435\u0432\u0430 \u2013 <em>\u0440\u0443\u0441\u0441\u043a\u0430\u044f \u043f\u0435\u0447\u044c<\/em> \u0434\u043b\u044f \u043f\u0440\u0438\u0433\u043e\u0442\u043e\u0432\u043b\u0435\u043d\u0438\u044f \u043f\u0438\u0449\u0438 \u0438 \u0432 \u043d\u0435\u0439 \u0443\u0433\u043b\u043e\u0432\u043e\u0439 \u0448\u043a\u0430\u0444\u0447\u0438\u043a \u2013 <em>\u043c\u0438\u0441\u043d\u0438\u043a<\/em>. \u0412 \u0446\u0435\u043d\u0442\u0440\u0435 \u0441\u0443\u043d\u0434\u0443\u043a \u2013 <em>\u0441\u043e\u0444\u043a\u0430<\/em>, \u043d\u0430 \u043d\u0435\u043c \u043e\u0431\u044f\u0437\u0430\u0442\u0435\u043b\u044c\u043d\u044b\u0439 \u043c\u043e\u043b\u0434\u0430\u0432\u0441\u043a\u0438\u0439 \u043a\u043e\u0432\u0435\u0440 \u2013 <em>\u043a\u043e\u0446\u0438\u043a<\/em>. &nbsp;&nbsp;Fotografie realizat\u0103 de Irina Ijboldina.<\/li>\n\n\n\n<li><strong>&nbsp;<\/strong><strong>Sob\u0103 pentru \u00eenc\u0103lzirea casei (<\/strong><strong><em>\u0433\u0440\u0443\u0431\u043a\u0430<\/em><\/strong><strong>), care diviza spa\u021biul interior al casei sau al unei singure camere.<\/strong>\/\u041f\u0435\u0447\u044c \u0434\u043b\u044f \u043e\u0442\u043e\u043f\u043b\u0435\u043d\u0438\u044f \u0434\u043e\u043c\u0430 \u2013 <em>\u0433\u0440\u0443\u0431\u043a\u0430<\/em> \u0434\u0435\u043b\u0438\u043b\u0430 \u0432\u043d\u0443\u0442\u0440\u0435\u043d\u043d\u0435 \u043f\u0440\u043e\u0441\u0442\u0440\u0430\u043d\u0441\u0442\u0432\u043e \u0434\u043e\u043c\u0430 \u0438\u043b\u0438 \u043e\u0434\u043d\u043e\u0439 \u043a\u043e\u043c\u043d\u0430\u0442\u044b. &nbsp;Fotografie realizat\u0103 de Irina Ijboldina.<\/li>\n\n\n\n<li>&nbsp;<strong><em>Cas\u0103 parohial\u0103<\/em> (<em>\u0434\u043e\u043c-\u043f\u0440\u0438\u0447\u0442\u0430<\/em>) de la \u00eenceputul secolului al XX-lea din curtea bisericii Sf. Flor \u0219i Lavru (Iereul bisericii \u2013 Visarion Afanasievici Macarov)<\/strong> \/<em>\u0414\u043e\u043c-\u043f\u0440\u0438\u0447\u0442\u0430<\/em> (\u043f\u0440\u0438\u0445\u043e\u0434\u0441\u043a\u043e\u0439 \u0434\u043e\u043c \u043d\u0430\u0447. XX) \u043f\u0440\u0438 \u0446\u0435\u0440\u043a\u0432\u0438 \u00ab\u0424\u043b\u043e\u0440\u0430 \u0438 \u041b\u0430\u0432\u0440\u0430\u00bb. \u0418\u0435\u0440\u0435\u0439 \u0446\u0435\u0440\u043a\u0432\u0438 \u0412\u0438\u0441\u0441\u0430\u0440\u0438\u043e\u043d \u0410\u0444\u0430\u043d\u0430\u0441\u044c\u0435\u0432\u0438\u0447 \u041c\u0430\u043a\u0430\u0440\u043e\u0432. &nbsp;Fotografie realizat\u0103 de Irina Ijboldina.<\/li>\n<\/ol>\n\n\n\n<figure class=\"wp-block-image size-large\"><a href=\"https:\/\/ich.md\/wp-content\/uploads\/2024\/11\/1.jpg\"><img decoding=\"async\" loading=\"lazy\" width=\"1024\" height=\"568\" src=\"https:\/\/ich.md\/wp-content\/uploads\/2024\/11\/1-1024x568.jpg\" alt=\"\" class=\"wp-image-8034\"\/><\/a><\/figure>\n\n\n\n<figure class=\"wp-block-image size-large\"><a href=\"https:\/\/ich.md\/wp-content\/uploads\/2024\/11\/2.jpg\"><img decoding=\"async\" loading=\"lazy\" width=\"1024\" height=\"707\" src=\"https:\/\/ich.md\/wp-content\/uploads\/2024\/11\/2-1024x707.jpg\" alt=\"\" class=\"wp-image-8035\"\/><\/a><\/figure>\n\n\n\n<figure class=\"wp-block-image size-large\"><a href=\"https:\/\/ich.md\/wp-content\/uploads\/2024\/11\/3.png\"><img decoding=\"async\" loading=\"lazy\" width=\"1024\" height=\"742\" src=\"https:\/\/ich.md\/wp-content\/uploads\/2024\/11\/3-1024x742.png\" alt=\"\" class=\"wp-image-8036\"\/><\/a><\/figure>\n\n\n\n<figure class=\"wp-block-image size-large\"><a href=\"https:\/\/ich.md\/wp-content\/uploads\/2024\/11\/4.jpg\"><img decoding=\"async\" loading=\"lazy\" width=\"1024\" height=\"768\" src=\"https:\/\/ich.md\/wp-content\/uploads\/2024\/11\/4-1024x768.jpg\" alt=\"\" class=\"wp-image-8037\"\/><\/a><\/figure>\n\n\n\n<figure class=\"wp-block-image size-large\"><a href=\"https:\/\/ich.md\/wp-content\/uploads\/2024\/11\/5.png\"><img decoding=\"async\" loading=\"lazy\" width=\"1024\" height=\"612\" src=\"https:\/\/ich.md\/wp-content\/uploads\/2024\/11\/5-1024x612.png\" alt=\"\" class=\"wp-image-8038\"\/><\/a><\/figure>\n\n\n\n<figure class=\"wp-block-image size-large\"><a href=\"https:\/\/ich.md\/wp-content\/uploads\/2024\/11\/6-1.jpg\"><img decoding=\"async\" loading=\"lazy\" width=\"668\" height=\"1024\" src=\"https:\/\/ich.md\/wp-content\/uploads\/2024\/11\/6-1-668x1024.jpg\" alt=\"\" class=\"wp-image-8039\"\/><\/a><\/figure>\n\n\n\n<figure class=\"wp-block-image size-large\"><a href=\"https:\/\/ich.md\/wp-content\/uploads\/2024\/11\/7-1.jpg\"><img decoding=\"async\" loading=\"lazy\" width=\"672\" height=\"1024\" src=\"https:\/\/ich.md\/wp-content\/uploads\/2024\/11\/7-1-672x1024.jpg\" alt=\"\" class=\"wp-image-8040\"\/><\/a><\/figure>\n\n\n\n<figure class=\"wp-block-image size-large\"><a href=\"https:\/\/ich.md\/wp-content\/uploads\/2024\/11\/8-1.jpg\"><img decoding=\"async\" loading=\"lazy\" width=\"738\" height=\"1024\" src=\"https:\/\/ich.md\/wp-content\/uploads\/2024\/11\/8-1-738x1024.jpg\" alt=\"\" class=\"wp-image-8041\"\/><\/a><\/figure>\n\n\n\n<figure class=\"wp-block-image size-large\"><a href=\"https:\/\/ich.md\/wp-content\/uploads\/2024\/11\/9-1.jpg\"><img decoding=\"async\" loading=\"lazy\" width=\"796\" height=\"1024\" src=\"https:\/\/ich.md\/wp-content\/uploads\/2024\/11\/9-1-796x1024.jpg\" alt=\"\" class=\"wp-image-8042\"\/><\/a><\/figure>\n\n\n\n<figure class=\"wp-block-image size-large\"><a href=\"https:\/\/ich.md\/wp-content\/uploads\/2024\/11\/10-1.jpg\"><img decoding=\"async\" loading=\"lazy\" width=\"757\" height=\"1024\" src=\"https:\/\/ich.md\/wp-content\/uploads\/2024\/11\/10-1-757x1024.jpg\" alt=\"\" class=\"wp-image-8043\"\/><\/a><\/figure>\n\n\n\n<figure class=\"wp-block-image size-large\"><a href=\"https:\/\/ich.md\/wp-content\/uploads\/2024\/11\/11.jpg\"><img decoding=\"async\" loading=\"lazy\" width=\"779\" height=\"1024\" src=\"https:\/\/ich.md\/wp-content\/uploads\/2024\/11\/11-779x1024.jpg\" alt=\"\" class=\"wp-image-8044\"\/><\/a><\/figure>\n","protected":false},"excerpt":{"rendered":"<p>\u00cen perioada 14\u201319 noiembrie 2024, cercet\u0103torul \u0219tiin\u021bific Irina Ijboldina a desf\u0103\u0219urat o expedi\u021bie \u00een satul Cunicea, raionul Flore\u0219ti, av\u00e2nd drept scop documentarea principalelor tr\u0103s\u0103turi ale<span class=\"read-more-link\"><a class=\"read-more\" href=\"https:\/\/ich.md\/?p=8033\">Read More<\/a><\/span><\/p>\n","protected":false},"author":11,"featured_media":8046,"comment_status":"closed","ping_status":"closed","sticky":false,"template":"","format":"standard","meta":[],"categories":[10],"tags":[],"_links":{"self":[{"href":"https:\/\/ich.md\/index.php?rest_route=\/wp\/v2\/posts\/8033"}],"collection":[{"href":"https:\/\/ich.md\/index.php?rest_route=\/wp\/v2\/posts"}],"about":[{"href":"https:\/\/ich.md\/index.php?rest_route=\/wp\/v2\/types\/post"}],"author":[{"embeddable":true,"href":"https:\/\/ich.md\/index.php?rest_route=\/wp\/v2\/users\/11"}],"replies":[{"embeddable":true,"href":"https:\/\/ich.md\/index.php?rest_route=%2Fwp%2Fv2%2Fcomments&post=8033"}],"version-history":[{"count":2,"href":"https:\/\/ich.md\/index.php?rest_route=\/wp\/v2\/posts\/8033\/revisions"}],"predecessor-version":[{"id":8047,"href":"https:\/\/ich.md\/index.php?rest_route=\/wp\/v2\/posts\/8033\/revisions\/8047"}],"wp:featuredmedia":[{"embeddable":true,"href":"https:\/\/ich.md\/index.php?rest_route=\/wp\/v2\/media\/8046"}],"wp:attachment":[{"href":"https:\/\/ich.md\/index.php?rest_route=%2Fwp%2Fv2%2Fmedia&parent=8033"}],"wp:term":[{"taxonomy":"category","embeddable":true,"href":"https:\/\/ich.md\/index.php?rest_route=%2Fwp%2Fv2%2Fcategories&post=8033"},{"taxonomy":"post_tag","embeddable":true,"href":"https:\/\/ich.md\/index.php?rest_route=%2Fwp%2Fv2%2Ftags&post=8033"}],"curies":[{"name":"wp","href":"https:\/\/api.w.org\/{rel}","templated":true}]}}