{"id":8048,"date":"2024-11-28T16:04:53","date_gmt":"2024-11-28T14:04:53","guid":{"rendered":"https:\/\/ich.md\/?p=8048"},"modified":"2024-11-28T16:08:10","modified_gmt":"2024-11-28T14:08:10","slug":"masa-rotunda-cu-genericul-gheorghe-voda-distins-creator-al-generatiei-de-aur-90-de-ani-de-la-nastere","status":"publish","type":"post","link":"https:\/\/ich.md\/?p=8048","title":{"rendered":"Masa rotund\u0103 cu genericul Gheorghe Vod\u0103 \u2013 distins creator \u00a0al \u201egenera\u021biei de aur\u201d (90 de ani de la na\u0219tere)"},"content":{"rendered":"\n<p><\/p>\n\n\n\n<p>La data de 28 noiembrie 2024, \u00een cadrul Sec\u021biei \u201ePatrimoniu artistic\u201d a Institutului Patrimoniului Cultural, a avut loc Masa rotund\u0103 cu genericul <em>Gheorghe Vod\u0103 \u2013 distins creator al \u201egenera\u021biei de aur\u201d<\/em>. Evenimentul a fost dedicat celebr\u0103rii a 90 de ani de la na\u0219terea poetului \u0219i cineastului Gheorghe Vod\u0103, o personalitate marcant\u0103 a artei \u0219i culturii na\u021bionale.<\/p>\n\n\n\n<p>Cu un cuv\u00e2nt de salut au intervenit:<\/p>\n\n\n\n<ul>\n<li>Doamna Adriana Berevici, consultant principal pentru \u201ePolitici \u00een domeniul mass-media\u201d din cadrul Ministerului Culturii, responsabil\u0103 de domeniul artei cinematografice;<\/li>\n\n\n\n<li>Doamna Valentina Plugaru, secretar responsabil al Uniunii Cinea\u0219tilor din Republica Moldova.<\/li>\n<\/ul>\n\n\n\n<p>Programul mesei rotunde a cuprins o serie de comunic\u0103ri dedicate activit\u0103\u021bii literare \u0219i cinematografice a lui Gheorghe Vod\u0103, precum \u0219i evoc\u0103ri ale celor care l-au cunoscut \u0219i au colaborat cu el. Printre momentele speciale ale evenimentului s-a num\u0103rat prezen\u021ba compozitorului \u0219i interpretului Ricu Vod\u0103, fiul cineastului, care a interpretat c\u00e2teva melodii pe versurile tat\u0103lui s\u0103u \u0219i a \u00eemp\u0103rt\u0103\u0219it amintiri despre via\u021ba \u0219i activitatea acestuia.<\/p>\n\n\n\n<p>\u00cen \u00eencheiere, publicul a avut ocazia s\u0103 vizioneze dou\u0103 documentare de referin\u021b\u0103 ale lui Gheorghe Vod\u0103: <em>Nunta<\/em> \u0219i <em>De ale toamnei<\/em>, care au readus \u00een prim-plan m\u0103iestria regizorului.<\/p>\n\n\n\n<p>Evenimentul a fost un prilej deosebit de a omagia mo\u0219tenirea cultural\u0103 l\u0103sat\u0103 de Gheorghe Vod\u0103, reafirm\u00e2nd importan\u021ba operei sale pentru patrimoniul artistic na\u021bional.<\/p>\n\n\n\n<figure class=\"wp-block-image size-large\"><a href=\"https:\/\/ich.md\/wp-content\/uploads\/2024\/11\/ms1.jpg\"><img decoding=\"async\" loading=\"lazy\" width=\"1024\" height=\"683\" src=\"https:\/\/ich.md\/wp-content\/uploads\/2024\/11\/ms1-1024x683.jpg\" alt=\"\" class=\"wp-image-8049\"\/><\/a><\/figure>\n\n\n\n<figure class=\"wp-block-image size-large\"><a href=\"https:\/\/ich.md\/wp-content\/uploads\/2024\/11\/ms2.jpg\"><img decoding=\"async\" loading=\"lazy\" width=\"1024\" height=\"768\" src=\"https:\/\/ich.md\/wp-content\/uploads\/2024\/11\/ms2-1024x768.jpg\" alt=\"\" class=\"wp-image-8050\"\/><\/a><\/figure>\n\n\n\n<figure class=\"wp-block-image size-large\"><a href=\"https:\/\/ich.md\/wp-content\/uploads\/2024\/11\/468433223_122149828328293693_611919008419531896_n.jpg\"><img decoding=\"async\" loading=\"lazy\" width=\"1024\" height=\"683\" src=\"https:\/\/ich.md\/wp-content\/uploads\/2024\/11\/468433223_122149828328293693_611919008419531896_n-1024x683.jpg\" alt=\"\" class=\"wp-image-8053\"\/><\/a><\/figure>\n\n\n\n<figure class=\"wp-block-image size-large\"><a href=\"https:\/\/ich.md\/wp-content\/uploads\/2024\/11\/468531608_122149828640293693_3899574891111159020_n.jpg\"><img decoding=\"async\" loading=\"lazy\" width=\"1024\" height=\"683\" src=\"https:\/\/ich.md\/wp-content\/uploads\/2024\/11\/468531608_122149828640293693_3899574891111159020_n-1024x683.jpg\" alt=\"\" class=\"wp-image-8054\"\/><\/a><\/figure>\n\n\n\n<figure class=\"wp-block-image size-large\"><a href=\"https:\/\/ich.md\/wp-content\/uploads\/2024\/11\/468360216_122149828814293693_4391382310396466783_n.jpg\"><img decoding=\"async\" loading=\"lazy\" width=\"1024\" height=\"683\" src=\"https:\/\/ich.md\/wp-content\/uploads\/2024\/11\/468360216_122149828814293693_4391382310396466783_n-1024x683.jpg\" alt=\"\" class=\"wp-image-8055\"\/><\/a><\/figure>\n\n\n\n<figure class=\"wp-block-image size-full\"><a href=\"https:\/\/ich.md\/wp-content\/uploads\/2024\/11\/468337781_122149831340293693_4329907945050549484_n.jpg\"><img decoding=\"async\" loading=\"lazy\" width=\"697\" height=\"379\" src=\"https:\/\/ich.md\/wp-content\/uploads\/2024\/11\/468337781_122149831340293693_4329907945050549484_n.jpg\" alt=\"\" class=\"wp-image-8057\"\/><\/a><\/figure>\n","protected":false},"excerpt":{"rendered":"<p>La data de 28 noiembrie 2024, \u00een cadrul Sec\u021biei \u201ePatrimoniu artistic\u201d a Institutului Patrimoniului Cultural, a avut loc Masa rotund\u0103 cu genericul Gheorghe Vod\u0103 \u2013<span class=\"read-more-link\"><a class=\"read-more\" href=\"https:\/\/ich.md\/?p=8048\">Read More<\/a><\/span><\/p>\n","protected":false},"author":11,"featured_media":8052,"comment_status":"closed","ping_status":"closed","sticky":false,"template":"","format":"standard","meta":[],"categories":[10],"tags":[],"_links":{"self":[{"href":"https:\/\/ich.md\/index.php?rest_route=\/wp\/v2\/posts\/8048"}],"collection":[{"href":"https:\/\/ich.md\/index.php?rest_route=\/wp\/v2\/posts"}],"about":[{"href":"https:\/\/ich.md\/index.php?rest_route=\/wp\/v2\/types\/post"}],"author":[{"embeddable":true,"href":"https:\/\/ich.md\/index.php?rest_route=\/wp\/v2\/users\/11"}],"replies":[{"embeddable":true,"href":"https:\/\/ich.md\/index.php?rest_route=%2Fwp%2Fv2%2Fcomments&post=8048"}],"version-history":[{"count":3,"href":"https:\/\/ich.md\/index.php?rest_route=\/wp\/v2\/posts\/8048\/revisions"}],"predecessor-version":[{"id":8058,"href":"https:\/\/ich.md\/index.php?rest_route=\/wp\/v2\/posts\/8048\/revisions\/8058"}],"wp:featuredmedia":[{"embeddable":true,"href":"https:\/\/ich.md\/index.php?rest_route=\/wp\/v2\/media\/8052"}],"wp:attachment":[{"href":"https:\/\/ich.md\/index.php?rest_route=%2Fwp%2Fv2%2Fmedia&parent=8048"}],"wp:term":[{"taxonomy":"category","embeddable":true,"href":"https:\/\/ich.md\/index.php?rest_route=%2Fwp%2Fv2%2Fcategories&post=8048"},{"taxonomy":"post_tag","embeddable":true,"href":"https:\/\/ich.md\/index.php?rest_route=%2Fwp%2Fv2%2Ftags&post=8048"}],"curies":[{"name":"wp","href":"https:\/\/api.w.org\/{rel}","templated":true}]}}