{"id":8078,"date":"2024-12-05T16:16:28","date_gmt":"2024-12-05T14:16:28","guid":{"rendered":"https:\/\/ich.md\/?p=8078"},"modified":"2024-12-05T16:33:51","modified_gmt":"2024-12-05T14:33:51","slug":"excelenta-stiintifica-recunoscuta-dr-ion-ursu-laureat-al-premiului-a-d-xenopol-pentru-contributii-remarcabile-in-cercetarea-istorica","status":"publish","type":"post","link":"https:\/\/ich.md\/?p=8078","title":{"rendered":"Excelen\u021b\u0103 \u0219tiin\u021bific\u0103 recunoscut\u0103: dr. Ion Ursu, Laureat al Premiului Academiei Romane pentru contribu\u021bii remarcabile \u00een cercetarea istoric\u0103"},"content":{"rendered":"\n<p><strong>\u00cen aceste zile, ne bucur\u0103m al\u0103turi de colegul nostru, Domnul Dr. Ion Ursu, Directorul Institutului Patrimoniului Cultural, pentru ob\u021binerea prestigioasei distinc\u021bii a Academiei Rom\u00e2ne \u2013 Premiul \u201eA.D. Xenopol\u201d pentru anul 2022.<\/strong><\/p>\n\n\n\n<p>Aceast\u0103 distinc\u021bie deosebit\u0103 reprezint\u0103 o recunoa\u0219tere a excelen\u021bei \u00een cercetarea istoric\u0103 \u0219i a contribu\u021biilor valoroase \u00een domeniul patrimoniului cultural, fiind acordat\u0103 pentru lucrarea \u201e<strong>Popula\u021biile turanice din spa\u021biul est-carpatic \u00een secolele X-XIV<\/strong>\u201d. Lucrarea se remarc\u0103 printr-o cercetare detaliat\u0103 \u0219i profund\u0103, care aduce noi perspective asupra popula\u021biilor turanice din aceast\u0103 regiune, contribuind astfel la valorizarea patrimoniului nostru cultural \u0219i istoric.<\/p>\n\n\n\n<p>Ceremonia de decernare a avut loc pe 4 decembrie 2024, \u00een Aula Academiei Rom\u00e2ne, un eveniment deosebit, care a subliniat importan\u021ba acestui moment nu doar pentru <strong>dr. Ion Ursu<\/strong>, dar \u0219i pentru \u00eentreaga comunitate academic\u0103 din Republica Moldova.<\/p>\n\n\n\n<p><\/p>\n\n\n\n<figure class=\"wp-block-image size-large\"><a href=\"https:\/\/ich.md\/wp-content\/uploads\/2024\/12\/spinei.jpg\"><img decoding=\"async\" loading=\"lazy\" width=\"1024\" height=\"577\" src=\"https:\/\/ich.md\/wp-content\/uploads\/2024\/12\/spinei-1024x577.jpg\" alt=\"\" class=\"wp-image-8080\"\/><\/a><\/figure>\n\n\n\n<figure class=\"wp-block-image size-large\"><a href=\"https:\/\/ich.md\/wp-content\/uploads\/2024\/12\/ursu-primwste.jpg\"><img decoding=\"async\" loading=\"lazy\" width=\"1024\" height=\"577\" src=\"https:\/\/ich.md\/wp-content\/uploads\/2024\/12\/ursu-primwste-1024x577.jpg\" alt=\"\" class=\"wp-image-8085\"\/><\/a><\/figure>\n\n\n\n<figure class=\"wp-block-image size-large\"><a href=\"https:\/\/ich.md\/wp-content\/uploads\/2024\/12\/diploma-acad-2.jpg\"><img decoding=\"async\" loading=\"lazy\" width=\"768\" height=\"1024\" src=\"https:\/\/ich.md\/wp-content\/uploads\/2024\/12\/diploma-acad-2-768x1024.jpg\" alt=\"\" class=\"wp-image-8086\"\/><\/a><\/figure>\n\n\n\n<figure class=\"wp-block-image size-large\"><a href=\"https:\/\/ich.md\/wp-content\/uploads\/2024\/12\/Diploma-AcRo-1.jpg\"><img decoding=\"async\" loading=\"lazy\" width=\"1024\" height=\"733\" src=\"https:\/\/ich.md\/wp-content\/uploads\/2024\/12\/Diploma-AcRo-1-1024x733.jpg\" alt=\"\" class=\"wp-image-8087\"\/><\/a><\/figure>\n\n\n\n<figure class=\"wp-block-image size-large\"><a href=\"https:\/\/ich.md\/wp-content\/uploads\/2024\/12\/carte-ursu.jpg\"><img decoding=\"async\" loading=\"lazy\" width=\"768\" height=\"1024\" src=\"https:\/\/ich.md\/wp-content\/uploads\/2024\/12\/carte-ursu-768x1024.jpg\" alt=\"\" class=\"wp-image-8088\"\/><\/a><\/figure>\n","protected":false},"excerpt":{"rendered":"<p>\u00cen aceste zile, ne bucur\u0103m al\u0103turi de colegul nostru, Domnul Dr. Ion Ursu, Directorul Institutului Patrimoniului Cultural, pentru ob\u021binerea prestigioasei distinc\u021bii a Academiei Rom\u00e2ne \u2013<span class=\"read-more-link\"><a class=\"read-more\" href=\"https:\/\/ich.md\/?p=8078\">Read More<\/a><\/span><\/p>\n","protected":false},"author":11,"featured_media":8082,"comment_status":"closed","ping_status":"closed","sticky":false,"template":"","format":"standard","meta":[],"categories":[10],"tags":[],"_links":{"self":[{"href":"https:\/\/ich.md\/index.php?rest_route=\/wp\/v2\/posts\/8078"}],"collection":[{"href":"https:\/\/ich.md\/index.php?rest_route=\/wp\/v2\/posts"}],"about":[{"href":"https:\/\/ich.md\/index.php?rest_route=\/wp\/v2\/types\/post"}],"author":[{"embeddable":true,"href":"https:\/\/ich.md\/index.php?rest_route=\/wp\/v2\/users\/11"}],"replies":[{"embeddable":true,"href":"https:\/\/ich.md\/index.php?rest_route=%2Fwp%2Fv2%2Fcomments&post=8078"}],"version-history":[{"count":7,"href":"https:\/\/ich.md\/index.php?rest_route=\/wp\/v2\/posts\/8078\/revisions"}],"predecessor-version":[{"id":8094,"href":"https:\/\/ich.md\/index.php?rest_route=\/wp\/v2\/posts\/8078\/revisions\/8094"}],"wp:featuredmedia":[{"embeddable":true,"href":"https:\/\/ich.md\/index.php?rest_route=\/wp\/v2\/media\/8082"}],"wp:attachment":[{"href":"https:\/\/ich.md\/index.php?rest_route=%2Fwp%2Fv2%2Fmedia&parent=8078"}],"wp:term":[{"taxonomy":"category","embeddable":true,"href":"https:\/\/ich.md\/index.php?rest_route=%2Fwp%2Fv2%2Fcategories&post=8078"},{"taxonomy":"post_tag","embeddable":true,"href":"https:\/\/ich.md\/index.php?rest_route=%2Fwp%2Fv2%2Ftags&post=8078"}],"curies":[{"name":"wp","href":"https:\/\/api.w.org\/{rel}","templated":true}]}}