{"id":8145,"date":"2024-12-18T16:08:42","date_gmt":"2024-12-18T14:08:42","guid":{"rendered":"https:\/\/ich.md\/?p=8145"},"modified":"2024-12-18T16:11:45","modified_gmt":"2024-12-18T14:11:45","slug":"gala-cercetatorilor-2024-un-eveniment-dedicat-excelentei-in-cercetare-si-inovare","status":"publish","type":"post","link":"https:\/\/ich.md\/?p=8145","title":{"rendered":"Gala Cercet\u0103torilor 2024 \u2013 eveniment dedicat excelen\u021bei \u00een cercetare \u0219i inovare"},"content":{"rendered":"\n<p>Ast\u0103zi, 18 decembrie 2024, \u00eencep\u00e2nd cu ora 13:00, a avut loc Gala Cercet\u0103torilor 2024, un eveniment prestigios organizat de <strong>Ministerul Educa\u021biei<\/strong> <strong>\u0219i Cercet\u0103rii<\/strong>, dedicat celebr\u0103rii excelen\u021bei \u00een domeniul cercet\u0103rii \u0219i inov\u0103rii. Festivitatea s-a desf\u0103\u0219urat la Digital Park, Str. Mihai Viteazul 15, \u00eentr-un cadru festiv \u0219i plin de inspira\u021bie.<\/p>\n\n\n\n<p>Un moment deosebit al evenimentului a fost premierea colegului nostru, <strong>dr. Valentin Arapu<\/strong>, pentru rezultatele sale remarcabile \u00een cercetare. Acest premiu reprezint\u0103 recunoa\u0219terea contribu\u021biilor valoroase ale domnului Arapu \u00een domeniul \u0219tiin\u021bific \u0219i un exemplu de dedicare \u0219i pasiune \u00een promovarea cunoa\u0219terii.<\/p>\n\n\n\n<p>Felicit\u0103ri, dr. Valentin Arapu, suntem m\u00e2ndri de realiz\u0103rile \u0219i contribu\u021bia dumneavoastr\u0103 continu\u0103 la dezvoltarea \u0219tiin\u021bei.<\/p>\n\n\n\n<figure class=\"wp-block-image size-large\"><a href=\"https:\/\/ich.md\/wp-content\/uploads\/2024\/12\/diploma-1.jpg\"><img decoding=\"async\" loading=\"lazy\" width=\"1024\" height=\"768\" src=\"https:\/\/ich.md\/wp-content\/uploads\/2024\/12\/diploma-1-1024x768.jpg\" alt=\"\" class=\"wp-image-8147\"\/><\/a><\/figure>\n\n\n\n<figure class=\"wp-block-image size-large\"><a href=\"https:\/\/ich.md\/wp-content\/uploads\/2024\/12\/arap-1.jpg\"><img decoding=\"async\" loading=\"lazy\" width=\"1024\" height=\"1024\" src=\"https:\/\/ich.md\/wp-content\/uploads\/2024\/12\/arap-1-1024x1024.jpg\" alt=\"\" class=\"wp-image-8148\"\/><\/a><\/figure>\n\n\n\n<figure class=\"wp-block-image size-large\"><a href=\"https:\/\/ich.md\/wp-content\/uploads\/2024\/12\/harap.jpg\"><img decoding=\"async\" loading=\"lazy\" width=\"768\" height=\"1024\" src=\"https:\/\/ich.md\/wp-content\/uploads\/2024\/12\/harap-768x1024.jpg\" alt=\"\" class=\"wp-image-8149\"\/><\/a><\/figure>\n","protected":false},"excerpt":{"rendered":"<p>Ast\u0103zi, 18 decembrie 2024, \u00eencep\u00e2nd cu ora 13:00, a avut loc Gala Cercet\u0103torilor 2024, un eveniment prestigios organizat de Ministerul Educa\u021biei \u0219i Cercet\u0103rii, dedicat celebr\u0103rii<span class=\"read-more-link\"><a class=\"read-more\" href=\"https:\/\/ich.md\/?p=8145\">Read More<\/a><\/span><\/p>\n","protected":false},"author":11,"featured_media":8147,"comment_status":"closed","ping_status":"closed","sticky":false,"template":"","format":"standard","meta":[],"categories":[10],"tags":[],"_links":{"self":[{"href":"https:\/\/ich.md\/index.php?rest_route=\/wp\/v2\/posts\/8145"}],"collection":[{"href":"https:\/\/ich.md\/index.php?rest_route=\/wp\/v2\/posts"}],"about":[{"href":"https:\/\/ich.md\/index.php?rest_route=\/wp\/v2\/types\/post"}],"author":[{"embeddable":true,"href":"https:\/\/ich.md\/index.php?rest_route=\/wp\/v2\/users\/11"}],"replies":[{"embeddable":true,"href":"https:\/\/ich.md\/index.php?rest_route=%2Fwp%2Fv2%2Fcomments&post=8145"}],"version-history":[{"count":3,"href":"https:\/\/ich.md\/index.php?rest_route=\/wp\/v2\/posts\/8145\/revisions"}],"predecessor-version":[{"id":8152,"href":"https:\/\/ich.md\/index.php?rest_route=\/wp\/v2\/posts\/8145\/revisions\/8152"}],"wp:featuredmedia":[{"embeddable":true,"href":"https:\/\/ich.md\/index.php?rest_route=\/wp\/v2\/media\/8147"}],"wp:attachment":[{"href":"https:\/\/ich.md\/index.php?rest_route=%2Fwp%2Fv2%2Fmedia&parent=8145"}],"wp:term":[{"taxonomy":"category","embeddable":true,"href":"https:\/\/ich.md\/index.php?rest_route=%2Fwp%2Fv2%2Fcategories&post=8145"},{"taxonomy":"post_tag","embeddable":true,"href":"https:\/\/ich.md\/index.php?rest_route=%2Fwp%2Fv2%2Ftags&post=8145"}],"curies":[{"name":"wp","href":"https:\/\/api.w.org\/{rel}","templated":true}]}}