{"id":8163,"date":"2024-12-19T16:28:40","date_gmt":"2024-12-19T14:28:40","guid":{"rendered":"https:\/\/ich.md\/?p=8163"},"modified":"2024-12-19T16:28:40","modified_gmt":"2024-12-19T14:28:40","slug":"patrimoniul-istoric-si-arhitectural-al-orasului-orhei-studiu-analiza-si-perspective-de-conservare","status":"publish","type":"post","link":"https:\/\/ich.md\/?p=8163","title":{"rendered":"Patrimoniul istoric \u0219i arhitectural al ora\u0219ului Orhei: studiu, analiz\u0103 \u0219i perspective de conservare"},"content":{"rendered":"\n<p>Deplasarea realizat\u0103 de dr. Alla Ceastina a urm\u0103rit documentarea \u00een cadrul temei de cercetare <strong>\u201eAria istoric\u0103 \u0219i monumentele protejate de stat din ora\u0219ul Orhei. Studiu istoric, analiz\u0103, recomand\u0103ri\u201d<\/strong>. Scopul principal al acestei cercet\u0103ri este de a analiza \u0219i eviden\u021bia importan\u021ba patrimoniului istoric \u0219i arhitectural al ora\u0219ului Orhei, oferind totodat\u0103 solu\u021bii pentru conservarea \u0219i promovarea acestuia.<\/p>\n\n\n\n<p>Activit\u0103\u021bile desf\u0103\u0219urate au inclus vizitarea unor monumente emblematice, precum statuia \u201eVasile Lupu\u201d (1936), Biserica armeano-gregorian\u0103 \u201eSf. N\u0103sc\u0103toare de Dumnezeu\u201d (1902-1903), Catedrala \u201eSf. Dumitru\u201d (1632-1635), \u0219i Biserica romano-catolic\u0103 \u201eSf. Maria\u201d (1914). Totodat\u0103, s-au purtat discu\u021bii cu colaboratorii Muzeului de Istorie \u0219i Etnografie din Orhei \u0219i s-au studiat documentele de arhiv\u0103 relevante.<\/p>\n\n\n\n<p>Prin studierea arhivelor, discu\u021bii cu colaboratorii Muzeului de Istorie \u0219i Etnografie din Orhei \u0219i observa\u021bii directe, cercetarea \u00ee\u0219i propune s\u0103 contribuie la protejarea \u0219i valorificarea acestui patrimoniu, asigur\u00e2nd o mai bun\u0103 \u00een\u021belegere a semnifica\u021biei sale pentru identitatea cultural\u0103 local\u0103.<\/p>\n\n\n\n<figure class=\"wp-block-image size-large\"><a href=\"https:\/\/ich.md\/wp-content\/uploads\/2024\/12\/vl.jpg\"><img decoding=\"async\" loading=\"lazy\" width=\"768\" height=\"1024\" src=\"https:\/\/ich.md\/wp-content\/uploads\/2024\/12\/vl-768x1024.jpg\" alt=\"\" class=\"wp-image-8164\"\/><\/a><\/figure>\n\n\n\n<p><strong>Statuia \u201eVasile Lupu\u201d<\/strong> (Bd. Mihai Eminescu, 2, 1936)<br>Amplasat\u0103 \u00een centrul ora\u0219ului Orhei, statuia lui Vasile Lupu a fost dezvelit\u0103 \u00een anul 1937. Autorul sculpturii este renumitul sculptor rom\u00e2n Oscar Han, iar arhitectura monumentului a fost realizat\u0103 de Robert Kur\u021b. Statuia din bronz \u00eel \u00eenf\u0103\u021bi\u0219eaz\u0103 pe Vasile Lupu purt\u00e2nd od\u0103jdii voievodale, \u021bin\u00e2nd \u00een m\u00e2na dreapt\u0103 o gramot\u0103 domneasc\u0103, fiind redat\u0103 \u00eentr-o postur\u0103 dinamic\u0103. Monumentul este situat \u00een fa\u021ba fostei case a profesorilor din ora\u0219ul \u0219i jude\u021bul Orhei, orientat cu fa\u021ba spre r\u0103s\u0103rit.<\/p>\n\n\n\n<figure class=\"wp-block-image size-large\"><a href=\"https:\/\/ich.md\/wp-content\/uploads\/2024\/12\/arm.jpg\"><img decoding=\"async\" loading=\"lazy\" width=\"768\" height=\"1024\" src=\"https:\/\/ich.md\/wp-content\/uploads\/2024\/12\/arm-768x1024.jpg\" alt=\"\" class=\"wp-image-8165\"\/><\/a><\/figure>\n\n\n\n<p><strong>Biserica armeano-gregorian\u0103 \u201eSf. N\u0103sc\u0103toare de Dumnezeu\u201d<\/strong> (1902-1903)<br>Pe locul primului l\u0103ca\u0219 de cult al comunit\u0103\u021bii armene\u0219ti din Orhei, ridicat \u00een 1830 \u0219i \u00eenchinat Sfintei Marii, a fost construit\u0103 \u00een 1903 o biseric\u0103 nou\u0103. Proiectul a fost realizat de renumitul arhitect Al. Bernardazzi, ctitor fiind mo\u0219ierul armean Bogdasarov. Edificiul, inspirat de arhitectura armenilor din perioada timpurie a cre\u0219tinismului, reprezint\u0103 o important\u0103 mo\u0219tenire cultural\u0103 \u0219i arhitectural\u0103 a regiunii.<\/p>\n\n\n\n<figure class=\"wp-block-image size-large\"><a href=\"https:\/\/ich.md\/wp-content\/uploads\/2024\/12\/sf.dumitru.jpg\"><img decoding=\"async\" loading=\"lazy\" width=\"1024\" height=\"768\" src=\"https:\/\/ich.md\/wp-content\/uploads\/2024\/12\/sf.dumitru-1024x768.jpg\" alt=\"\" class=\"wp-image-8166\"\/><\/a><\/figure>\n\n\n\n<p><strong>Catedrala \u201eSf. Dumitru\u201d<\/strong> (Str. Chi\u0219in\u0103ului, 6, 1632-1635)<br>Considerat\u0103 una dintre cele mai semnificative construc\u021bii ecleziastice din Basarabia, Catedrala \u201eSf. Dumitru\u201d din Orhei a fost construit\u0103 \u00eentre anii 1632-1635 \u0219i sfin\u021bit\u0103 \u00een 1637, cu ocazia vizitei domnitorului Vasile Lupu. Biserica \u00eembin\u0103 stilul moldovenesc vechi cu elemente arhitecturale unice, precum pridvorul lateral \u0219i turnul clopotni\u021bei. Portalul de piatr\u0103 al intr\u0103rii, bogat ornamentat, reflect\u0103 tradi\u021biile artistice moldovene\u0219ti ale epocii.<\/p>\n\n\n\n<figure class=\"wp-block-image size-large\"><a href=\"https:\/\/ich.md\/wp-content\/uploads\/2024\/12\/cat.jpg\"><img decoding=\"async\" loading=\"lazy\" width=\"1024\" height=\"768\" src=\"https:\/\/ich.md\/wp-content\/uploads\/2024\/12\/cat-1024x768.jpg\" alt=\"\" class=\"wp-image-8167\"\/><\/a><\/figure>\n\n\n\n<p><strong>Biserica romano-catolic\u0103 \u201eSf. Maria\u201d<\/strong> (Str. Vasile Mahu, 117, 1914)<br>Construit\u0103 \u00een 1914, aceast\u0103 biseric\u0103 romano-catolic\u0103 este o reprezentare a stilului gotic caracteristic \u021b\u0103rilor din nord-vestul Europei. Proiectul a fost realizat de inginerul gubernial A. Asvadurov \u0219i arhitectul M. Sero\u021binskii, cu sprijinul financiar al familiei Dolivo-Dobrovolski. Cezarina Dolivo-Dobrovolski a fost principalul donator, contribuind semnificativ la ridicarea acestui monument istoric.<\/p>\n\n\n\n<figure class=\"wp-block-image size-large\"><a href=\"https:\/\/ich.md\/wp-content\/uploads\/2024\/12\/muz.jpg\"><img decoding=\"async\" loading=\"lazy\" width=\"1024\" height=\"768\" src=\"https:\/\/ich.md\/wp-content\/uploads\/2024\/12\/muz-1024x768.jpg\" alt=\"\" class=\"wp-image-8168\"\/><\/a><\/figure>\n\n\n\n<p><\/p>\n\n\n\n<p><\/p>\n\n\n\n<p>Vizitarea Muzeului de istorie \u0219i etnografie din or. Orhei \u0219i discu\u021bii cu col\u0103bor\u0103tori din Muzeul despre cercetare. Cercetare dosarul de Arhiva Cadastral\u0103 din or. Orhei. Studierea monumentului de istorie \u0219i arhitectur\u0103:\u00a0 <a href=\"https:\/\/ro.wikipedia.org\/w\/index.php?title=Cas%C4%83_de_locuit_cu_poart%C4%83_ornamental%C4%83&amp;action=edit&amp;redlink=1\">Cas\u0103 de locuit cu poart\u0103 ornamental\u0103<\/a>, 1929, pe <strong>str. Rena\u0219terii Na\u021bionale, 23.<br>Muzeul de Istorie \u015fi Etnografie din ora\u015ful Orhei <\/strong>a fost inaugurat prin Ordinul nr. 82 din 14 februarie 1969 al Ministerului Culturii al RSSM. Edificiul Muzeului are statut de Monument de Istorie \u015fi Arhitectur\u0103 din sec. XX de semnifica\u0163ie na\u0163ional\u0103, fiind ocrotit de Stat prin Hot\u0103r\u0103rea Nr. 1531-XII din 22 iunie 1993 a Parlamentului Republicii Moldova \u015fi Hot\u0103r\u0103rii Nr. 984 a Ministerului Culturii \u015fi Turismului din RSSM. Muzeul de Istorie \u015fi Etnografie din ora\u015ful Orhei de\u0163ine Certificatul de \u00cenregistrare Nr. 045 din 18 iunie 2004.<\/p>\n","protected":false},"excerpt":{"rendered":"<p>Deplasarea realizat\u0103 de dr. Alla Ceastina a urm\u0103rit documentarea \u00een cadrul temei de cercetare \u201eAria istoric\u0103 \u0219i monumentele protejate de stat din ora\u0219ul Orhei. Studiu<span class=\"read-more-link\"><a class=\"read-more\" href=\"https:\/\/ich.md\/?p=8163\">Read More<\/a><\/span><\/p>\n","protected":false},"author":11,"featured_media":8154,"comment_status":"closed","ping_status":"closed","sticky":false,"template":"","format":"standard","meta":[],"categories":[10],"tags":[],"_links":{"self":[{"href":"https:\/\/ich.md\/index.php?rest_route=\/wp\/v2\/posts\/8163"}],"collection":[{"href":"https:\/\/ich.md\/index.php?rest_route=\/wp\/v2\/posts"}],"about":[{"href":"https:\/\/ich.md\/index.php?rest_route=\/wp\/v2\/types\/post"}],"author":[{"embeddable":true,"href":"https:\/\/ich.md\/index.php?rest_route=\/wp\/v2\/users\/11"}],"replies":[{"embeddable":true,"href":"https:\/\/ich.md\/index.php?rest_route=%2Fwp%2Fv2%2Fcomments&post=8163"}],"version-history":[{"count":1,"href":"https:\/\/ich.md\/index.php?rest_route=\/wp\/v2\/posts\/8163\/revisions"}],"predecessor-version":[{"id":8169,"href":"https:\/\/ich.md\/index.php?rest_route=\/wp\/v2\/posts\/8163\/revisions\/8169"}],"wp:featuredmedia":[{"embeddable":true,"href":"https:\/\/ich.md\/index.php?rest_route=\/wp\/v2\/media\/8154"}],"wp:attachment":[{"href":"https:\/\/ich.md\/index.php?rest_route=%2Fwp%2Fv2%2Fmedia&parent=8163"}],"wp:term":[{"taxonomy":"category","embeddable":true,"href":"https:\/\/ich.md\/index.php?rest_route=%2Fwp%2Fv2%2Fcategories&post=8163"},{"taxonomy":"post_tag","embeddable":true,"href":"https:\/\/ich.md\/index.php?rest_route=%2Fwp%2Fv2%2Ftags&post=8163"}],"curies":[{"name":"wp","href":"https:\/\/api.w.org\/{rel}","templated":true}]}}