{"id":8203,"date":"2024-12-25T11:14:02","date_gmt":"2024-12-25T09:14:02","guid":{"rendered":"https:\/\/ich.md\/?p=8203"},"modified":"2025-01-02T14:16:07","modified_gmt":"2025-01-02T12:16:07","slug":"sarbatori-fericite-si-un-an-nou-plin-de-impliniri","status":"publish","type":"post","link":"https:\/\/ich.md\/?p=8203","title":{"rendered":"S\u0103rb\u0103tori fericite \u0219i un An Nou plin de realiz\u0103ri!"},"content":{"rendered":"\n<p>Stima\u021bi colegi, dragi parteneri \u0219i prieteni,<\/p>\n\n\n\n<p>Cu ocazia s\u0103rb\u0103torilor de iarn\u0103, v\u0103 transmitem cele mai calde ur\u0103ri de s\u0103n\u0103tate, bucurie \u0219i \u00eemplinire! Acest moment al anului ne ofer\u0103 prilejul de a reflecta asupra realiz\u0103rilor comune, de a ne exprima recuno\u0219tin\u021ba pentru colaborarea frumoas\u0103 \u0219i de a privi cu optimism spre un viitor plin de oportunit\u0103\u021bi.<\/p>\n\n\n\n<p>Fie ca spiritul s\u0103rb\u0103torilor s\u0103 v\u0103 lumineze sufletele \u0219i casele, iar Noul An s\u0103 v\u0103 aduc\u0103 inspira\u021bie, succes \u0219i armonie \u00een toate proiectele \u0219i aspira\u021biile dumneavoastr\u0103.<\/p>\n\n\n\n<p>V\u0103 mul\u021bumim pentru sprijinul continuu \u0219i pentru parteneriatul valoros pe care \u00eel avem! S\u0103rb\u0103tori fericite \u0219i un An Nou plin de realiz\u0103ri remarcabile!<\/p>\n\n\n\n<p>Cu respect \u0219i considera\u021bie, <\/p>\n\n\n\n<p>Institutul Patrimoniului Cultural<\/p>\n\n\n\n<div class=\"wp-block-file\"><object class=\"wp-block-file__embed\" data=\"https:\/\/ich.md\/wp-content\/uploads\/2025\/01\/Albastru-Fulg-de-Zapada-Citat-Iarna-Postare-Facebook.pdf\" type=\"application\/pdf\" style=\"width:100%;height:600px\" aria-label=\"\u00cenglobare pentru Albastru-Fulg-de-Zapada-Citat-Iarna-Postare-Facebook.\"><\/object><a id=\"wp-block-file--media-4d55492d-7d57-446d-b6fb-fe6f9ed36803\" href=\"https:\/\/ich.md\/wp-content\/uploads\/2025\/01\/Albastru-Fulg-de-Zapada-Citat-Iarna-Postare-Facebook.pdf\">Albastru-Fulg-de-Zapada-Citat-Iarna-Postare-Facebook<\/a><a href=\"https:\/\/ich.md\/wp-content\/uploads\/2025\/01\/Albastru-Fulg-de-Zapada-Citat-Iarna-Postare-Facebook.pdf\" class=\"wp-block-file__button wp-element-button\" download aria-describedby=\"wp-block-file--media-4d55492d-7d57-446d-b6fb-fe6f9ed36803\">Descarc\u0103<\/a><\/div>\n","protected":false},"excerpt":{"rendered":"<p>Stima\u021bi colegi, dragi parteneri \u0219i prieteni, Cu ocazia s\u0103rb\u0103torilor de iarn\u0103, v\u0103 transmitem cele mai calde ur\u0103ri de s\u0103n\u0103tate, bucurie \u0219i \u00eemplinire! Acest moment al<span class=\"read-more-link\"><a class=\"read-more\" href=\"https:\/\/ich.md\/?p=8203\">Read More<\/a><\/span><\/p>\n","protected":false},"author":11,"featured_media":8286,"comment_status":"closed","ping_status":"closed","sticky":false,"template":"","format":"standard","meta":[],"categories":[10],"tags":[],"_links":{"self":[{"href":"https:\/\/ich.md\/index.php?rest_route=\/wp\/v2\/posts\/8203"}],"collection":[{"href":"https:\/\/ich.md\/index.php?rest_route=\/wp\/v2\/posts"}],"about":[{"href":"https:\/\/ich.md\/index.php?rest_route=\/wp\/v2\/types\/post"}],"author":[{"embeddable":true,"href":"https:\/\/ich.md\/index.php?rest_route=\/wp\/v2\/users\/11"}],"replies":[{"embeddable":true,"href":"https:\/\/ich.md\/index.php?rest_route=%2Fwp%2Fv2%2Fcomments&post=8203"}],"version-history":[{"count":6,"href":"https:\/\/ich.md\/index.php?rest_route=\/wp\/v2\/posts\/8203\/revisions"}],"predecessor-version":[{"id":8284,"href":"https:\/\/ich.md\/index.php?rest_route=\/wp\/v2\/posts\/8203\/revisions\/8284"}],"wp:featuredmedia":[{"embeddable":true,"href":"https:\/\/ich.md\/index.php?rest_route=\/wp\/v2\/media\/8286"}],"wp:attachment":[{"href":"https:\/\/ich.md\/index.php?rest_route=%2Fwp%2Fv2%2Fmedia&parent=8203"}],"wp:term":[{"taxonomy":"category","embeddable":true,"href":"https:\/\/ich.md\/index.php?rest_route=%2Fwp%2Fv2%2Fcategories&post=8203"},{"taxonomy":"post_tag","embeddable":true,"href":"https:\/\/ich.md\/index.php?rest_route=%2Fwp%2Fv2%2Ftags&post=8203"}],"curies":[{"name":"wp","href":"https:\/\/api.w.org\/{rel}","templated":true}]}}