{"id":825,"date":"2014-04-02T13:05:44","date_gmt":"2014-04-02T09:05:44","guid":{"rendered":"http:\/\/ich.md\/?p=825"},"modified":"2014-04-04T13:44:35","modified_gmt":"2014-04-04T09:44:35","slug":"825","status":"publish","type":"post","link":"https:\/\/ich.md\/?p=825","title":{"rendered":"No Title"},"content":{"rendered":"<p style=\"text-align: justify;\" align=\"center\"><strong>Sec\u021bia probleme generale ale etnografiei \u0219i rela\u021bii interetnice<\/strong><\/p>\n<ul>\n<li><a href=\"http:\/\/ich.md\/wp-content\/uploads\/2014\/04\/Sec\u0163ia-Probleme-generale-ale-Etnografiei1.docx\">Sectorul de etnografie a moldovenilor\u00a0<\/a><br \/>\n<a href=\"http:\/\/ich.md\/wp-content\/uploads\/2014\/04\/Sec\u0163ia-Probleme-generale-ale-Etnografiei1.docx\"> <img decoding=\"async\" loading=\"lazy\" alt=\"index\" src=\"http:\/\/ich.md\/wp-content\/uploads\/2013\/12\/index1.jpg\" width=\"57\" height=\"57\" \/><\/a><\/li>\n<li><a href=\"http:\/\/ich.md\/wp-content\/uploads\/2014\/04\/Sectorul-rela\u0163ii-interetnice.docx\">Sectorul\u00a0 rela\u0163ii interetnice<\/a><br \/>\n<a href=\"http:\/\/ich.md\/wp-content\/uploads\/2014\/04\/Sectorul-rela\u0163ii-interetnice.docx\"><img decoding=\"async\" loading=\"lazy\" alt=\"index\" src=\"http:\/\/ich.md\/wp-content\/uploads\/2013\/12\/index1.jpg\" width=\"57\" height=\"57\" \/><\/a><\/li>\n<\/ul>\n<p><b>Sec\u021bia monorit\u0103\u021bi etnice<br \/>\n<\/b><\/p>\n<ul>\n<li>\n<p style=\"text-align: left;\" align=\"center\"><a href=\"http:\/\/ich.md\/wp-content\/uploads\/2014\/04\/cadre-4.docx\">Etnologia ucrainenilor<\/a><br \/>\n<a href=\"http:\/\/ich.md\/wp-content\/uploads\/2014\/04\/cadre-4.docx\"> <img decoding=\"async\" loading=\"lazy\" alt=\"index\" src=\"http:\/\/ich.md\/wp-content\/uploads\/2013\/12\/index1.jpg\" width=\"57\" height=\"57\" \/><\/a><\/p>\n<\/li>\n<li>\n<p style=\"text-align: left;\" align=\"center\"><a href=\"http:\/\/ich.md\/wp-content\/uploads\/2014\/04\/cadre-5.docx\">Etnologia ru\u015filor<\/a><br \/>\n<a href=\"http:\/\/ich.md\/wp-content\/uploads\/2014\/04\/cadre-5.docx\"> <img decoding=\"async\" loading=\"lazy\" alt=\"index\" src=\"http:\/\/ich.md\/wp-content\/uploads\/2013\/12\/index1.jpg\" width=\"57\" height=\"57\" \/><\/a><\/p>\n<\/li>\n<li><a href=\"http:\/\/ich.md\/wp-content\/uploads\/2014\/04\/cadre-6.docx\">Etnologia g\u0103g\u0103uzilor<\/a><br \/>\n<a href=\"http:\/\/ich.md\/wp-content\/uploads\/2014\/04\/cadre-6.docx\"> <img decoding=\"async\" loading=\"lazy\" alt=\"index\" src=\"http:\/\/ich.md\/wp-content\/uploads\/2013\/12\/index1.jpg\" width=\"57\" height=\"57\" \/><\/a><\/li>\n<li>\n<p style=\"text-align: left;\" align=\"center\"><a href=\"http:\/\/ich.md\/wp-content\/uploads\/2014\/04\/cadre-7.docx\">Etnologia bulgarilor<\/a><br \/>\n<a href=\"http:\/\/ich.md\/wp-content\/uploads\/2014\/04\/cadre-7.docx\"> <img decoding=\"async\" loading=\"lazy\" alt=\"index\" src=\"http:\/\/ich.md\/wp-content\/uploads\/2013\/12\/index1.jpg\" width=\"57\" height=\"57\" \/><\/a><\/p>\n<\/li>\n<li>\n<p style=\"text-align: left;\" align=\"center\"><a href=\"http:\/\/ich.md\/wp-content\/uploads\/2014\/04\/cadre-8.docx\">Etnologia evreilor<\/a><br \/>\n<a href=\"http:\/\/ich.md\/wp-content\/uploads\/2014\/04\/cadre-8.docx\"> <img decoding=\"async\" loading=\"lazy\" alt=\"index\" src=\"http:\/\/ich.md\/wp-content\/uploads\/2013\/12\/index1.jpg\" width=\"57\" height=\"57\" \/><\/a><\/p>\n<\/li>\n<li><a href=\"http:\/\/ich.md\/wp-content\/uploads\/2014\/04\/cadre-9.docx\">Etnologia romilor<\/a><br \/>\n<a href=\"http:\/\/ich.md\/wp-content\/uploads\/2014\/04\/cadre-9.docx\"> <img decoding=\"async\" loading=\"lazy\" alt=\"index\" src=\"http:\/\/ich.md\/wp-content\/uploads\/2013\/12\/index1.jpg\" width=\"57\" height=\"57\" \/><\/a><\/li>\n<\/ul>\n<p>&nbsp;<\/p>\n<p style=\"text-align: justify;\" align=\"center\"><b>\u00a0<\/b><\/p>\n<p style=\"text-align: justify;\" align=\"center\">\n","protected":false},"excerpt":{"rendered":"<p>Sec\u021bia probleme generale ale etnografiei \u0219i rela\u021bii interetnice Sectorul de etnografie a moldovenilor\u00a0 Sectorul\u00a0 rela\u0163ii interetnice Sec\u021bia monorit\u0103\u021bi etnice Etnologia ucrainenilor Etnologia ru\u015filor Etnologia g\u0103g\u0103uzilor<span class=\"read-more-link\"><a class=\"read-more\" href=\"https:\/\/ich.md\/?p=825\">Read More<\/a><\/span><\/p>\n","protected":false},"author":2,"featured_media":0,"comment_status":"closed","ping_status":"open","sticky":false,"template":"","format":"standard","meta":[],"categories":[47],"tags":[],"_links":{"self":[{"href":"https:\/\/ich.md\/index.php?rest_route=\/wp\/v2\/posts\/825"}],"collection":[{"href":"https:\/\/ich.md\/index.php?rest_route=\/wp\/v2\/posts"}],"about":[{"href":"https:\/\/ich.md\/index.php?rest_route=\/wp\/v2\/types\/post"}],"author":[{"embeddable":true,"href":"https:\/\/ich.md\/index.php?rest_route=\/wp\/v2\/users\/2"}],"replies":[{"embeddable":true,"href":"https:\/\/ich.md\/index.php?rest_route=%2Fwp%2Fv2%2Fcomments&post=825"}],"version-history":[{"count":12,"href":"https:\/\/ich.md\/index.php?rest_route=\/wp\/v2\/posts\/825\/revisions"}],"predecessor-version":[{"id":853,"href":"https:\/\/ich.md\/index.php?rest_route=\/wp\/v2\/posts\/825\/revisions\/853"}],"wp:attachment":[{"href":"https:\/\/ich.md\/index.php?rest_route=%2Fwp%2Fv2%2Fmedia&parent=825"}],"wp:term":[{"taxonomy":"category","embeddable":true,"href":"https:\/\/ich.md\/index.php?rest_route=%2Fwp%2Fv2%2Fcategories&post=825"},{"taxonomy":"post_tag","embeddable":true,"href":"https:\/\/ich.md\/index.php?rest_route=%2Fwp%2Fv2%2Ftags&post=825"}],"curies":[{"name":"wp","href":"https:\/\/api.w.org\/{rel}","templated":true}]}}