{"id":8292,"date":"2025-01-31T16:28:20","date_gmt":"2025-01-31T14:28:20","guid":{"rendered":"https:\/\/ich.md\/?p=8292"},"modified":"2025-01-31T16:30:15","modified_gmt":"2025-01-31T14:30:15","slug":"masa-rotunda-personalitati-remarcabile-ale-arhitecturii-si-artei-monumentale-din-republica-moldova-consacrata-aniversarii-a-125-de-ani-de-la-nasterea-talentatei-arhitecte","status":"publish","type":"post","link":"https:\/\/ich.md\/?p=8292","title":{"rendered":"Masa rotunda \u201ePersonalit\u0103\u021bi remarcabile ale arhitecturii \u0219i artei monumentale din Republica Moldova\u201d, consacrat\u0103 anivers\u0103rii a 125 de ani de la na\u0219terea arhitectei\u00a0\u00a0Etti-Roza Spirer\u00a0"},"content":{"rendered":"\n<p class=\"has-text-align-center\"><strong>Stima\u021bi colegi,<\/strong><\/p>\n\n\n\n<p>Avem deosebita pl\u0103cere de a v\u0103 invita la Masa rotund\u0103 organizat\u0103 de <strong>Sec\u021bia Patrimoniu Cultural Construit<\/strong> a Institutului Patrimoniului Cultural, cu tema <strong>\u201ePersonalit\u0103\u021bi remarcabile ale arhitecturii \u0219i artei monumentale din Republica Moldova\u201d<\/strong>, dedicat\u0103 comemor\u0103rii a 125 de ani de la na\u0219terea talentatei arhitecte <strong>Etti-Roza Spirer<\/strong> (n\u0103scut\u0103 la 16 aprilie 1900, Gala\u021bi \u2013 decedat\u0103 la 30 martie 1990, Chi\u0219in\u0103u).<\/p>\n\n\n\n<p>Evenimentul va avea loc joi, 13 martie 2025, \u00eencep\u00e2nd cu ora 10:00, \u00een sala 538 a Institutului Patrimoniului Cultural, situat pe bulevardul \u0218tefan cel Mare, nr. 1, Chi\u0219in\u0103u, MD-2001.<\/p>\n\n\n\n<p>V\u0103 rug\u0103m s\u0103 ne confirma\u021bi participarea \u0219i s\u0103 ne transmite\u021bi titlul \u0219i un scurt rezumat al comunic\u0103rii dumneavoastr\u0103 (\u00eentre 1.000 \u0219i 1.200 de caractere, inclusiv spa\u021bii) p\u00e2n\u0103 la data de 1 martie 2025.<\/p>\n\n\n\n<p>Pentru informa\u0163ii suplimentare v\u0103 rug\u0103m s\u0103 ne contacta\u0163i:<\/p>\n\n\n\n<p>dr. Aurelia Trifan, tel.: (+373) 68279995, e-mail:&nbsp;<a rel=\"noreferrer noopener\" href=\"mailto:trifanaurelia2707@gmail.com\" target=\"_blank\">trifanaurelia2707@gmail.com<\/a><\/p>\n\n\n\n<p>dr. Vitalie Malcoci, tel.: (+373) 69142425, e-mail:&nbsp;<a rel=\"noreferrer noopener\" href=\"mailto:vitaliemalcoci@gmail.com\" target=\"_blank\">vitaliemalcoci@gmail.com<\/a><\/p>\n\n\n\n<p>A\u0219tept\u0103m cu interes contribu\u021biile dumneavoastr\u0103!<\/p>\n","protected":false},"excerpt":{"rendered":"<p>Stima\u021bi colegi, Avem deosebita pl\u0103cere de a v\u0103 invita la Masa rotund\u0103 organizat\u0103 de Sec\u021bia Patrimoniu Cultural Construit a Institutului Patrimoniului Cultural, cu tema \u201ePersonalit\u0103\u021bi<span class=\"read-more-link\"><a class=\"read-more\" href=\"https:\/\/ich.md\/?p=8292\">Read More<\/a><\/span><\/p>\n","protected":false},"author":11,"featured_media":8293,"comment_status":"closed","ping_status":"closed","sticky":false,"template":"","format":"standard","meta":[],"categories":[10],"tags":[],"_links":{"self":[{"href":"https:\/\/ich.md\/index.php?rest_route=\/wp\/v2\/posts\/8292"}],"collection":[{"href":"https:\/\/ich.md\/index.php?rest_route=\/wp\/v2\/posts"}],"about":[{"href":"https:\/\/ich.md\/index.php?rest_route=\/wp\/v2\/types\/post"}],"author":[{"embeddable":true,"href":"https:\/\/ich.md\/index.php?rest_route=\/wp\/v2\/users\/11"}],"replies":[{"embeddable":true,"href":"https:\/\/ich.md\/index.php?rest_route=%2Fwp%2Fv2%2Fcomments&post=8292"}],"version-history":[{"count":3,"href":"https:\/\/ich.md\/index.php?rest_route=\/wp\/v2\/posts\/8292\/revisions"}],"predecessor-version":[{"id":8296,"href":"https:\/\/ich.md\/index.php?rest_route=\/wp\/v2\/posts\/8292\/revisions\/8296"}],"wp:featuredmedia":[{"embeddable":true,"href":"https:\/\/ich.md\/index.php?rest_route=\/wp\/v2\/media\/8293"}],"wp:attachment":[{"href":"https:\/\/ich.md\/index.php?rest_route=%2Fwp%2Fv2%2Fmedia&parent=8292"}],"wp:term":[{"taxonomy":"category","embeddable":true,"href":"https:\/\/ich.md\/index.php?rest_route=%2Fwp%2Fv2%2Fcategories&post=8292"},{"taxonomy":"post_tag","embeddable":true,"href":"https:\/\/ich.md\/index.php?rest_route=%2Fwp%2Fv2%2Ftags&post=8292"}],"curies":[{"name":"wp","href":"https:\/\/api.w.org\/{rel}","templated":true}]}}