{"id":8299,"date":"2025-03-03T18:40:09","date_gmt":"2025-03-03T16:40:09","guid":{"rendered":"https:\/\/ich.md\/?p=8299"},"modified":"2025-03-04T14:23:28","modified_gmt":"2025-03-04T12:23:28","slug":"mobilitate-academica-internationala-si-colaborare-interdisciplinara-noi-perspective-asupra-patrimoniului-cultural-si-identitatii-comunitare","status":"publish","type":"post","link":"https:\/\/ich.md\/?p=8299","title":{"rendered":"Mobilitate academic\u0103 interna\u021bional\u0103 \u0219i colaborare interdisciplinar\u0103: Noi perspective asupra patrimoniului cultural \u0219i identit\u0103\u021bii comunitare"},"content":{"rendered":"\n<p>\u00cen perioada 23 februarie \u2013 2 martie 2025, cercet\u0103tori ai Institutului Patrimoniului Cultural au participat la Schimbul interna\u021bional de experien\u021b\u0103 academic\u0103 \u201eErasmus+ teaching mobility\u201d \u0219i la Atelierul pluridisciplinar \u201eIstorie, Filosofie, Etnografie, Antropologie\u201d, organizate de Laboratory for a prospective Anthropology din cadrul Universit\u00e9 catholique de Louvain, \u00een Louvain-la-Neuve, Belgia.<\/p>\n\n\n\n<p>Evenimentul s-a desf\u0103\u0219urat sub coordonarea Pr. emerit Anne-Marie Vuillemenot \u0219i a dr. Tatiana S\u00eerbu, reunind speciali\u0219ti \u00een \u0219tiin\u021bele umaniste. \u00cen cadrul mobilit\u0103\u021bii academice, participan\u021bii au desf\u0103\u0219urat investiga\u021bii interdisciplinare, axate pe \u201eEtnologie, Antropologie \u0219i studii rome \u00een spa\u021biul european\u201d.<\/p>\n\n\n\n<p>Cercet\u0103torii IPC au sus\u021binut mai multe prezent\u0103ri:<\/p>\n\n\n\n<ul>\n<li><strong>Dr. Ion Duminica<\/strong> a analizat ultimele urme ale me\u0219te\u0219ugului de fier\u0103rie practicat \u00een comunitatea rom\u0103 din Soroca, eviden\u021biind uneltele \u0219i produsele expuse \u00een muzee, materialele documentare \u0219i sursele de memorie local\u0103, precum istoria oral\u0103.<\/li>\n\n\n\n<li><strong>Dr. Natalia Gradinaru<\/strong> a abordat rolul arhitecturii tradi\u021bionale \u00een dezvoltarea durabil\u0103 a comunit\u0103\u021bilor rurale din Republica Moldova, subliniind impactul acesteia asupra economiei locale, turismului \u0219i patrimoniului cultural, printr-o compara\u021bie cu modele europene.<\/li>\n\n\n\n<li><strong>Dr. Svetlana Procop<\/strong> a prezentat ritualurile de pomenire practicate de romii din Soroca de Pa\u0219tele Blajinilor, incluz\u00e2nd rezultatele unui sondaj realizat \u00een comunitate \u0219i analiza semnifica\u021biei acestor tradi\u021bii.<\/li>\n<\/ul>\n\n\n\n<p>Atelierul a reunit \u0219i cercet\u0103tori ai Universit\u0103\u021bii de Stat din Moldova, facilit\u00e2nd schimburi academice valoroase. De asemenea, \u00een data de 27 februarie, participan\u021bii au efectuat o vizit\u0103 de studiu la Aachen, pentru a documenta tradi\u021biile Carnavalului renan.<\/p>\n\n\n\n<p>\u00cen urma vizitei, cercet\u0103torii au descoperit c\u0103 aceast\u0103 festivitate tradi\u021bional\u0103 a cre\u0219tinismului occidental are loc \u00eenainte de \u00eenceperea Postului Mare. Primele asocia\u021bii de Carnaval din Aachen au ap\u0103rut la \u00eenceputul secolului al XIX-lea, \u00een perioada \u00een care Renania se afla sub domina\u021bie francez\u0103 \u0219i prusac\u0103. Carnavalul are ca motto \u201eSpass an der Freud\u201d (\u201eBucur\u0103-te din toat\u0103 inima\u201d), iar deschiderea oficial\u0103 are loc \u00een joia dinaintea Miercurii Cenu\u0219ii, cunoscut\u0103 \u00een Aachen drept \u201eJoia Gras\u0103\u201d. O tradi\u021bie specific\u0103 acestei zile este obiceiul femeilor de a t\u0103ia cravatele b\u0103rba\u021bilor \u0219i de a-i s\u0103ruta pe cei \u00eent\u00e2lni\u021bi pe strad\u0103.<\/p>\n\n\n\n<p>Totodat\u0103, cercet\u0103torii au vizitat \u0219i <strong>Domul din Aachen<\/strong>, o catedral\u0103 romano-catolic\u0103 considerat\u0103 a fi cea mai veche catedral\u0103 din Europa de Nord. Aici au fost \u00eencorona\u021bi, timp de aproape \u0219ase secole, \u00eemp\u0103ra\u021bii romano-germani.<\/p>\n\n\n\n<p>Vineri, 28 februarie, cercet\u0103torii au vizitat Bruxelles, explor\u00e2nd centrul capitalei \u0219i celebrul Grand Place, un ansamblu arhitectural deosebit, inclus \u00een patrimoniul mondial UNESCO. Pia\u021ba, \u00eenconjurat\u0103 de somptuoasele case ale breslelor, prim\u0103rie \u0219i Casa Regal\u0103, reprezint\u0103 una dintre cele mai impresionante atrac\u021bii ale ora\u0219ului, al\u0103turi de Atomium \u0219i Manneken Pis. De asemenea, au vizitat Biserica Ortodox\u0103 Sf\u00e2ntul Nicolae, un reper spiritual important, \u0219i au descoperit atmosfera cultural\u0103 distinct\u0103 a ora\u0219ului prin incursiuni \u00een libr\u0103rii \u0219i anticariate pline de istorie \u0219i rafinament.<\/p>\n\n\n\n<p>\u00cen restul zilelor, cercet\u0103torii s-au dedicat activit\u0103\u021bilor de documentare \u0219i studiu, desf\u0103\u0219urate la bibliotecile Universit\u0103\u021bii Louvain-la-Neuve, unde au analizat surse esen\u021biale pentru domeniul lor de cercetare.<\/p>\n\n\n\n<p>Acest schimb de experien\u021b\u0103 a reprezentat o oportunitate valoroas\u0103 de aprofundare a colabor\u0103rii interna\u021bionale \u0219i de promovare a patrimoniului cultural \u00een cadrul\u00a0<strong>Programului Erasmus+<\/strong><\/p>\n\n\n\n<figure class=\"wp-block-image size-full is-style-default\"><a href=\"https:\/\/ich.md\/wp-content\/uploads\/2025\/03\/1.jpg\"><img decoding=\"async\" loading=\"lazy\" width=\"1024\" height=\"768\" src=\"https:\/\/ich.md\/wp-content\/uploads\/2025\/03\/1.jpg\" alt=\"\" class=\"wp-image-8300\"\/><\/a><\/figure>\n\n\n\n<figure class=\"wp-block-image size-full\"><a href=\"https:\/\/ich.md\/wp-content\/uploads\/2025\/03\/2.jpg\"><img decoding=\"async\" loading=\"lazy\" width=\"768\" height=\"1024\" src=\"https:\/\/ich.md\/wp-content\/uploads\/2025\/03\/2.jpg\" alt=\"\" class=\"wp-image-8301\"\/><\/a><\/figure>\n\n\n\n<figure class=\"wp-block-image size-large\"><a href=\"https:\/\/ich.md\/wp-content\/uploads\/2025\/03\/3.jpg\"><img decoding=\"async\" loading=\"lazy\" width=\"1024\" height=\"768\" src=\"https:\/\/ich.md\/wp-content\/uploads\/2025\/03\/3-1024x768.jpg\" alt=\"\" class=\"wp-image-8302\"\/><\/a><\/figure>\n\n\n\n<figure class=\"wp-block-image size-large\"><a href=\"https:\/\/ich.md\/wp-content\/uploads\/2025\/03\/4.jpg\"><img decoding=\"async\" loading=\"lazy\" width=\"1024\" height=\"768\" src=\"https:\/\/ich.md\/wp-content\/uploads\/2025\/03\/4-1024x768.jpg\" alt=\"\" class=\"wp-image-8303\"\/><\/a><\/figure>\n\n\n\n<figure class=\"wp-block-image size-large\"><a href=\"https:\/\/ich.md\/wp-content\/uploads\/2025\/03\/5.jpg\"><img decoding=\"async\" loading=\"lazy\" width=\"1024\" height=\"768\" src=\"https:\/\/ich.md\/wp-content\/uploads\/2025\/03\/5-1024x768.jpg\" alt=\"\" class=\"wp-image-8304\"\/><\/a><\/figure>\n\n\n\n<figure class=\"wp-block-image size-large\"><a href=\"https:\/\/ich.md\/wp-content\/uploads\/2025\/03\/6.jpg\"><img decoding=\"async\" loading=\"lazy\" width=\"1024\" height=\"768\" src=\"https:\/\/ich.md\/wp-content\/uploads\/2025\/03\/6-1024x768.jpg\" alt=\"\" class=\"wp-image-8305\"\/><\/a><\/figure>\n\n\n\n<figure class=\"wp-block-image size-large\"><a href=\"https:\/\/ich.md\/wp-content\/uploads\/2025\/03\/7.jpg\"><img decoding=\"async\" loading=\"lazy\" width=\"1024\" height=\"768\" src=\"https:\/\/ich.md\/wp-content\/uploads\/2025\/03\/7-1024x768.jpg\" alt=\"\" class=\"wp-image-8306\"\/><\/a><\/figure>\n\n\n\n<figure class=\"wp-block-image size-large\"><a href=\"https:\/\/ich.md\/wp-content\/uploads\/2025\/03\/16.jpg\"><img decoding=\"async\" loading=\"lazy\" width=\"1024\" height=\"768\" src=\"https:\/\/ich.md\/wp-content\/uploads\/2025\/03\/16-1024x768.jpg\" alt=\"\" class=\"wp-image-8312\"\/><\/a><\/figure>\n\n\n\n<figure class=\"wp-block-image size-large\"><a href=\"https:\/\/ich.md\/wp-content\/uploads\/2025\/03\/9.jpg\"><img decoding=\"async\" loading=\"lazy\" width=\"768\" height=\"1024\" src=\"https:\/\/ich.md\/wp-content\/uploads\/2025\/03\/9-768x1024.jpg\" alt=\"\" class=\"wp-image-8307\"\/><\/a><\/figure>\n\n\n\n<figure class=\"wp-block-image size-large\"><a href=\"https:\/\/ich.md\/wp-content\/uploads\/2025\/03\/10.jpg\"><img decoding=\"async\" loading=\"lazy\" width=\"768\" height=\"1024\" src=\"https:\/\/ich.md\/wp-content\/uploads\/2025\/03\/10-768x1024.jpg\" alt=\"\" class=\"wp-image-8308\"\/><\/a><\/figure>\n\n\n\n<figure class=\"wp-block-image size-large\"><a href=\"https:\/\/ich.md\/wp-content\/uploads\/2025\/03\/11.jpg\"><img decoding=\"async\" loading=\"lazy\" width=\"1024\" height=\"768\" src=\"https:\/\/ich.md\/wp-content\/uploads\/2025\/03\/11-1024x768.jpg\" alt=\"\" class=\"wp-image-8309\"\/><\/a><\/figure>\n\n\n\n<figure class=\"wp-block-image size-large is-style-default\"><a href=\"https:\/\/ich.md\/wp-content\/uploads\/2025\/03\/13.jpg\"><img decoding=\"async\" loading=\"lazy\" width=\"1024\" height=\"768\" src=\"https:\/\/ich.md\/wp-content\/uploads\/2025\/03\/13-1024x768.jpg\" alt=\"\" class=\"wp-image-8310\"\/><\/a><\/figure>\n\n\n\n<figure class=\"wp-block-image size-large\"><a href=\"https:\/\/ich.md\/wp-content\/uploads\/2025\/03\/15.jpg\"><img decoding=\"async\" loading=\"lazy\" width=\"1024\" height=\"1024\" src=\"https:\/\/ich.md\/wp-content\/uploads\/2025\/03\/15-1024x1024.jpg\" alt=\"\" class=\"wp-image-8313\"\/><\/a><\/figure>\n\n\n\n<figure class=\"wp-block-image size-large\"><a href=\"https:\/\/ich.md\/wp-content\/uploads\/2025\/03\/17.jpg\"><img decoding=\"async\" loading=\"lazy\" width=\"1024\" height=\"768\" src=\"https:\/\/ich.md\/wp-content\/uploads\/2025\/03\/17-1024x768.jpg\" alt=\"\" class=\"wp-image-8314\"\/><\/a><\/figure>\n\n\n\n<figure class=\"wp-block-image size-large\"><a href=\"https:\/\/ich.md\/wp-content\/uploads\/2025\/03\/18.jpg\"><img decoding=\"async\" loading=\"lazy\" width=\"1024\" height=\"768\" src=\"https:\/\/ich.md\/wp-content\/uploads\/2025\/03\/18-1024x768.jpg\" alt=\"\" class=\"wp-image-8315\"\/><\/a><\/figure>\n","protected":false},"excerpt":{"rendered":"<p>\u00cen perioada 23 februarie \u2013 2 martie 2025, cercet\u0103tori ai Institutului Patrimoniului Cultural au participat la Schimbul interna\u021bional de experien\u021b\u0103 academic\u0103 \u201eErasmus+ teaching mobility\u201d \u0219i<span class=\"read-more-link\"><a class=\"read-more\" href=\"https:\/\/ich.md\/?p=8299\">Read More<\/a><\/span><\/p>\n","protected":false},"author":11,"featured_media":8314,"comment_status":"closed","ping_status":"closed","sticky":false,"template":"","format":"standard","meta":[],"categories":[10],"tags":[],"_links":{"self":[{"href":"https:\/\/ich.md\/index.php?rest_route=\/wp\/v2\/posts\/8299"}],"collection":[{"href":"https:\/\/ich.md\/index.php?rest_route=\/wp\/v2\/posts"}],"about":[{"href":"https:\/\/ich.md\/index.php?rest_route=\/wp\/v2\/types\/post"}],"author":[{"embeddable":true,"href":"https:\/\/ich.md\/index.php?rest_route=\/wp\/v2\/users\/11"}],"replies":[{"embeddable":true,"href":"https:\/\/ich.md\/index.php?rest_route=%2Fwp%2Fv2%2Fcomments&post=8299"}],"version-history":[{"count":12,"href":"https:\/\/ich.md\/index.php?rest_route=\/wp\/v2\/posts\/8299\/revisions"}],"predecessor-version":[{"id":8331,"href":"https:\/\/ich.md\/index.php?rest_route=\/wp\/v2\/posts\/8299\/revisions\/8331"}],"wp:featuredmedia":[{"embeddable":true,"href":"https:\/\/ich.md\/index.php?rest_route=\/wp\/v2\/media\/8314"}],"wp:attachment":[{"href":"https:\/\/ich.md\/index.php?rest_route=%2Fwp%2Fv2%2Fmedia&parent=8299"}],"wp:term":[{"taxonomy":"category","embeddable":true,"href":"https:\/\/ich.md\/index.php?rest_route=%2Fwp%2Fv2%2Fcategories&post=8299"},{"taxonomy":"post_tag","embeddable":true,"href":"https:\/\/ich.md\/index.php?rest_route=%2Fwp%2Fv2%2Ftags&post=8299"}],"curies":[{"name":"wp","href":"https:\/\/api.w.org\/{rel}","templated":true}]}}