{"id":8340,"date":"2025-03-11T11:15:38","date_gmt":"2025-03-11T09:15:38","guid":{"rendered":"https:\/\/ich.md\/?p=8340"},"modified":"2025-03-11T15:30:06","modified_gmt":"2025-03-11T13:30:06","slug":"invitatie-la-masa-rotunda-personalitati-remarcabile-ale-arhitecturii-si-artei-monumentale-din-republica-moldova","status":"publish","type":"post","link":"https:\/\/ich.md\/?p=8340","title":{"rendered":"Invita\u021bie la Masa rotund\u0103 \u201ePersonalit\u0103\u021bi remarcabile ale arhitecturii \u0219i artei monumentale din Republica Moldova\u201d"},"content":{"rendered":"\n<p class=\"has-text-align-center\"><strong><em>Stima\u021bi colegi,<\/em><\/strong><\/p>\n\n\n\n<p class=\"has-text-align-center\"><strong><em>Avem deosebita pl\u0103cere de a v\u0103 invita la Masa rotund\u0103<\/em><\/strong><\/p>\n\n\n\n<p class=\"has-text-align-center\"><strong><em>organizat\u0103 de Sec\u021bia Patrimoniu Cultural Construit<\/em><\/strong><\/p>\n\n\n\n<p class=\"has-text-align-center\"><strong><em>a Institutului Patrimoniului Cultural, cu tema<\/em><\/strong><\/p>\n\n\n\n<p class=\"has-text-align-center\"><strong><em>\u201ePersonalit\u0103\u021bi remarcabile ale arhitecturii \u0219i artei monumentale din Republica Moldova\u201d,<\/em><\/strong><\/p>\n\n\n\n<p class=\"has-text-align-center\"><strong><em>dedicat\u0103 anivers\u0103rii a 125 de ani de la na\u0219terea talentatei arhitecte Etti-Rosa Spirer<\/em><\/strong><\/p>\n\n\n\n<p class=\"has-text-align-center\"><strong><em>(n\u0103scut\u0103 la&nbsp; 16&nbsp; aprilie&nbsp; 1900,&nbsp;&nbsp; Gala\u021bi&nbsp;&nbsp; \u2013<\/em><\/strong><\/p>\n\n\n\n<p class=\"has-text-align-center\"><strong><em>decedat\u0103&nbsp; la&nbsp; 30&nbsp; martie&nbsp; 1990,&nbsp; Chi\u0219in\u0103u).<\/em><\/strong><\/p>\n\n\n\n<p class=\"has-text-align-center\"><strong><em>Evenimentul&nbsp; va&nbsp; avea loc joi, 13 martie 2025,&nbsp; \u00eencep\u00e2nd&nbsp; cu ora&nbsp; 10:00,&nbsp; \u00een sala 538&nbsp; a&nbsp; Institutului Patrimoniului Cultural, situat&nbsp; pe bulevardul \u0218tefan cel Mare \u0219i Sf\u00e2nt, nr. 1, Chi\u0219in\u0103u, MD-2001.<\/em><\/strong><\/p>\n\n\n\n<p class=\"has-text-align-center\"><strong><em>Dr. Aurelia Trifan, tel.: (+373) 68279995<\/em><\/strong><\/p>\n\n\n\n<p class=\"has-text-align-center\"><strong><em>Dr. Vitalie Malcoci, tel.: (+373) 69142425<\/em><\/strong><\/p>\n\n\n\n<p><\/p>\n\n\n\n<div class=\"wp-block-file\"><object class=\"wp-block-file__embed\" data=\"https:\/\/ich.md\/wp-content\/uploads\/2025\/03\/Program_rezumate_Spirer_2.pdf\" type=\"application\/pdf\" style=\"width:100%;height:600px\" aria-label=\"\u00cenglobare pentru Program_rezumate_Spirer_2.\"><\/object><a id=\"wp-block-file--media-bb0b07c4-70ee-4a7b-9fcb-37a0621cda89\" href=\"https:\/\/ich.md\/wp-content\/uploads\/2025\/03\/Program_rezumate_Spirer_2.pdf\">Program_rezumate_Spirer_2<\/a><a href=\"https:\/\/ich.md\/wp-content\/uploads\/2025\/03\/Program_rezumate_Spirer_2.pdf\" class=\"wp-block-file__button wp-element-button\" download aria-describedby=\"wp-block-file--media-bb0b07c4-70ee-4a7b-9fcb-37a0621cda89\">Descarc\u0103<\/a><\/div>\n\n\n\n<p class=\"has-text-align-center\"><\/p>\n\n\n\n<div class=\"wp-block-file\"><object class=\"wp-block-file__embed\" data=\"https:\/\/ich.md\/wp-content\/uploads\/2025\/03\/Program_rezumate_Spirer_3.pdf\" type=\"application\/pdf\" style=\"width:100%;height:600px\" aria-label=\"\u00cenglobare pentru Program_rezumate_Spirer_3.\"><\/object><a id=\"wp-block-file--media-13df9a44-9861-4b6c-a88f-f96d0ceeb6e0\" href=\"https:\/\/ich.md\/wp-content\/uploads\/2025\/03\/Program_rezumate_Spirer_3.pdf\">Program_rezumate_Spirer_3<\/a><a href=\"https:\/\/ich.md\/wp-content\/uploads\/2025\/03\/Program_rezumate_Spirer_3.pdf\" class=\"wp-block-file__button wp-element-button\" download aria-describedby=\"wp-block-file--media-13df9a44-9861-4b6c-a88f-f96d0ceeb6e0\">Descarc\u0103<\/a><\/div>\n\n\n\n<pre class=\"wp-block-verse\"><\/pre>\n","protected":false},"excerpt":{"rendered":"<p>Stima\u021bi colegi, Avem deosebita pl\u0103cere de a v\u0103 invita la Masa rotund\u0103 organizat\u0103 de Sec\u021bia Patrimoniu Cultural Construit a Institutului Patrimoniului Cultural, cu tema \u201ePersonalit\u0103\u021bi<span class=\"read-more-link\"><a class=\"read-more\" href=\"https:\/\/ich.md\/?p=8340\">Read More<\/a><\/span><\/p>\n","protected":false},"author":11,"featured_media":8293,"comment_status":"closed","ping_status":"closed","sticky":false,"template":"","format":"standard","meta":[],"categories":[10],"tags":[],"_links":{"self":[{"href":"https:\/\/ich.md\/index.php?rest_route=\/wp\/v2\/posts\/8340"}],"collection":[{"href":"https:\/\/ich.md\/index.php?rest_route=\/wp\/v2\/posts"}],"about":[{"href":"https:\/\/ich.md\/index.php?rest_route=\/wp\/v2\/types\/post"}],"author":[{"embeddable":true,"href":"https:\/\/ich.md\/index.php?rest_route=\/wp\/v2\/users\/11"}],"replies":[{"embeddable":true,"href":"https:\/\/ich.md\/index.php?rest_route=%2Fwp%2Fv2%2Fcomments&post=8340"}],"version-history":[{"count":5,"href":"https:\/\/ich.md\/index.php?rest_route=\/wp\/v2\/posts\/8340\/revisions"}],"predecessor-version":[{"id":8349,"href":"https:\/\/ich.md\/index.php?rest_route=\/wp\/v2\/posts\/8340\/revisions\/8349"}],"wp:featuredmedia":[{"embeddable":true,"href":"https:\/\/ich.md\/index.php?rest_route=\/wp\/v2\/media\/8293"}],"wp:attachment":[{"href":"https:\/\/ich.md\/index.php?rest_route=%2Fwp%2Fv2%2Fmedia&parent=8340"}],"wp:term":[{"taxonomy":"category","embeddable":true,"href":"https:\/\/ich.md\/index.php?rest_route=%2Fwp%2Fv2%2Fcategories&post=8340"},{"taxonomy":"post_tag","embeddable":true,"href":"https:\/\/ich.md\/index.php?rest_route=%2Fwp%2Fv2%2Ftags&post=8340"}],"curies":[{"name":"wp","href":"https:\/\/api.w.org\/{rel}","templated":true}]}}