{"id":8350,"date":"2025-03-18T18:34:35","date_gmt":"2025-03-18T16:34:35","guid":{"rendered":"https:\/\/ich.md\/?p=8350"},"modified":"2025-03-20T07:46:59","modified_gmt":"2025-03-20T05:46:59","slug":"etti-roza-spirer-125-de-ani-de-la-nastere-omoagierea-personalitatilor-remarcabile-ale-arhitecturii-si-artei-monumentale-din-republica-moldova","status":"publish","type":"post","link":"https:\/\/ich.md\/?p=8350","title":{"rendered":"Etti-Roza Spirer \u2013 125 de ani de la na\u0219tere: omagierea personalit\u0103\u021bilor remarcabile ale arhitecturii \u0219i artei monumentale din Republica Moldova"},"content":{"rendered":"\n<p>Evenimentul a fost un prilej de a omagia devotamentul fa\u021b\u0103 de meseria de arhitect, demonstrat de reprezentanta sexului frumos care a declan\u015fat afirmarea femeilor \u00een domeniul arhitecturii la noi \u00een \u021bar\u0103. Masa rotund\u0103 a reunit arhitec\u021bi, urbani\u0219ti \u0219i speciali\u0219ti \u00een domeniul patrimoniului cultural pentru a discuta diverse aspecte ale vie\u021bii \u0219i crea\u021bieii arhitectei Etti-Roza Spirer, una dintre personalit\u0103\u0163ile marcante care a contribuit la dezvoltarea patrimoniului arhitectural al ora\u0219elor B\u0103l\u0163i \u0219i Chi\u0219in\u0103u.<\/p>\n\n\n\n<p>Un cuv\u00e2nt de bun venit a fost adresat participan\u021bilor la eveniment de c\u0103tre Directorul IPC, dr. Ion Ursu. Mesaje de salut au avut \u0219efa Direc\u021biei Patrimoniu a Ministerului Culturii al RM, dr. Alina Ostapov \u0219i \u015feful Sec\u021biei Patrimoniu Cultural Construit al IPC, dr. Vitalie Malcoci. \u00cen cadrul manifest\u0103rii \u0219tiin\u021bifice au luat cuv\u00e2ntul dr. Aurelia Trifan, m. cor., dr. hab. Mariana \u0218lapac, dr. Alla Ceastina, dr. Alexandru Cocetov, Alexandra Prepeli\u021ba \u0219i dr. Sergiu Tronciu. \u00cen comunic\u0103ri au fost remarcate date relevante privind activitatea arhitectei, au fost prezentate cercet\u0103ri recente \u0219i analizate procedee compozi\u021bionale \u0219i stilistice ale cl\u0103dirilor autoarei. \u00cen procesul discu\u021biilor au fost \u00eenaintate propuneri pertinente subiectului discutat.<\/p>\n\n\n\n<p>Participan\u021bii la masa rotund\u0103 au sus\u021binut \u00een unanimitate propunerea m. cor., dr. hab. Mariana \u0218lapac de a \u00eenfiin\u021ba o placa comemorativ\u0103 \u00een m\u0435m\u043eri\u0430 primei femei arhitecte din Basarabia, care a contribuit la modernizarea \u0219i reconstruirea ora\u0219ului Chi\u0219in\u0103u \u00eentr-o perioad\u0103 de transform\u0103ri semnificative, iar invita\u021bii no\u0219tri de la B\u0103l\u021bi, dr. Alexandru Cocetov \u0219i Alexandra Prepeli\u021ba, au remarcat c\u0103 \u00een pofida mai multor ini\u021biative din partea b\u0103l\u021benilor, la ora actual\u0103 \u00een mun. B\u0103l\u021bi nu exist\u0103 nici o strad\u0103, plac\u0103 comemorativ\u0103 sau bust care s\u0103 o reprezinte pe cea care, de altfel, este numit\u0103 \u201efondul cel mai de pre\u021b al patrimoniului istoric \u0219i cultural al municipiului B\u0103l\u021bi\u201d.<\/p>\n\n\n\n<p>Principalul rezultat al acestei \u00eentruniri, \u00een contextul anivers\u0103rii a 125 de ani de la na\u0219terea arhitectei Etti-Roza Spirer, este luarea deciziei de a solicita Ministerului Culturii ini\u021bierea procedurii de instalare a unei pl\u0103ci comemorative \u00een mun. Chi\u0219in\u0103u, \u00een scopul eterniz\u0103rii memoriei arhitectei Etti-Roza Spirer. De asemenea, se preconizeaz\u0103 \u0219i o mas\u0103 rotund\u0103 la B\u0103l\u021bi pentru a finaliza cu succes ini\u021biativele b\u0103l\u021benilor.<\/p>\n\n\n\n<p>Dr. Aurelia Trifan<\/p>\n\n\n\n<figure class=\"wp-block-image size-large\"><a href=\"https:\/\/ich.md\/wp-content\/uploads\/2025\/03\/viber_image_2025-03-18_18-26-17-123.jpg\"><img decoding=\"async\" loading=\"lazy\" width=\"1024\" height=\"410\" src=\"https:\/\/ich.md\/wp-content\/uploads\/2025\/03\/viber_image_2025-03-18_18-26-17-123-1024x410.jpg\" alt=\"\" class=\"wp-image-8351\"\/><\/a><\/figure>\n\n\n\n<figure class=\"wp-block-image size-large\"><a href=\"https:\/\/ich.md\/wp-content\/uploads\/2025\/03\/viber_image_2025-03-18_18-26-18-055.jpg\"><img decoding=\"async\" loading=\"lazy\" width=\"1024\" height=\"768\" src=\"https:\/\/ich.md\/wp-content\/uploads\/2025\/03\/viber_image_2025-03-18_18-26-18-055-1024x768.jpg\" alt=\"\" class=\"wp-image-8353\"\/><\/a><\/figure>\n\n\n\n<figure class=\"wp-block-image\"><img alt=\"\"\/><\/figure>\n\n\n\n<figure class=\"wp-block-image size-large\"><a href=\"https:\/\/ich.md\/wp-content\/uploads\/2025\/03\/viber_image_2025-03-18_18-26-29-506-scaled.jpg\"><img decoding=\"async\" loading=\"lazy\" width=\"1024\" height=\"768\" src=\"https:\/\/ich.md\/wp-content\/uploads\/2025\/03\/viber_image_2025-03-18_18-26-29-506-1024x768.jpg\" alt=\"\" class=\"wp-image-8357\"\/><\/a><\/figure>\n\n\n\n<figure class=\"wp-block-image size-large\"><a href=\"https:\/\/ich.md\/wp-content\/uploads\/2025\/03\/viber_image_2025-03-18_18-26-34-677-scaled.jpg\"><img decoding=\"async\" loading=\"lazy\" width=\"1024\" height=\"683\" src=\"https:\/\/ich.md\/wp-content\/uploads\/2025\/03\/viber_image_2025-03-18_18-26-34-677-1024x683.jpg\" alt=\"\" class=\"wp-image-8355\"\/><\/a><\/figure>\n\n\n\n<figure class=\"wp-block-image size-large\"><a href=\"https:\/\/ich.md\/wp-content\/uploads\/2025\/03\/viber_image_2025-03-18_18-26-36-670-scaled.jpg\"><img decoding=\"async\" loading=\"lazy\" width=\"1024\" height=\"683\" src=\"https:\/\/ich.md\/wp-content\/uploads\/2025\/03\/viber_image_2025-03-18_18-26-36-670-1024x683.jpg\" alt=\"\" class=\"wp-image-8354\"\/><\/a><\/figure>\n\n\n\n<figure class=\"wp-block-image size-large\"><a href=\"https:\/\/ich.md\/wp-content\/uploads\/2025\/03\/viber_image_2025-03-18_18-26-28-117-1.jpg\"><img decoding=\"async\" loading=\"lazy\" width=\"1024\" height=\"768\" src=\"https:\/\/ich.md\/wp-content\/uploads\/2025\/03\/viber_image_2025-03-18_18-26-28-117-1-1024x768.jpg\" alt=\"\" class=\"wp-image-8356\"\/><\/a><\/figure>\n","protected":false},"excerpt":{"rendered":"<p>Evenimentul a fost un prilej de a omagia devotamentul fa\u021b\u0103 de meseria de arhitect, demonstrat de reprezentanta sexului frumos care a declan\u015fat afirmarea femeilor \u00een<span class=\"read-more-link\"><a class=\"read-more\" href=\"https:\/\/ich.md\/?p=8350\">Read More<\/a><\/span><\/p>\n","protected":false},"author":11,"featured_media":8356,"comment_status":"closed","ping_status":"closed","sticky":false,"template":"","format":"standard","meta":[],"categories":[10],"tags":[],"_links":{"self":[{"href":"https:\/\/ich.md\/index.php?rest_route=\/wp\/v2\/posts\/8350"}],"collection":[{"href":"https:\/\/ich.md\/index.php?rest_route=\/wp\/v2\/posts"}],"about":[{"href":"https:\/\/ich.md\/index.php?rest_route=\/wp\/v2\/types\/post"}],"author":[{"embeddable":true,"href":"https:\/\/ich.md\/index.php?rest_route=\/wp\/v2\/users\/11"}],"replies":[{"embeddable":true,"href":"https:\/\/ich.md\/index.php?rest_route=%2Fwp%2Fv2%2Fcomments&post=8350"}],"version-history":[{"count":3,"href":"https:\/\/ich.md\/index.php?rest_route=\/wp\/v2\/posts\/8350\/revisions"}],"predecessor-version":[{"id":8360,"href":"https:\/\/ich.md\/index.php?rest_route=\/wp\/v2\/posts\/8350\/revisions\/8360"}],"wp:featuredmedia":[{"embeddable":true,"href":"https:\/\/ich.md\/index.php?rest_route=\/wp\/v2\/media\/8356"}],"wp:attachment":[{"href":"https:\/\/ich.md\/index.php?rest_route=%2Fwp%2Fv2%2Fmedia&parent=8350"}],"wp:term":[{"taxonomy":"category","embeddable":true,"href":"https:\/\/ich.md\/index.php?rest_route=%2Fwp%2Fv2%2Fcategories&post=8350"},{"taxonomy":"post_tag","embeddable":true,"href":"https:\/\/ich.md\/index.php?rest_route=%2Fwp%2Fv2%2Ftags&post=8350"}],"curies":[{"name":"wp","href":"https:\/\/api.w.org\/{rel}","templated":true}]}}