{"id":8362,"date":"2025-03-25T17:53:09","date_gmt":"2025-03-25T15:53:09","guid":{"rendered":"https:\/\/ich.md\/?p=8362"},"modified":"2025-05-19T10:15:15","modified_gmt":"2025-05-19T07:15:15","slug":"invitatie-la-simpozionul-international-de-etnologie","status":"publish","type":"post","link":"https:\/\/ich.md\/?p=8362","title":{"rendered":"INVITA\u021aIE LA SIMPOZIONUL INTERNA\u021aIONAL DE ETNOLOGIE"},"content":{"rendered":"\n<p class=\"has-text-align-center\"><strong>INSTITUTUL PATRIMONIULUI CULTURAL<\/strong><\/p>\n\n\n\n<p class=\"has-text-align-center\"><strong>anun\u021b\u0103 organizarea<\/strong><\/p>\n\n\n\n<p class=\"has-text-align-center\"><a><strong>Simpozionului Interna\u021bional de Etnologie,<\/strong><\/a> <strong>Edi\u021bia a VI-a<\/strong><\/p>\n\n\n\n<p class=\"has-text-align-center\"><strong>dedicat Zilei Universale a Iei \u0219i Zilei Na\u021bionale a Portului Popular<\/strong><strong><\/strong><\/p>\n\n\n\n<p class=\"has-black-color has-text-color\"><strong>Simpozionul se va desf\u0103\u0219ura la Chi\u0219in\u0103u, Republica Moldova,<\/strong> <a><strong>\u00een ziua de <\/strong><\/a><strong>24 iunie 2025<\/strong><\/p>\n\n\n\n<p><strong><em>Comunic\u0103rile vor aborda subiecte referitoare la ariile tematice ale simpozionului:<\/em><\/strong><\/p>\n\n\n\n<p><strong>1. Ia \u0219i Portul popular \u00een contextul valorilor culturale na\u021bionale \u0219i universale (<a href=\"mailto:ipc@\">ipc@<\/a>ich.md)<\/strong><\/p>\n\n\n\n<p><strong>2. Cercetarea \u0219i valorificarea culturii tradi\u021bionale rom\u00e2ne\u0219ti (<\/strong><a href=\"mailto:sectiactr2024@gmail.com\"><strong>sectiactr2024@gmail.com<\/strong><\/a><strong>)<\/strong><\/p>\n\n\n\n<p><strong>3. Cercetarea \u0219i valorificarea culturii tradi\u021bionale a minorit\u0103\u021bilor etnice<\/strong> <strong>(<\/strong><a href=\"mailto:cultura.minoritati.etnice@gmail.com\"><strong>cultura.minoritati.etnice@gmail.com<\/strong><\/a><strong>)<\/strong><\/p>\n\n\n\n<p>Persoanele interesate s\u0103 participe la simpozion vor completa <strong>formularul de \u00eenregistrare<\/strong> \u0219i \u00eempreun\u0103 cu <strong>rezumatul<\/strong> comunic\u0103rii \u00eel vor expedia p\u00e2n\u0103 la<strong>  26 mai 2025 <\/strong>la adresele electronice indicate, \u00een conformitate cu aria tematic\u0103 aleas\u0103.<\/p>\n\n\n\n<p class=\"has-black-color has-text-color\">Rezumatele prezentate nu vor dep\u0103\u0219i volumul de<a> <strong>2000-<\/strong><\/a><strong>3000<\/strong> de semne cu spa\u021bii.<\/p>\n\n\n\n<p>Fiecare participant se poate \u00eenscrie cu o singur\u0103 comunicare, iar fiecare comunicare poate avea cel mult doi autori.<\/p>\n\n\n\n<p><strong>Formularul de participare va con\u021bine (Vezi: Anexa):<\/strong><\/p>\n\n\n\n<figure class=\"wp-block-table\"><table><tbody><tr><td><em>Prenume Nume, titlul \u0219tiin\u021bific \/ Name Surname, scientific degree<\/em> <em>Titlul comunic\u0103rii \/ Title of the report<\/em> <em>Institu\u021bia, localitatea, \u021bara \/ Institution, city, country<\/em> <em>Aria tematic\u0103 <\/em><em>pentru care opta\u021bi \/ The thematic area you opt for<\/em> <em>ORCID<\/em> <em>Date de contact \/ Contacts<\/em> &nbsp;&nbsp;&nbsp;&nbsp;&nbsp;&nbsp;&nbsp;&nbsp;&nbsp;&nbsp;&nbsp;                                                                              <strong>Rezumatul comunic\u0103rii urmeaz\u0103 s\u0103 fie alc\u0103tuit dup\u0103 urm\u0103toarele criterii:<\/strong> Tezele comunic\u0103rii (2000-3000 de semne cu spa\u021bii) \u0219i 5 cuvinte cheie \/ Theses of the report (2000-3000) characters with spaces) and 5 key words.<\/td><\/tr><\/tbody><\/table><\/figure>\n\n\n\n<p>Textul rezumatelor trebuie prezentat \u00een format electronic: Times New Roman, Font size: 12, Space: 1,5 (st\u00e2nga 25 mm, sus, jos, dreapta \u2013 15 mm).<\/p>\n\n\n\n<p><strong><em>Organizare \u0219i desf\u0103\u0219urare<\/em><\/strong><\/p>\n\n\n\n<p>Manifestarea \u0219tiin\u021bific\u0103 face parte din ac\u021biunile planificate \u00een cadrul \u00een cadrul subprogramului de cercetare 170101: <em>Cercetarea \u0219i valorificarea patrimoniului cultural construit, etnografic, arheologic \u0219i artistic din Republica Moldova \u00een contextul integr\u0103rii europene<\/em>.<\/p>\n\n\n\n<p>Lucr\u0103rile simpozionului se vor desf\u0103\u0219ura la Institutul Patrimoniului Cultural (mun. Chi\u0219in\u0103u, bd. \u0218tefan cel Mare \u015fi Sf\u00e2nt, 1). Forma desf\u0103\u0219ur\u0103rii simpozionului:&nbsp;<strong>mixt\u0103 (direct\u0103 \u0219i online)<\/strong>.<\/p>\n\n\n\n<p>Limbile de lucru ale simpozionului sunt&nbsp;<strong>rom\u00e2na, engleza, ucrainean\u0103 <\/strong>\u0219i<strong> rusa<em>.<\/em><\/strong><\/p>\n\n\n\n<p>Cheltuielile de cazare \u015fi transport vor fi acoperite de participan\u021bii la simpozion.<\/p>\n\n\n\n<p>Organizatorii vor publica programul simpozionului \u0219i rezumatele comunic\u0103rilor, care vor fi distribuite participan\u021bilor \u00een ziua evenimentului. Termenul de recep\u021bionare a formularelor \u0219i a rezumatelor comunic\u0103rilor pentru volumul cu materialele Simpozionului este\u00a0<strong> 26 mai 2025.<\/strong><\/p>\n\n\n\n<p>Comitetul \u0219tiin\u021bific \u00ee\u0219i asum\u0103 responsabilitatea select\u0103rii propunerilor recep\u021bionate pentru participare \u0219i a rezumatelor pentru publicare.<\/p>\n\n\n\n<p>Informa\u021bii suplimentare pot fi solicitate comitetului de organizare la adresele:<\/p>\n\n\n\n<p><a href=\"mailto:ipc@ich.md\">ipc@ich.md<\/a><\/p>\n\n\n\n<p><a href=\"mailto:sectiactr2024@gmail.com\">sectiactr2024@gmail.com<\/a><\/p>\n\n\n\n<p><a href=\"mailto:cultura.minoritati.etnice@gmail.com\">cultura.minoritati.etnice@gmail.com<\/a><\/p>\n\n\n\n<p>Pentru nout\u0103\u021bi \u0219i informa\u021bii adi\u021bionale accesa\u021bi pagina web a Institutului Patrimoniului Cultural <a href=\"https:\/\/ich.md\/\">https:\/\/ich.md\/<\/a><\/p>\n\n\n\n<p><strong>Comitetul de organizare<\/strong><\/p>\n\n\n\n<p><strong>ANEXA<\/strong><\/p>\n\n\n\n<figure class=\"wp-block-table\"><table><tbody><tr><td colspan=\"3\"><strong>FORMULARUL DE PARTICIPARE \/ <\/strong><strong>PARTICIPATION FORM<\/strong> <strong>&nbsp;<\/strong><\/td><\/tr><tr><td colspan=\"2\"><strong>Prenume Nume \/ Name Surname<\/strong><\/td><td><strong>&nbsp;<\/strong> <strong>&nbsp;<\/strong><\/td><\/tr><tr><td colspan=\"2\"><strong>Titlul \u0219tiin\u021bific \/ Scientific degree<\/strong> <strong>&nbsp;<\/strong><\/td><td><strong>&nbsp;<\/strong> <strong>&nbsp;<\/strong><\/td><\/tr><tr><td colspan=\"2\"><strong>Titlul comunic\u0103rii \/ Title of the report<\/strong><strong><\/strong><\/td><td><strong>&nbsp;<\/strong><\/td><\/tr><tr><td colspan=\"2\"><strong>Institu\u021bia \/ <\/strong><strong>Institution<\/strong><strong><\/strong><\/td><td><strong>&nbsp;<\/strong> <strong>&nbsp;<\/strong><\/td><\/tr><tr><td colspan=\"2\"><strong>Localitatea, \u021bara \/ City, country<\/strong><strong><\/strong><\/td><td><strong>&nbsp;<\/strong> <strong>&nbsp;<\/strong><\/td><\/tr><tr><td colspan=\"2\"><strong>Aria tematic\u0103 <\/strong><strong>pentru care opta\u021bi \/ The thematic area you opt for<\/strong><\/td><td><strong>&nbsp;<\/strong> <strong>&nbsp;<\/strong><\/td><\/tr><tr><td colspan=\"2\"><strong>ORCID<\/strong><\/td><td><strong>&nbsp;<\/strong><\/td><\/tr><tr><td rowspan=\"2\"><strong>Date de contact \/<\/strong> <strong>Contacts<\/strong><\/td><td><strong>Nr. tel.<\/strong><\/td><td><strong>&nbsp;<\/strong><\/td><\/tr><tr><td><strong>E-mail<\/strong><\/td><td><strong>&nbsp;<\/strong><\/td><\/tr><\/tbody><\/table><\/figure>\n\n\n\n<p><\/p>\n","protected":false},"excerpt":{"rendered":"<p>INSTITUTUL PATRIMONIULUI CULTURAL anun\u021b\u0103 organizarea Simpozionului Interna\u021bional de Etnologie, Edi\u021bia a VI-a dedicat Zilei Universale a Iei \u0219i Zilei Na\u021bionale a Portului Popular Simpozionul se<span class=\"read-more-link\"><a class=\"read-more\" href=\"https:\/\/ich.md\/?p=8362\">Read More<\/a><\/span><\/p>\n","protected":false},"author":11,"featured_media":8364,"comment_status":"closed","ping_status":"closed","sticky":false,"template":"","format":"standard","meta":[],"categories":[10],"tags":[],"_links":{"self":[{"href":"https:\/\/ich.md\/index.php?rest_route=\/wp\/v2\/posts\/8362"}],"collection":[{"href":"https:\/\/ich.md\/index.php?rest_route=\/wp\/v2\/posts"}],"about":[{"href":"https:\/\/ich.md\/index.php?rest_route=\/wp\/v2\/types\/post"}],"author":[{"embeddable":true,"href":"https:\/\/ich.md\/index.php?rest_route=\/wp\/v2\/users\/11"}],"replies":[{"embeddable":true,"href":"https:\/\/ich.md\/index.php?rest_route=%2Fwp%2Fv2%2Fcomments&post=8362"}],"version-history":[{"count":5,"href":"https:\/\/ich.md\/index.php?rest_route=\/wp\/v2\/posts\/8362\/revisions"}],"predecessor-version":[{"id":8423,"href":"https:\/\/ich.md\/index.php?rest_route=\/wp\/v2\/posts\/8362\/revisions\/8423"}],"wp:featuredmedia":[{"embeddable":true,"href":"https:\/\/ich.md\/index.php?rest_route=\/wp\/v2\/media\/8364"}],"wp:attachment":[{"href":"https:\/\/ich.md\/index.php?rest_route=%2Fwp%2Fv2%2Fmedia&parent=8362"}],"wp:term":[{"taxonomy":"category","embeddable":true,"href":"https:\/\/ich.md\/index.php?rest_route=%2Fwp%2Fv2%2Fcategories&post=8362"},{"taxonomy":"post_tag","embeddable":true,"href":"https:\/\/ich.md\/index.php?rest_route=%2Fwp%2Fv2%2Ftags&post=8362"}],"curies":[{"name":"wp","href":"https:\/\/api.w.org\/{rel}","templated":true}]}}