{"id":8373,"date":"2025-04-22T15:18:18","date_gmt":"2025-04-22T12:18:18","guid":{"rendered":"https:\/\/ich.md\/?p=8373"},"modified":"2025-04-22T15:18:40","modified_gmt":"2025-04-22T12:18:40","slug":"masa-rotunda-edificiile-de-cult-repere-ale-patrimoniului-cultural-national","status":"publish","type":"post","link":"https:\/\/ich.md\/?p=8373","title":{"rendered":"Masa rotund\u0103  \u201eEdificiile de cult \u2013 repere ale patrimoniului cultural na\u021bional\u201d"},"content":{"rendered":"\n<p><em>Institutul Patrimoniului Cultural are pl\u0103cerea de a v\u0103 invita s\u0103 participa\u021bi la masa rotund\u0103 cu tema: \u201eEdificiile de cult \u2013 repere ale patrimoniului cultural na\u021bional\u201d, care se va desf\u0103\u0219ura la data de 24 aprilie 2025, ora 10:00, \u00een Sala 538 a Institutului Patrimoniului Cultural, Bd. \u0218tefan cel Mare \u0219i Sf\u00e2nt, nr. 1, Chi\u0219in\u0103u.<\/em><\/p>\n\n\n\n<p><em>Evenimentul \u00ee\u0219i propune s\u0103 deschid\u0103 un spa\u021biu de reflec\u021bie \u0219i dialog interdisciplinar asupra valorii istorice, arhitecturale \u0219i simbolice a edificiilor de cult din Republica Moldova, \u00een contextul p\u0103str\u0103rii \u0219i promov\u0103rii patrimoniului cultural na\u021bional.<\/em><\/p>\n\n\n\n<p><em>V\u0103 a\u0219tept\u0103m cu drag s\u0103 ne fi\u021bi al\u0103turi!<\/em><\/p>\n\n\n\n<div class=\"wp-block-file\"><object class=\"wp-block-file__embed\" data=\"https:\/\/ich.md\/wp-content\/uploads\/2025\/04\/Program_IPC_Edificiile-de-cult_2025.pdf\" type=\"application\/pdf\" style=\"width:100%;height:600px\" aria-label=\"\u00cenglobare pentru Program_IPC_Edificiile-de-cult_2025.\"><\/object><a id=\"wp-block-file--media-f3bfbd5e-c010-4f04-9263-35b6adc39e9e\" href=\"https:\/\/ich.md\/wp-content\/uploads\/2025\/04\/Program_IPC_Edificiile-de-cult_2025.pdf\">Program_IPC_Edificiile-de-cult_2025<\/a><a href=\"https:\/\/ich.md\/wp-content\/uploads\/2025\/04\/Program_IPC_Edificiile-de-cult_2025.pdf\" class=\"wp-block-file__button wp-element-button\" download aria-describedby=\"wp-block-file--media-f3bfbd5e-c010-4f04-9263-35b6adc39e9e\">Descarc\u0103<\/a><\/div>\n","protected":false},"excerpt":{"rendered":"<p>Institutul Patrimoniului Cultural are pl\u0103cerea de a v\u0103 invita s\u0103 participa\u021bi la masa rotund\u0103 cu tema: \u201eEdificiile de cult \u2013 repere ale patrimoniului cultural na\u021bional\u201d,<span class=\"read-more-link\"><a class=\"read-more\" href=\"https:\/\/ich.md\/?p=8373\">Read More<\/a><\/span><\/p>\n","protected":false},"author":11,"featured_media":8375,"comment_status":"closed","ping_status":"closed","sticky":false,"template":"","format":"standard","meta":[],"categories":[10],"tags":[],"_links":{"self":[{"href":"https:\/\/ich.md\/index.php?rest_route=\/wp\/v2\/posts\/8373"}],"collection":[{"href":"https:\/\/ich.md\/index.php?rest_route=\/wp\/v2\/posts"}],"about":[{"href":"https:\/\/ich.md\/index.php?rest_route=\/wp\/v2\/types\/post"}],"author":[{"embeddable":true,"href":"https:\/\/ich.md\/index.php?rest_route=\/wp\/v2\/users\/11"}],"replies":[{"embeddable":true,"href":"https:\/\/ich.md\/index.php?rest_route=%2Fwp%2Fv2%2Fcomments&post=8373"}],"version-history":[{"count":2,"href":"https:\/\/ich.md\/index.php?rest_route=\/wp\/v2\/posts\/8373\/revisions"}],"predecessor-version":[{"id":8377,"href":"https:\/\/ich.md\/index.php?rest_route=\/wp\/v2\/posts\/8373\/revisions\/8377"}],"wp:featuredmedia":[{"embeddable":true,"href":"https:\/\/ich.md\/index.php?rest_route=\/wp\/v2\/media\/8375"}],"wp:attachment":[{"href":"https:\/\/ich.md\/index.php?rest_route=%2Fwp%2Fv2%2Fmedia&parent=8373"}],"wp:term":[{"taxonomy":"category","embeddable":true,"href":"https:\/\/ich.md\/index.php?rest_route=%2Fwp%2Fv2%2Fcategories&post=8373"},{"taxonomy":"post_tag","embeddable":true,"href":"https:\/\/ich.md\/index.php?rest_route=%2Fwp%2Fv2%2Ftags&post=8373"}],"curies":[{"name":"wp","href":"https:\/\/api.w.org\/{rel}","templated":true}]}}