{"id":8385,"date":"2025-04-24T20:24:58","date_gmt":"2025-04-24T17:24:58","guid":{"rendered":"https:\/\/ich.md\/?p=8385"},"modified":"2025-04-24T20:31:22","modified_gmt":"2025-04-24T17:31:22","slug":"ziua-internationala-a-monumentelor-si-siturilor-marcata-printr-un-eveniment-dedicat-cercetarilor-arheologice-recente","status":"publish","type":"post","link":"https:\/\/ich.md\/?p=8385","title":{"rendered":"Ziua Interna\u021bional\u0103 a Monumentelor \u0219i Siturilor marcat\u0103 printr-un eveniment dedicat cercet\u0103rilor arheologice recente"},"content":{"rendered":"\n<p>Institutul Patrimoniului Cultural a g\u0103zduit, cu prilejul Zilei Interna\u021bionale a Monumentelor \u0219i Siturilor, un eveniment \u0219tiin\u021bific de amploare dedicat cercet\u0103rilor arheologice desf\u0103\u0219urate \u00een Republica Moldova. Sub egida <strong>Ministerului Culturii<\/strong>&nbsp;\u0219i a <strong>Comisiei Na\u021bionale Arheologice<\/strong>, \u00een parteneriat cu <strong>Agen\u021bia Na\u021bional\u0103 Arheologic\u0103<\/strong>&nbsp;\u0219i <strong>Muzeul Na\u021bional de Istorie a Moldovei<\/strong>, a avut loc conferin\u021ba na\u021bional\u0103 <em>\u201eCercet\u0103ri arheologice din Republica Moldova. Campania 2024\u201d<\/em>.<\/p>\n\n\n\n<p>\u00cen cadrul conferin\u021bei, cercet\u0103tori din diverse institu\u021bii au prezentat rezultatele investiga\u021biilor de teren realizate \u00een campania anului 2024, acoperind o gam\u0103 variat\u0103 de teme \u0219tiin\u021bifice \u2013 de la situri preistorice p\u00e2n\u0103 la complexele arheologice din epoca medieval\u0103 \u0219i modern\u0103. Comunic\u0103rile au reflectat tendin\u021bele actuale \u00een arheologia na\u021bional\u0103, subliniind importan\u021ba document\u0103rii, conserv\u0103rii \u0219i valorific\u0103rii patrimoniului arheologic at\u00e2t la nivel na\u021bional, c\u00e2t \u0219i interna\u021bional.<\/p>\n\n\n\n<p>Lucr\u0103rile conferin\u021bei s-au \u00eencheiat cu adoptarea unei rezolu\u021bii care cuprinde urm\u0103toarele direc\u021bii prioritare:<\/p>\n\n\n\n<ol type=\"1\">\n<li>Necesitatea continu\u0103rii \u0219i extinderii cercet\u0103rilor arheologice sistematice \u00een toate regiunile Republicii Moldova, cu accent pe zonele supuse presiunilor dezvolt\u0103rii urbane \u0219i economice.<\/li>\n\n\n\n<li>Promovarea colabor\u0103rii interinstitu\u021bionale \u00een vederea protej\u0103rii, restaur\u0103rii \u0219i valorific\u0103rii patrimoniului arheologic.<\/li>\n\n\n\n<li>Sus\u021binerea ini\u021biativei Institutului Patrimoniului Cultural de a crea func\u021bii suplimentare dedicate eviden\u021bei, conserv\u0103rii \u0219i form\u0103rii speciali\u0219tilor \u00een arheologie, finan\u021bate direct de Ministerul Culturii.<\/li>\n\n\n\n<li>Solicitarea consolid\u0103rii mecanismelor de finan\u021bare a cercet\u0103rilor arheologice, inclusiv a activit\u0103\u021bilor de publicare, digitalizare \u0219i diseminare a rezultatelor.<\/li>\n\n\n\n<li>Reafirmarea angajamentului comunit\u0103\u021bii \u0219tiin\u021bifice pentru protejarea patrimoniului arheologic na\u021bional, parte integrant\u0103 a identit\u0103\u021bii \u0219i memoriei culturale a Republicii Moldova.<\/li>\n<\/ol>\n\n\n\n<p>Institutul Patrimoniului Cultural adreseaz\u0103 sincere mul\u021bumiri tuturor cercet\u0103torilor implica\u021bi pentru efortul, profesionalismul \u0219i dedicarea manifestate \u00een activitatea de cercetare \u0219i protejare a patrimoniului arheologic al \u021b\u0103rii.<\/p>\n\n\n\n<figure class=\"wp-block-image size-large\"><a href=\"https:\/\/ich.md\/wp-content\/uploads\/2025\/04\/IMG_8805-scaled.jpg\"><img decoding=\"async\" loading=\"lazy\" width=\"1024\" height=\"683\" src=\"https:\/\/ich.md\/wp-content\/uploads\/2025\/04\/IMG_8805-1024x683.jpg\" alt=\"\" class=\"wp-image-8386\"\/><\/a><\/figure>\n\n\n\n<figure class=\"wp-block-image size-large\"><a href=\"https:\/\/ich.md\/wp-content\/uploads\/2025\/04\/IMG_8814-scaled.jpg\"><img decoding=\"async\" loading=\"lazy\" width=\"1024\" height=\"683\" src=\"https:\/\/ich.md\/wp-content\/uploads\/2025\/04\/IMG_8814-1024x683.jpg\" alt=\"\" class=\"wp-image-8387\"\/><\/a><\/figure>\n\n\n\n<figure class=\"wp-block-image size-full\"><a href=\"https:\/\/ich.md\/wp-content\/uploads\/2025\/04\/IMG_8852.jpg\"><img decoding=\"async\" loading=\"lazy\" width=\"2592\" height=\"1728\" src=\"https:\/\/ich.md\/wp-content\/uploads\/2025\/04\/IMG_8852.jpg\" alt=\"\" class=\"wp-image-8388\"\/><\/a><\/figure>\n\n\n\n<figure class=\"wp-block-image size-large\"><a href=\"https:\/\/ich.md\/wp-content\/uploads\/2025\/04\/IMG_8859-scaled.jpg\"><img decoding=\"async\" loading=\"lazy\" width=\"1024\" height=\"683\" src=\"https:\/\/ich.md\/wp-content\/uploads\/2025\/04\/IMG_8859-1024x683.jpg\" alt=\"\" class=\"wp-image-8389\"\/><\/a><\/figure>\n\n\n\n<figure class=\"wp-block-image size-large\"><a href=\"https:\/\/ich.md\/wp-content\/uploads\/2025\/04\/IMG_8875-scaled.jpg\"><img decoding=\"async\" loading=\"lazy\" width=\"1024\" height=\"683\" src=\"https:\/\/ich.md\/wp-content\/uploads\/2025\/04\/IMG_8875-1024x683.jpg\" alt=\"\" class=\"wp-image-8390\"\/><\/a><\/figure>\n\n\n\n<figure class=\"wp-block-image size-large\"><a href=\"https:\/\/ich.md\/wp-content\/uploads\/2025\/04\/IMG_8906-scaled.jpg\"><img decoding=\"async\" loading=\"lazy\" width=\"1024\" height=\"683\" src=\"https:\/\/ich.md\/wp-content\/uploads\/2025\/04\/IMG_8906-1024x683.jpg\" alt=\"\" class=\"wp-image-8391\"\/><\/a><\/figure>\n\n\n\n<figure class=\"wp-block-image size-large\"><a href=\"https:\/\/ich.md\/wp-content\/uploads\/2025\/04\/IMG_8914-scaled.jpg\"><img decoding=\"async\" loading=\"lazy\" width=\"1024\" height=\"683\" src=\"https:\/\/ich.md\/wp-content\/uploads\/2025\/04\/IMG_8914-1024x683.jpg\" alt=\"\" class=\"wp-image-8392\"\/><\/a><\/figure>\n\n\n\n<figure class=\"wp-block-image\"><img alt=\"\"\/><\/figure>\n\n\n\n<figure class=\"wp-block-image size-large\"><a href=\"https:\/\/ich.md\/wp-content\/uploads\/2025\/04\/IMG_8942-1-scaled.jpg\"><img decoding=\"async\" loading=\"lazy\" width=\"1024\" height=\"683\" src=\"https:\/\/ich.md\/wp-content\/uploads\/2025\/04\/IMG_8942-1-1024x683.jpg\" alt=\"\" class=\"wp-image-8394\"\/><\/a><\/figure>\n\n\n\n<figure class=\"wp-block-image size-large\"><a href=\"https:\/\/ich.md\/wp-content\/uploads\/2025\/04\/IMG_8886-scaled.jpg\"><img decoding=\"async\" loading=\"lazy\" width=\"1024\" height=\"683\" src=\"https:\/\/ich.md\/wp-content\/uploads\/2025\/04\/IMG_8886-1024x683.jpg\" alt=\"\" class=\"wp-image-8395\"\/><\/a><\/figure>\n","protected":false},"excerpt":{"rendered":"<p>Institutul Patrimoniului Cultural a g\u0103zduit, cu prilejul Zilei Interna\u021bionale a Monumentelor \u0219i Siturilor, un eveniment \u0219tiin\u021bific de amploare dedicat cercet\u0103rilor arheologice desf\u0103\u0219urate \u00een Republica Moldova.<span class=\"read-more-link\"><a class=\"read-more\" href=\"https:\/\/ich.md\/?p=8385\">Read More<\/a><\/span><\/p>\n","protected":false},"author":11,"featured_media":8397,"comment_status":"closed","ping_status":"closed","sticky":false,"template":"","format":"standard","meta":[],"categories":[10],"tags":[],"_links":{"self":[{"href":"https:\/\/ich.md\/index.php?rest_route=\/wp\/v2\/posts\/8385"}],"collection":[{"href":"https:\/\/ich.md\/index.php?rest_route=\/wp\/v2\/posts"}],"about":[{"href":"https:\/\/ich.md\/index.php?rest_route=\/wp\/v2\/types\/post"}],"author":[{"embeddable":true,"href":"https:\/\/ich.md\/index.php?rest_route=\/wp\/v2\/users\/11"}],"replies":[{"embeddable":true,"href":"https:\/\/ich.md\/index.php?rest_route=%2Fwp%2Fv2%2Fcomments&post=8385"}],"version-history":[{"count":3,"href":"https:\/\/ich.md\/index.php?rest_route=\/wp\/v2\/posts\/8385\/revisions"}],"predecessor-version":[{"id":8399,"href":"https:\/\/ich.md\/index.php?rest_route=\/wp\/v2\/posts\/8385\/revisions\/8399"}],"wp:featuredmedia":[{"embeddable":true,"href":"https:\/\/ich.md\/index.php?rest_route=\/wp\/v2\/media\/8397"}],"wp:attachment":[{"href":"https:\/\/ich.md\/index.php?rest_route=%2Fwp%2Fv2%2Fmedia&parent=8385"}],"wp:term":[{"taxonomy":"category","embeddable":true,"href":"https:\/\/ich.md\/index.php?rest_route=%2Fwp%2Fv2%2Fcategories&post=8385"},{"taxonomy":"post_tag","embeddable":true,"href":"https:\/\/ich.md\/index.php?rest_route=%2Fwp%2Fv2%2Ftags&post=8385"}],"curies":[{"name":"wp","href":"https:\/\/api.w.org\/{rel}","templated":true}]}}