{"id":8400,"date":"2025-04-24T20:43:23","date_gmt":"2025-04-24T17:43:23","guid":{"rendered":"https:\/\/ich.md\/?p=8400"},"modified":"2025-04-24T21:11:59","modified_gmt":"2025-04-24T18:11:59","slug":"reflectii-asupra-edificiilor-de-cult-repere-ale-identitatii-noastre-culturale","status":"publish","type":"post","link":"https:\/\/ich.md\/?p=8400","title":{"rendered":"Reflec\u021bii asupra edificiilor de cult \u2013 Repere ale identit\u0103\u021bii noastre culturale"},"content":{"rendered":"\n<p>Ast\u0103zi, 24 aprilie 2025, Institutul Patrimoniului Cultural a convocat masa rotund\u0103 \u201eEdificiile de cult \u2013 repere ale patrimoniului cultural na\u021bional\u201d, cre\u00e2nd un forum privilegiat de reflec\u021bie \u0219i dialog interdisciplinar asupra valorii istorice, arhitecturale \u0219i simbolice a l\u0103ca\u0219urilor de cult din Republica Moldova \u0219i asupra strategiilor de conservare \u0219i valorificare a acestora.<\/p>\n\n\n\n<p>Organizat\u0103 de dr. Manole Brihune\u021b \u0219i dr. Vitalie Malcoci, cu sprijinul Comitetului \u0219tiin\u021bific \u2013 dr. Ion Ursu, dr. hab. Mariana \u0218lapac, dr. Sergius Ciocanu, dr. Alla Ceastina \u0219i dr. Aurelia Carpov \u2013 reuniunea a beneficiat de un cadru metodologic riguros \u0219i de un schimb de idei de \u00eenalt\u0103 \u021binut\u0103 academic\u0103. Deschiderea, moderat\u0103 de dr. Manole Brihune\u021b, a fost marcat\u0103 de cuvintele de salut ale Dr. Ion Ursu, care a subliniat edificiile de cult ca piloni ai memoriei colective, \u0219i ale dr. Vitalie Malcoci, care a eviden\u021biat imperativul colabor\u0103rii dintre cercet\u0103tori \u0219i societatea civil\u0103 \u00een demersul de protejare a patrimoniului religios.<\/p>\n\n\n\n<p>\u00cen sec\u021biunea de comunic\u0103ri, Manole Brihune\u021b a oferit o lectur\u0103 atent\u0103 a \u201eAlbumului de planuri, fa\u021bade \u0219i profiluri pentru construc\u021bia bisericilor din piatr\u0103,\u201d edi\u021bia 1824, demonstr\u00e2nd cum propor\u021biile \u0219i detaliile clasice au modelat arhitectura ecleziastic\u0103 din Basarabia. <\/p>\n\n\n\n<p>Dr. hab. Mariana \u0218lapac a expus specificul interbelic al l\u0103ca\u0219urilor de cult, relief\u00e2nd dialectica dintre neorom\u00e2nesc \u0219i modernism \u0219i rolul vital al me\u0219terilor locali. Analiza legislativ\u0103 a dr. Sergius Ciocanu a pus \u00een lumin\u0103 provoc\u0103rile actuale ale protec\u021biei juridice a monumentelor ecleziastice \u0219i a sugerat direc\u021bii de optimizare a normativelor. Dr. Alla Ceastina a dezv\u0103luit surse documentare inedite despre biserica \u201eSf.\u202fDumitru\u201d din Orhei, iar dr. Aurelia Carpov a ilustrat \u201eMemoria zidit\u0103\u201d a familiei Bogdan prin prisma bisericii Sf\u00e2nta Treime din Cuhure\u0219tii de Sus, eviden\u021biind continuitatea tradi\u021biei \u00een crea\u021bia arhitectural\u0103.<\/p>\n\n\n\n<p>\u00cen urma discu\u021biilor, participan\u021bii au eviden\u021biat necesitatea realiz\u0103rii unui inventar digital exhaustiv al l\u0103ca\u0219urilor de cult cu statut de monument istoric, imperativul implement\u0103rii unor programe de formare profesional\u0103 continu\u0103 pentru restauratori \u0219i conservatori \u0219i urgenta mobilizare a resurselor financiare \u0219i logistice pentru proiecte de cercetare \u0219i interven\u021bie restaurativ\u0103.<\/p>\n\n\n\n<p>Institutul Patrimoniului Cultural mul\u021bume\u0219te tuturor participan\u021bilor pentru contribu\u021bia intelectual\u0103 \u0219i angajamentul manifestat, reconfirm\u00e2ndu-\u0219i astfel devotamentul fa\u021b\u0103 de p\u0103strarea \u0219i promovarea valorilor culturale-religioase care definesc fibra identitar\u0103 a Republicii Moldova.<\/p>\n\n\n\n<figure class=\"wp-block-image size-large\"><a href=\"https:\/\/ich.md\/wp-content\/uploads\/2025\/04\/IMG_8944-scaled.jpg\"><img decoding=\"async\" loading=\"lazy\" width=\"1024\" height=\"683\" src=\"https:\/\/ich.md\/wp-content\/uploads\/2025\/04\/IMG_8944-1024x683.jpg\" alt=\"\" class=\"wp-image-8404\"\/><\/a><\/figure>\n\n\n\n<figure class=\"wp-block-image size-large\"><a href=\"https:\/\/ich.md\/wp-content\/uploads\/2025\/04\/IMG_8947-scaled.jpg\"><img decoding=\"async\" loading=\"lazy\" width=\"1024\" height=\"683\" src=\"https:\/\/ich.md\/wp-content\/uploads\/2025\/04\/IMG_8947-1024x683.jpg\" alt=\"\" class=\"wp-image-8405\"\/><\/a><\/figure>\n\n\n\n<figure class=\"wp-block-image size-large\"><a href=\"https:\/\/ich.md\/wp-content\/uploads\/2025\/04\/IMG_8955-scaled.jpg\"><img decoding=\"async\" loading=\"lazy\" width=\"1024\" height=\"683\" src=\"https:\/\/ich.md\/wp-content\/uploads\/2025\/04\/IMG_8955-1024x683.jpg\" alt=\"\" class=\"wp-image-8406\"\/><\/a><\/figure>\n\n\n\n<figure class=\"wp-block-image\"><img alt=\"\"\/><\/figure>\n\n\n\n<figure class=\"wp-block-image size-large\"><a href=\"https:\/\/ich.md\/wp-content\/uploads\/2025\/04\/IMG_8958-scaled.jpg\"><img decoding=\"async\" loading=\"lazy\" width=\"1024\" height=\"683\" src=\"https:\/\/ich.md\/wp-content\/uploads\/2025\/04\/IMG_8958-1024x683.jpg\" alt=\"\" class=\"wp-image-8408\"\/><\/a><\/figure>\n\n\n\n<figure class=\"wp-block-image size-large\"><a href=\"https:\/\/ich.md\/wp-content\/uploads\/2025\/04\/IMG_8959-scaled.jpg\"><img decoding=\"async\" loading=\"lazy\" width=\"1024\" height=\"683\" src=\"https:\/\/ich.md\/wp-content\/uploads\/2025\/04\/IMG_8959-1024x683.jpg\" alt=\"\" class=\"wp-image-8409\"\/><\/a><\/figure>\n\n\n\n<figure class=\"wp-block-image size-large\"><a href=\"https:\/\/ich.md\/wp-content\/uploads\/2025\/04\/IMG_8961-scaled.jpg\"><img decoding=\"async\" loading=\"lazy\" width=\"1024\" height=\"683\" src=\"https:\/\/ich.md\/wp-content\/uploads\/2025\/04\/IMG_8961-1024x683.jpg\" alt=\"\" class=\"wp-image-8410\"\/><\/a><\/figure>\n","protected":false},"excerpt":{"rendered":"<p>Ast\u0103zi, 24 aprilie 2025, Institutul Patrimoniului Cultural a convocat masa rotund\u0103 \u201eEdificiile de cult \u2013 repere ale patrimoniului cultural na\u021bional\u201d, cre\u00e2nd un forum privilegiat de<span class=\"read-more-link\"><a class=\"read-more\" href=\"https:\/\/ich.md\/?p=8400\">Read More<\/a><\/span><\/p>\n","protected":false},"author":11,"featured_media":8411,"comment_status":"closed","ping_status":"closed","sticky":false,"template":"","format":"standard","meta":[],"categories":[10],"tags":[],"_links":{"self":[{"href":"https:\/\/ich.md\/index.php?rest_route=\/wp\/v2\/posts\/8400"}],"collection":[{"href":"https:\/\/ich.md\/index.php?rest_route=\/wp\/v2\/posts"}],"about":[{"href":"https:\/\/ich.md\/index.php?rest_route=\/wp\/v2\/types\/post"}],"author":[{"embeddable":true,"href":"https:\/\/ich.md\/index.php?rest_route=\/wp\/v2\/users\/11"}],"replies":[{"embeddable":true,"href":"https:\/\/ich.md\/index.php?rest_route=%2Fwp%2Fv2%2Fcomments&post=8400"}],"version-history":[{"count":4,"href":"https:\/\/ich.md\/index.php?rest_route=\/wp\/v2\/posts\/8400\/revisions"}],"predecessor-version":[{"id":8413,"href":"https:\/\/ich.md\/index.php?rest_route=\/wp\/v2\/posts\/8400\/revisions\/8413"}],"wp:featuredmedia":[{"embeddable":true,"href":"https:\/\/ich.md\/index.php?rest_route=\/wp\/v2\/media\/8411"}],"wp:attachment":[{"href":"https:\/\/ich.md\/index.php?rest_route=%2Fwp%2Fv2%2Fmedia&parent=8400"}],"wp:term":[{"taxonomy":"category","embeddable":true,"href":"https:\/\/ich.md\/index.php?rest_route=%2Fwp%2Fv2%2Fcategories&post=8400"},{"taxonomy":"post_tag","embeddable":true,"href":"https:\/\/ich.md\/index.php?rest_route=%2Fwp%2Fv2%2Ftags&post=8400"}],"curies":[{"name":"wp","href":"https:\/\/api.w.org\/{rel}","templated":true}]}}