{"id":8414,"date":"2025-04-24T21:19:42","date_gmt":"2025-04-24T18:19:42","guid":{"rendered":"https:\/\/ich.md\/?p=8414"},"modified":"2025-04-24T21:20:57","modified_gmt":"2025-04-24T18:20:57","slug":"vernisaj-chisinau-1900-1940-metamorfoze-arhitecturale","status":"publish","type":"post","link":"https:\/\/ich.md\/?p=8414","title":{"rendered":"Vernisaj \u201eChi\u0219in\u0103u 1900\u20131940 \u2013 Metamorfoze arhitecturale\u201d"},"content":{"rendered":"\n<p class=\"has-text-align-center\">Stima\u021bi colegi,<\/p>\n\n\n\n<p>Funda\u021bia\u202fHERITAGE\u202f21, \u00eempreun\u0103 cu Muzeul Na\u021bional de Art\u0103 al Moldovei \u0219i Uniunea Arhitec\u021bilor din Moldova, v\u0103 invit\u0103 vineri, 25 aprilie 2025, ora 15:00, la vernisajul expozi\u021biei \u201eChi\u0219in\u0103u 1900\u20131940 \u2013 Metamorfoze arhitecturale\u201d, semnat\u0103 de dr.\u202fAurelia Carpov. Evenimentul face parte din festivalul Interbellic_Fest@CHI\u0218IN\u0102U.RO \u0219i va avea loc la etajul al patrulea al Muzeului Na\u021bional de Art\u0103 al Moldovei, situat pe strada 31 August 1989, nr.\u202f115.<\/p>\n\n\n\n<p>Expozi\u021bia v\u0103 poart\u0103 \u00eentr-o remarcabil\u0103 incursiune prin primele patru decenii ale secolului XX, ilustr\u00e2nd dinamica transform\u0103rilor urbanistice \u0219i arhitecturale ce au definit peisajul ora\u0219ului: de la stilul eclectiv \u0219i neorom\u00e2nesc, la rafinamentul Art\u202fDeco \u0219i func\u021bionalism. Dup\u0103 deschidere, ve\u021bi avea ocazia s\u0103 participa\u021bi la un tur ghidat \u0219i s\u0103 lua\u021bi parte la o discu\u021bie deschis\u0103 cu arhitec\u021bi, istorici \u0219i curatorii expozi\u021biei, pentru a aprofunda semnifica\u021bia cultural\u0103 \u0219i estetic\u0103 a metamorfozelor Chi\u0219in\u0103ului interbelic.<\/p>\n\n\n\n<p>Intrarea este liber\u0103, iar Institutul Patrimoniului Cultural v\u0103 a\u0219teapt\u0103 cu bucurie s\u0103 descoperi\u021bi \u00eempreun\u0103 frumuse\u021bea \u0219i inova\u021bia care au modelat fa\u021ba ora\u0219ului nostru.<\/p>\n","protected":false},"excerpt":{"rendered":"<p>Stima\u021bi colegi, Funda\u021bia\u202fHERITAGE\u202f21, \u00eempreun\u0103 cu Muzeul Na\u021bional de Art\u0103 al Moldovei \u0219i Uniunea Arhitec\u021bilor din Moldova, v\u0103 invit\u0103 vineri, 25 aprilie 2025, ora 15:00, la<span class=\"read-more-link\"><a class=\"read-more\" href=\"https:\/\/ich.md\/?p=8414\">Read More<\/a><\/span><\/p>\n","protected":false},"author":11,"featured_media":8415,"comment_status":"closed","ping_status":"closed","sticky":false,"template":"","format":"standard","meta":[],"categories":[10],"tags":[],"_links":{"self":[{"href":"https:\/\/ich.md\/index.php?rest_route=\/wp\/v2\/posts\/8414"}],"collection":[{"href":"https:\/\/ich.md\/index.php?rest_route=\/wp\/v2\/posts"}],"about":[{"href":"https:\/\/ich.md\/index.php?rest_route=\/wp\/v2\/types\/post"}],"author":[{"embeddable":true,"href":"https:\/\/ich.md\/index.php?rest_route=\/wp\/v2\/users\/11"}],"replies":[{"embeddable":true,"href":"https:\/\/ich.md\/index.php?rest_route=%2Fwp%2Fv2%2Fcomments&post=8414"}],"version-history":[{"count":2,"href":"https:\/\/ich.md\/index.php?rest_route=\/wp\/v2\/posts\/8414\/revisions"}],"predecessor-version":[{"id":8417,"href":"https:\/\/ich.md\/index.php?rest_route=\/wp\/v2\/posts\/8414\/revisions\/8417"}],"wp:featuredmedia":[{"embeddable":true,"href":"https:\/\/ich.md\/index.php?rest_route=\/wp\/v2\/media\/8415"}],"wp:attachment":[{"href":"https:\/\/ich.md\/index.php?rest_route=%2Fwp%2Fv2%2Fmedia&parent=8414"}],"wp:term":[{"taxonomy":"category","embeddable":true,"href":"https:\/\/ich.md\/index.php?rest_route=%2Fwp%2Fv2%2Fcategories&post=8414"},{"taxonomy":"post_tag","embeddable":true,"href":"https:\/\/ich.md\/index.php?rest_route=%2Fwp%2Fv2%2Ftags&post=8414"}],"curies":[{"name":"wp","href":"https:\/\/api.w.org\/{rel}","templated":true}]}}