{"id":8427,"date":"2025-05-19T11:32:16","date_gmt":"2025-05-19T08:32:16","guid":{"rendered":"https:\/\/ich.md\/?p=8427"},"modified":"2025-05-19T11:44:35","modified_gmt":"2025-05-19T08:44:35","slug":"in-memoria-colegului-nostru-dr-in-istorie-oleg-galuscenco","status":"publish","type":"post","link":"https:\/\/ich.md\/?p=8427","title":{"rendered":"\u00cen memoria colegului nostru, dr. \u00een istorie Oleg GALU\u0218CENCO"},"content":{"rendered":"\n<p>Am aflat cu profund\u0103 triste\u021be despre trecerea la cele ve\u0219nice a colegului nostru, dr. \u00een istorie Oleg GALU\u0218CENCO \u2014 cercet\u0103tor devotat, om de o aleas\u0103 cultur\u0103 \u0219i o prezen\u021b\u0103 intelectual\u0103 distinct\u0103. Dispari\u021bia sa las\u0103 un gol dureros \u00een comunitatea academic\u0103 \u0219i \u00een inimile celor care l-au cunoscut \u0219i pre\u021buit.<\/p>\n\n\n\n<p>Transmitem sincere condolean\u021be familiei \u00eendoliate, prietenilor \u0219i tuturor colegilor care l-au avut al\u0103turi \u00een activitatea profesional\u0103.<\/p>\n\n\n\n<p>Dumnezeu s\u0103-l odihneasc\u0103 \u00een pace!<\/p>\n\n\n\n<figure class=\"wp-block-image size-full\"><a href=\"https:\/\/ich.md\/wp-content\/uploads\/2025\/05\/OLEG-GALUSCENCO.jpg\"><img decoding=\"async\" loading=\"lazy\" width=\"788\" height=\"730\" src=\"https:\/\/ich.md\/wp-content\/uploads\/2025\/05\/OLEG-GALUSCENCO.jpg\" alt=\"\" class=\"wp-image-8428\"\/><\/a><\/figure>\n","protected":false},"excerpt":{"rendered":"<p>Am aflat cu profund\u0103 triste\u021be despre trecerea la cele ve\u0219nice a colegului nostru, dr. \u00een istorie Oleg GALU\u0218CENCO \u2014 cercet\u0103tor devotat, om de o aleas\u0103<span class=\"read-more-link\"><a class=\"read-more\" href=\"https:\/\/ich.md\/?p=8427\">Read More<\/a><\/span><\/p>\n","protected":false},"author":11,"featured_media":8430,"comment_status":"closed","ping_status":"closed","sticky":false,"template":"","format":"standard","meta":[],"categories":[10],"tags":[],"_links":{"self":[{"href":"https:\/\/ich.md\/index.php?rest_route=\/wp\/v2\/posts\/8427"}],"collection":[{"href":"https:\/\/ich.md\/index.php?rest_route=\/wp\/v2\/posts"}],"about":[{"href":"https:\/\/ich.md\/index.php?rest_route=\/wp\/v2\/types\/post"}],"author":[{"embeddable":true,"href":"https:\/\/ich.md\/index.php?rest_route=\/wp\/v2\/users\/11"}],"replies":[{"embeddable":true,"href":"https:\/\/ich.md\/index.php?rest_route=%2Fwp%2Fv2%2Fcomments&post=8427"}],"version-history":[{"count":2,"href":"https:\/\/ich.md\/index.php?rest_route=\/wp\/v2\/posts\/8427\/revisions"}],"predecessor-version":[{"id":8431,"href":"https:\/\/ich.md\/index.php?rest_route=\/wp\/v2\/posts\/8427\/revisions\/8431"}],"wp:featuredmedia":[{"embeddable":true,"href":"https:\/\/ich.md\/index.php?rest_route=\/wp\/v2\/media\/8430"}],"wp:attachment":[{"href":"https:\/\/ich.md\/index.php?rest_route=%2Fwp%2Fv2%2Fmedia&parent=8427"}],"wp:term":[{"taxonomy":"category","embeddable":true,"href":"https:\/\/ich.md\/index.php?rest_route=%2Fwp%2Fv2%2Fcategories&post=8427"},{"taxonomy":"post_tag","embeddable":true,"href":"https:\/\/ich.md\/index.php?rest_route=%2Fwp%2Fv2%2Ftags&post=8427"}],"curies":[{"name":"wp","href":"https:\/\/api.w.org\/{rel}","templated":true}]}}