{"id":8439,"date":"2025-05-25T16:06:47","date_gmt":"2025-05-25T13:06:47","guid":{"rendered":"https:\/\/ich.md\/?p=8439"},"modified":"2025-05-25T16:09:05","modified_gmt":"2025-05-25T13:09:05","slug":"masa-rotunda-omagiala-destinul-unui-destin-artista-si-savanta-elfrida-koroliova-la-varsta-implinirilor","status":"publish","type":"post","link":"https:\/\/ich.md\/?p=8439","title":{"rendered":"Masa rotund\u0103 omagial\u0103 \u201eDestinul unui destin: artista \u0219i savanta Elfrida Koroliova la v\u00e2rsta \u00eemplinirilor\u201d"},"content":{"rendered":"\n<p>La 12 mai 2025, Institutul Patrimoniului Cultural a g\u0103zduit o manifestare de excep\u021bie, organizat\u0103 de Sec\u021bia \u201ePatrimoniu artistic\u201d \u2013 masa rotund\u0103 omagial\u0103 intitulat\u0103 <em>\u201eDestinul unui destin: artista \u0219i savanta Elfrida Koroliova la v\u00e2rsta \u00eemplinirilor\u201d<\/em>. Evenimentul a fost dedicat anivers\u0103rii a 90 de ani ai doamnei Elfrida Koroliova, o personalitate marcant\u0103 a culturii na\u021bionale, teatrolog de renume, doctor \u00een studiul artelor, pedagog devotat \u0219i Om emerit \u00een art\u0103.<\/p>\n\n\n\n<p>Desf\u0103\u0219urat \u00eentr-o atmosfer\u0103 solemn\u0103 \u0219i emo\u021bionant\u0103, evenimentul a fost deschis printr-un moment artistic oferit de studen\u021bii de balet ai Academiei de Muzic\u0103, Teatru \u0219i Arte Plastice, care a conferit o not\u0103 de gra\u021bie \u0219i reveren\u021b\u0103 acestei s\u0103rb\u0103tori culturale. Moderatorul mesei rotunde, dr. Violeta Tipa, a ghidat cu sensibilitate \u00eentreaga desf\u0103\u0219urare a lucr\u0103rilor, contur\u00e2nd o imagine profund\u0103 \u0219i vibrant\u0103 a omagiatei.<\/p>\n\n\n\n<p>\u00cen debutul manifest\u0103rii, cu mesaje de salut \u0219i apreciere, au intervenit directorul Institutului Patrimoniului Cultural, dl Ion Ursu, precum \u0219i academicianul Ion Tighineanu, pre\u0219edintele Academiei de \u0218tiin\u021be a Moldovei, care au subliniat contribu\u021bia excep\u021bional\u0103 a doamnei Koroliova la dezvoltarea \u0219i valorificarea patrimoniului artistic na\u021bional.<\/p>\n\n\n\n<p>Pentru \u00eentreaga activitate dedicat\u0103 culturii, cercet\u0103rii \u0219i form\u0103rii tinerelor genera\u021bii, doamna Elfrida Koroliova a fost distins\u0103 cu Diploma de Onoare a Ministerului Culturii, semnat\u0103 de ministrul Sergiu Prodan, Diploma de gratitudine a Institutului Patrimoniului Cultural \u0219i Medalia \u201eNicolae Milescu Sp\u0103taru\u201d acordat\u0103 de Academia de \u0218tiin\u021be a Moldovei.<\/p>\n\n\n\n<p>\u00cen cadrul sesiunii de comunic\u0103ri, dr. Violeta Tipa a sus\u021binut prelegerea <em>\u201eElfrida Koroliova \u2013 prin labirinturile pasiunilor\u201d<\/em>, urmat\u0103 de interven\u021biile dr. hab. Ana Ghila\u0219, cu tema <em>\u201eCercet\u0103toarea Elfrida Koroliova\u201d<\/em>, \u0219i a dnei Anastasia Moldovanu, care a evocat figura omagiatei \u00een comunicarea <em>\u201ePrintre oameni \u0219i c\u0103r\u021bi. Nonagenarul om de art\u0103 Elfrida Koroliova\u201d<\/em>.<\/p>\n\n\n\n<p>Evenimentul a constituit \u0219i un prilej de rememorare a \u00eenceputurilor carierei doamnei Koroliova, str\u00e2ns legate de Teatrul Na\u021bional de Oper\u0103 \u0219i Balet, institu\u021bie care i-a oferit cu aceast\u0103 ocazie o Diplom\u0103 de Excelen\u021b\u0103, \u00eenm\u00e2nat\u0103 de directorul general, Nicolae Dohotaru.<\/p>\n\n\n\n<p>La manifestare au fost prezen\u021bi numero\u0219i reprezentan\u021bi ai vie\u021bii culturale \u0219i academice, care au exprimat sincere omagii \u0219i g\u00e2nduri de pre\u021buire: doamna Svetlana Bivol, pre\u0219edinta Uniunii Muzicienilor; doamna Viorica Ciobanu, pre\u0219edinta Asocia\u021biei Coregrafilor; domnul Alexandru Grecu, pre\u0219edintele Uniunii Teatrale; doamna Zoia Gu\u021bu, \u0219efa Departamentului de Art\u0103 coregrafic\u0103 \u0219i performan\u021b\u0103 motric\u0103 din cadrul AMTAP; precum \u0219i colegii de la Institutul Patrimoniului Cultural \u2013 dr. hab. Victoria Rocaciuc, dr. Valeria Barbas, dr. Vasile Chiseli\u021b\u0103 \u0219i dr. Dorina Khalil-Butucioc. Un moment aparte l-a constituit interven\u021bia profesorului universitar Aurelian D\u0103nil\u0103, doctor habilitat, membru corespondent al Academiei de \u0218tiin\u021be a Moldovei, fost doctorand al doamnei Koroliova, care a vorbit cu emo\u021bie despre influen\u021ba formativ\u0103 a acesteia.<\/p>\n\n\n\n<p>\u00cen \u00eencheiere, cuvintele doamnei Elfrida Koroliova au rezonat \u00een inimile tuturor celor prezen\u021bi: <em>\u201eNu exist\u0103 nimic mai captivant dec\u00e2t cunoa\u0219terea prin art\u0103 a lumii \u0219i a omului \u00een aceast\u0103 lume.\u201d<\/em> Aceast\u0103 reflec\u021bie profund\u0103 a stat, de fapt, sub semnul \u00eentregului eveniment \u2013 o s\u0103rb\u0103toare a destinului unei femei care, prin inteligen\u021b\u0103, pasiune \u0219i har, a l\u0103sat o amprent\u0103 durabil\u0103 \u00een cultura \u0219i educa\u021bia artistic\u0103 din Republica Moldova.<\/p>\n\n\n\n<p>La mul\u021bi, mul\u021bi ani, doamn\u0103 Elfrida Koroliova! Cu admira\u021bie, dragoste \u0219i recuno\u0219tin\u021b\u0103!<\/p>\n\n\n\n<figure class=\"wp-block-image size-large\"><a href=\"https:\/\/ich.md\/wp-content\/uploads\/2025\/05\/497611406_122175693116293693_6280176190454992845_n.jpg\"><img decoding=\"async\" loading=\"lazy\" width=\"1024\" height=\"683\" src=\"https:\/\/ich.md\/wp-content\/uploads\/2025\/05\/497611406_122175693116293693_6280176190454992845_n-1024x683.jpg\" alt=\"\" class=\"wp-image-8440\"\/><\/a><\/figure>\n\n\n\n<figure class=\"wp-block-image size-large\"><a href=\"https:\/\/ich.md\/wp-content\/uploads\/2025\/05\/497451297_122175691010293693_4947105030943224755_n.jpg\"><img decoding=\"async\" loading=\"lazy\" width=\"1024\" height=\"683\" src=\"https:\/\/ich.md\/wp-content\/uploads\/2025\/05\/497451297_122175691010293693_4947105030943224755_n-1024x683.jpg\" alt=\"\" class=\"wp-image-8441\"\/><\/a><\/figure>\n\n\n\n<figure class=\"wp-block-image size-large\"><a href=\"https:\/\/ich.md\/wp-content\/uploads\/2025\/05\/497807659_122175692090293693_5512174245451668807_n.jpg\"><img decoding=\"async\" loading=\"lazy\" width=\"1024\" height=\"683\" src=\"https:\/\/ich.md\/wp-content\/uploads\/2025\/05\/497807659_122175692090293693_5512174245451668807_n-1024x683.jpg\" alt=\"\" class=\"wp-image-8442\"\/><\/a><\/figure>\n\n\n\n<figure class=\"wp-block-image size-large\"><a href=\"https:\/\/ich.md\/wp-content\/uploads\/2025\/05\/497503668_122175693476293693_5250923619387512261_n.jpg\"><img decoding=\"async\" loading=\"lazy\" width=\"1024\" height=\"683\" src=\"https:\/\/ich.md\/wp-content\/uploads\/2025\/05\/497503668_122175693476293693_5250923619387512261_n-1024x683.jpg\" alt=\"\" class=\"wp-image-8443\"\/><\/a><\/figure>\n\n\n\n<figure class=\"wp-block-image size-large\"><a href=\"https:\/\/ich.md\/wp-content\/uploads\/2025\/05\/497450952_122175685724293693_2815172834114146508_n.jpg\"><img decoding=\"async\" loading=\"lazy\" width=\"1024\" height=\"683\" src=\"https:\/\/ich.md\/wp-content\/uploads\/2025\/05\/497450952_122175685724293693_2815172834114146508_n-1024x683.jpg\" alt=\"\" class=\"wp-image-8444\"\/><\/a><\/figure>\n\n\n\n<figure class=\"wp-block-image size-large\"><a href=\"https:\/\/ich.md\/wp-content\/uploads\/2025\/05\/497491124_122175685298293693_4930241632384454620_n.jpg\"><img decoding=\"async\" loading=\"lazy\" width=\"1024\" height=\"683\" src=\"https:\/\/ich.md\/wp-content\/uploads\/2025\/05\/497491124_122175685298293693_4930241632384454620_n-1024x683.jpg\" alt=\"\" class=\"wp-image-8445\"\/><\/a><\/figure>\n","protected":false},"excerpt":{"rendered":"<p>La 12 mai 2025, Institutul Patrimoniului Cultural a g\u0103zduit o manifestare de excep\u021bie, organizat\u0103 de Sec\u021bia \u201ePatrimoniu artistic\u201d \u2013 masa rotund\u0103 omagial\u0103 intitulat\u0103 \u201eDestinul unui<span class=\"read-more-link\"><a class=\"read-more\" href=\"https:\/\/ich.md\/?p=8439\">Read More<\/a><\/span><\/p>\n","protected":false},"author":11,"featured_media":8447,"comment_status":"closed","ping_status":"closed","sticky":false,"template":"","format":"standard","meta":[],"categories":[10],"tags":[],"_links":{"self":[{"href":"https:\/\/ich.md\/index.php?rest_route=\/wp\/v2\/posts\/8439"}],"collection":[{"href":"https:\/\/ich.md\/index.php?rest_route=\/wp\/v2\/posts"}],"about":[{"href":"https:\/\/ich.md\/index.php?rest_route=\/wp\/v2\/types\/post"}],"author":[{"embeddable":true,"href":"https:\/\/ich.md\/index.php?rest_route=\/wp\/v2\/users\/11"}],"replies":[{"embeddable":true,"href":"https:\/\/ich.md\/index.php?rest_route=%2Fwp%2Fv2%2Fcomments&post=8439"}],"version-history":[{"count":1,"href":"https:\/\/ich.md\/index.php?rest_route=\/wp\/v2\/posts\/8439\/revisions"}],"predecessor-version":[{"id":8446,"href":"https:\/\/ich.md\/index.php?rest_route=\/wp\/v2\/posts\/8439\/revisions\/8446"}],"wp:featuredmedia":[{"embeddable":true,"href":"https:\/\/ich.md\/index.php?rest_route=\/wp\/v2\/media\/8447"}],"wp:attachment":[{"href":"https:\/\/ich.md\/index.php?rest_route=%2Fwp%2Fv2%2Fmedia&parent=8439"}],"wp:term":[{"taxonomy":"category","embeddable":true,"href":"https:\/\/ich.md\/index.php?rest_route=%2Fwp%2Fv2%2Fcategories&post=8439"},{"taxonomy":"post_tag","embeddable":true,"href":"https:\/\/ich.md\/index.php?rest_route=%2Fwp%2Fv2%2Ftags&post=8439"}],"curies":[{"name":"wp","href":"https:\/\/api.w.org\/{rel}","templated":true}]}}