{"id":8472,"date":"2025-05-30T15:45:06","date_gmt":"2025-05-30T12:45:06","guid":{"rendered":"https:\/\/ich.md\/?p=8472"},"modified":"2025-05-31T11:08:10","modified_gmt":"2025-05-31T08:08:10","slug":"orasul-care-poate-fi-expozitie-de-viziune-urbana-prezentata-in-cadrul-forumului-civic-urban","status":"publish","type":"post","link":"https:\/\/ich.md\/?p=8472","title":{"rendered":"\u201eOra\u0219ul care poate fi\u201d \u2013 expozi\u021bie de viziune urban\u0103 prezentat\u0103 \u00een cadrul Forumului Civic Urban"},"content":{"rendered":"\n<p>La data de 24 mai 2025, a avut loc <em>Forumul Civic Urban<\/em>, eveniment organizat de <em>Centrul pentru Politici Europene<\/em>, \u00een colaborare cu <em>Asocia\u021bia Ob\u0219teasc\u0103 Salva\u021bi Chi\u0219in\u0103ul \/ SaveChi\u0219in\u0103u<\/em>. \u00cen cadrul forumului a fost vernisat\u0103 expozi\u021bia \u201eOra\u0219ul care poate fi\u201d<strong>,<\/strong> semnat\u0103 de cercet\u0103toarea \u0219tiin\u021bific\u0103 \u0219i arhitecta Sorina-Nicoleta Grati.<\/p>\n\n\n\n<p>Expozi\u021bia propune o reflec\u021bie vizual\u0103 \u0219i conceptual\u0103 asupra poten\u021bialului de transformare urban\u0103 a municipiului Chi\u0219in\u0103u, reunind o serie de colaje urbanistice care pun \u00een contrast realitatea existent\u0103 a unor spa\u021bii publice cu scenarii alternative de reconfigurare. Fiecare panou documenteaz\u0103 o situa\u021bie urban\u0103 concret\u0103, marcat\u0103 de disfunc\u021bionalit\u0103\u021bi \u2013 fie ele de ordin infrastructural, estetic sau social \u2013 \u0219i sugereaz\u0103 interven\u021bii posibile, bine articulate, viabile \u0219i orientate spre interesul colectiv.<\/p>\n\n\n\n<p>Demersul artistic \u0219i \u0219tiin\u021bific urm\u0103re\u0219te s\u0103 demonstreze c\u0103, prin solu\u021bii punctuale, atent g\u00e2ndite \u0219i adaptate specificului local, Chi\u0219in\u0103ul poate evolua c\u0103tre un model urban mai incluziv, sigur \u0219i func\u021bional, \u00een acord cu aspira\u021biile comunit\u0103\u021bii \u0219i cerin\u021bele dezvolt\u0103rii durabile.<\/p>\n\n\n\n<p>Adres\u00e2ndu-se at\u00e2t speciali\u0219tilor \u00een urbanism \u0219i reprezentan\u021bilor administra\u021biei publice, c\u00e2t \u0219i cet\u0103\u021benilor activi \u0219i preocupa\u021bi de calitatea spa\u021biului urban, expozi\u021bia promoveaz\u0103 ideea c\u0103 viitorul ora\u0219ului poate fi conturat prin dialog, responsabilitate civic\u0103 \u0219i o viziune urban\u0103 integratoare.<\/p>\n\n\n\n<figure class=\"wp-block-image size-large\"><a href=\"https:\/\/ich.md\/wp-content\/uploads\/2025\/05\/grati1.jpg\"><img decoding=\"async\" loading=\"lazy\" width=\"1024\" height=\"684\" src=\"https:\/\/ich.md\/wp-content\/uploads\/2025\/05\/grati1-1024x684.jpg\" alt=\"\" class=\"wp-image-8477\"\/><\/a><\/figure>\n\n\n\n<figure class=\"wp-block-image size-large\"><a href=\"https:\/\/ich.md\/wp-content\/uploads\/2025\/05\/grati4.jpg\"><img decoding=\"async\" loading=\"lazy\" width=\"1024\" height=\"684\" src=\"https:\/\/ich.md\/wp-content\/uploads\/2025\/05\/grati4-1024x684.jpg\" alt=\"\" class=\"wp-image-8479\"\/><\/a><\/figure>\n\n\n\n<figure class=\"wp-block-image size-large\"><a href=\"https:\/\/ich.md\/wp-content\/uploads\/2025\/05\/grati.jpg\"><img decoding=\"async\" loading=\"lazy\" width=\"1024\" height=\"684\" src=\"https:\/\/ich.md\/wp-content\/uploads\/2025\/05\/grati-1024x684.jpg\" alt=\"\" class=\"wp-image-8486\"\/><\/a><\/figure>\n\n\n\n<figure class=\"wp-block-image size-large\"><a href=\"https:\/\/ich.md\/wp-content\/uploads\/2025\/05\/grati2-1.jpg\"><img decoding=\"async\" loading=\"lazy\" width=\"1024\" height=\"684\" src=\"https:\/\/ich.md\/wp-content\/uploads\/2025\/05\/grati2-1-1024x684.jpg\" alt=\"\" class=\"wp-image-8488\"\/><\/a><\/figure>\n","protected":false},"excerpt":{"rendered":"<p>La data de 24 mai 2025, a avut loc Forumul Civic Urban, eveniment organizat de Centrul pentru Politici Europene, \u00een colaborare cu Asocia\u021bia Ob\u0219teasc\u0103 Salva\u021bi<span class=\"read-more-link\"><a class=\"read-more\" href=\"https:\/\/ich.md\/?p=8472\">Read More<\/a><\/span><\/p>\n","protected":false},"author":11,"featured_media":8478,"comment_status":"closed","ping_status":"closed","sticky":false,"template":"","format":"standard","meta":[],"categories":[10],"tags":[],"_links":{"self":[{"href":"https:\/\/ich.md\/index.php?rest_route=\/wp\/v2\/posts\/8472"}],"collection":[{"href":"https:\/\/ich.md\/index.php?rest_route=\/wp\/v2\/posts"}],"about":[{"href":"https:\/\/ich.md\/index.php?rest_route=\/wp\/v2\/types\/post"}],"author":[{"embeddable":true,"href":"https:\/\/ich.md\/index.php?rest_route=\/wp\/v2\/users\/11"}],"replies":[{"embeddable":true,"href":"https:\/\/ich.md\/index.php?rest_route=%2Fwp%2Fv2%2Fcomments&post=8472"}],"version-history":[{"count":6,"href":"https:\/\/ich.md\/index.php?rest_route=\/wp\/v2\/posts\/8472\/revisions"}],"predecessor-version":[{"id":8489,"href":"https:\/\/ich.md\/index.php?rest_route=\/wp\/v2\/posts\/8472\/revisions\/8489"}],"wp:featuredmedia":[{"embeddable":true,"href":"https:\/\/ich.md\/index.php?rest_route=\/wp\/v2\/media\/8478"}],"wp:attachment":[{"href":"https:\/\/ich.md\/index.php?rest_route=%2Fwp%2Fv2%2Fmedia&parent=8472"}],"wp:term":[{"taxonomy":"category","embeddable":true,"href":"https:\/\/ich.md\/index.php?rest_route=%2Fwp%2Fv2%2Fcategories&post=8472"},{"taxonomy":"post_tag","embeddable":true,"href":"https:\/\/ich.md\/index.php?rest_route=%2Fwp%2Fv2%2Ftags&post=8472"}],"curies":[{"name":"wp","href":"https:\/\/api.w.org\/{rel}","templated":true}]}}