{"id":8491,"date":"2025-06-04T12:46:46","date_gmt":"2025-06-04T09:46:46","guid":{"rendered":"https:\/\/ich.md\/?p=8491"},"modified":"2025-06-04T12:49:03","modified_gmt":"2025-06-04T09:49:03","slug":"in-memoriam-maestrului-eugen-doga","status":"publish","type":"post","link":"https:\/\/ich.md\/?p=8491","title":{"rendered":"\u00cen memoriam Maestrului Eugen Doga"},"content":{"rendered":"\n<p>Cu profund\u0103 triste\u021be, colectivul de cercet\u0103tori ai Institutului Patrimoniului Cultural, \u00een special cei care l-au cunoscut personal \u0219i s-au bucurat de prietenia sa, \u00ee\u0219i pleac\u0103 fruntea cu profund respect \u0219i \u00eemp\u0103rt\u0103\u0219esc durerea desp\u0103r\u021birii \u00een urma trecerii \u00een nefiin\u021b\u0103 a Maestrului Eugen Doga \u2013 personalitate marcant\u0103 a culturii na\u021bionale \u0219i universale, Artist al Poporului, laureat al Premiului de Stat, cavaler al Ordinului Republicii \u0219i cet\u0103\u021bean de onoare al municipiului Chi\u0219in\u0103u.<\/p>\n\n\n\n<p>Plecarea sa las\u0103 un gol imens \u00een lumea artei, iar mo\u0219tenirea pe care ne-o las\u0103 \u2013 un patrimoniu muzical de o valoare inestimabil\u0103 \u2013 va continua s\u0103 inspire, s\u0103 vindece \u0219i s\u0103 \u00eennobileze sufletele a genera\u021bii \u00eentregi.<\/p>\n\n\n\n<p>Muzica lui Eugen Doga a fost \u0219i va r\u0103m\u00e2ne puntea dintre sensibilitate \u0219i eternitate, dintre identitatea noastr\u0103 profund\u0103 \u0219i universalitatea frumosului. Prin crea\u021biile sale, el a transformat emo\u021bia \u00een art\u0103, iar arta \u00een memorie vie.<\/p>\n\n\n\n<p>Transmitem sincere condolean\u021be familiei \u00eendoliate, tuturor celor care l-au cunoscut, admirat \u0219i iubit.<br>Fie ca amintirea \u0219i opera sa s\u0103 r\u0103m\u00e2n\u0103 mereu vii \u00een con\u0219tiin\u021ba noastr\u0103 colectiv\u0103.<\/p>\n\n\n\n<p>Odihn\u0103 ve\u0219nic\u0103, Maestre!<\/p>\n\n\n\n<figure class=\"wp-block-image size-large\"><a href=\"https:\/\/ich.md\/wp-content\/uploads\/2025\/06\/eugen-doga-1.jpg\"><img decoding=\"async\" loading=\"lazy\" width=\"1024\" height=\"770\" src=\"https:\/\/ich.md\/wp-content\/uploads\/2025\/06\/eugen-doga-1-1024x770.jpg\" alt=\"\" class=\"wp-image-8492\"\/><\/a><\/figure>\n","protected":false},"excerpt":{"rendered":"<p>Cu profund\u0103 triste\u021be, colectivul de cercet\u0103tori ai Institutului Patrimoniului Cultural, \u00een special cei care l-au cunoscut personal \u0219i s-au bucurat de prietenia sa, \u00ee\u0219i pleac\u0103<span class=\"read-more-link\"><a class=\"read-more\" href=\"https:\/\/ich.md\/?p=8491\">Read More<\/a><\/span><\/p>\n","protected":false},"author":11,"featured_media":8430,"comment_status":"closed","ping_status":"closed","sticky":false,"template":"","format":"standard","meta":[],"categories":[10],"tags":[],"_links":{"self":[{"href":"https:\/\/ich.md\/index.php?rest_route=\/wp\/v2\/posts\/8491"}],"collection":[{"href":"https:\/\/ich.md\/index.php?rest_route=\/wp\/v2\/posts"}],"about":[{"href":"https:\/\/ich.md\/index.php?rest_route=\/wp\/v2\/types\/post"}],"author":[{"embeddable":true,"href":"https:\/\/ich.md\/index.php?rest_route=\/wp\/v2\/users\/11"}],"replies":[{"embeddable":true,"href":"https:\/\/ich.md\/index.php?rest_route=%2Fwp%2Fv2%2Fcomments&post=8491"}],"version-history":[{"count":2,"href":"https:\/\/ich.md\/index.php?rest_route=\/wp\/v2\/posts\/8491\/revisions"}],"predecessor-version":[{"id":8495,"href":"https:\/\/ich.md\/index.php?rest_route=\/wp\/v2\/posts\/8491\/revisions\/8495"}],"wp:featuredmedia":[{"embeddable":true,"href":"https:\/\/ich.md\/index.php?rest_route=\/wp\/v2\/media\/8430"}],"wp:attachment":[{"href":"https:\/\/ich.md\/index.php?rest_route=%2Fwp%2Fv2%2Fmedia&parent=8491"}],"wp:term":[{"taxonomy":"category","embeddable":true,"href":"https:\/\/ich.md\/index.php?rest_route=%2Fwp%2Fv2%2Fcategories&post=8491"},{"taxonomy":"post_tag","embeddable":true,"href":"https:\/\/ich.md\/index.php?rest_route=%2Fwp%2Fv2%2Ftags&post=8491"}],"curies":[{"name":"wp","href":"https:\/\/api.w.org\/{rel}","templated":true}]}}