{"id":8498,"date":"2025-06-20T12:55:15","date_gmt":"2025-06-20T09:55:15","guid":{"rendered":"https:\/\/ich.md\/?p=8498"},"modified":"2025-06-20T13:01:03","modified_gmt":"2025-06-20T10:01:03","slug":"identitate-prin-arhitectura-si-vin-moldova-isi-afirma-patrimoniul-la-congresul-oiv","status":"publish","type":"post","link":"https:\/\/ich.md\/?p=8498","title":{"rendered":"Identitate prin arhitectur\u0103 \u0219i vin: Moldova \u00ee\u0219i afirm\u0103 patrimoniul la Congresul OIV\u201d"},"content":{"rendered":"\n<p>Pentru o perioad\u0103 de cinci zile, 16\u201320 iunie, Republica Moldova a devenit epicentru al unui eveniment major \u2013 desf\u0103\u0219urarea celui de-al 46-lea Congres Mondial al Viei \u0219i Vinului. Congresul a reunit peste 300 de invita\u021bi interna\u021bionali, exper\u021bi \u0219i profesioni\u0219ti din industria vinului, oferind oportunitatea de a \u00eemp\u0103rt\u0103\u0219i cuno\u0219tin\u021be \u0219i de a stabili noi colabor\u0103ri.<\/p>\n\n\n\n<p>\u00cen acest an, cei prezen\u021bi la ceremonia de deschidere au fost pl\u0103cut surprin\u0219i de posibilitatea de a face cuno\u0219tin\u021b\u0103 cu viticultura \u0219i oenologia \u021b\u0103rii-gazd\u0103 prin viziunea arhitectei Aurelia Trifan. Monografia \u201eArhitectura complexurilor vitivinicole din Republica Moldova\u201d \u2013 ce a integrat rezultatele cercet\u0103rii arhitecturii construc\u021biilor vitivinicole din Republica Moldova de la origini p\u00e2n\u0103 la etapa contemporan\u0103 \u2013 a fost propus\u0103 participan\u021bilor oficiali la Congresul OIV. Prin aceast\u0103 ac\u021biune, s-a urm\u0103rit promovarea cercet\u0103rii \u0219tiin\u021bifice aplicate \u00een domeniul vitivinicol, precum \u0219i sus\u021binerea educa\u021biei, cercet\u0103rii \u0219i schimbului de bune practici \u00eentre exper\u021bii interna\u021bionali prezen\u021bi la eveniment.<\/p>\n\n\n\n<p>Acest gest din partea Aureliei Trifan a fost apreciat de onora\u021bii oaspe\u021bi ai Congresului Yvette van der Merwe, pre\u0219edintele Organiza\u021biei Interna\u021bionale a Viei \u0219i Vinului, Jonh Barker, directorul general al OIV \u0219i Jean-Claude Ruf, directorul \u0219tiin\u021bific al OIV\u0219i nu numai. Ministra Agriculturii \u0219i Industriei Alimentare, Ludmila Catlabuga, pre\u0219edintele comisiei de exper\u021bi a congresului, dr. hab., Gheorghe Arpentin, academicianul, dr. hab., Boris G\u0103in\u0103, savant notoriu apreciat \u00een \u021bar\u0103 \u0219i peste hotare pentru realiz\u0103ri \u00een domeniul oenologiei, au men\u021bionat contribu\u021bia publica\u021biei la promovarea patrimoniului vitivinicol na\u021bional.<\/p>\n\n\n\n<figure class=\"wp-block-image size-large\"><a href=\"https:\/\/ich.md\/wp-content\/uploads\/2025\/06\/1.jpg\"><img decoding=\"async\" loading=\"lazy\" width=\"1024\" height=\"768\" src=\"https:\/\/ich.md\/wp-content\/uploads\/2025\/06\/1-1024x768.jpg\" alt=\"\" class=\"wp-image-8499\"\/><\/a><\/figure>\n\n\n\n<figure class=\"wp-block-image size-large\"><a href=\"https:\/\/ich.md\/wp-content\/uploads\/2025\/06\/2-scaled.jpg\"><img decoding=\"async\" loading=\"lazy\" width=\"577\" height=\"1024\" src=\"https:\/\/ich.md\/wp-content\/uploads\/2025\/06\/2-577x1024.jpg\" alt=\"\" class=\"wp-image-8500\"\/><\/a><\/figure>\n\n\n\n<figure class=\"wp-block-image size-large\"><a href=\"https:\/\/ich.md\/wp-content\/uploads\/2025\/06\/4-scaled.jpg\"><img decoding=\"async\" loading=\"lazy\" width=\"577\" height=\"1024\" src=\"https:\/\/ich.md\/wp-content\/uploads\/2025\/06\/4-577x1024.jpg\" alt=\"\" class=\"wp-image-8502\"\/><\/a><\/figure>\n\n\n\n<figure class=\"wp-block-image size-large is-resized\"><a href=\"https:\/\/ich.md\/wp-content\/uploads\/2025\/06\/5-scaled.jpg\"><img decoding=\"async\" loading=\"lazy\" src=\"https:\/\/ich.md\/wp-content\/uploads\/2025\/06\/5-577x1024.jpg\" alt=\"\" class=\"wp-image-8503\" width=\"577\" height=\"1024\"\/><\/a><\/figure>\n","protected":false},"excerpt":{"rendered":"<p>Pentru o perioad\u0103 de cinci zile, 16\u201320 iunie, Republica Moldova a devenit epicentru al unui eveniment major \u2013 desf\u0103\u0219urarea celui de-al 46-lea Congres Mondial al<span class=\"read-more-link\"><a class=\"read-more\" href=\"https:\/\/ich.md\/?p=8498\">Read More<\/a><\/span><\/p>\n","protected":false},"author":11,"featured_media":8506,"comment_status":"closed","ping_status":"closed","sticky":false,"template":"","format":"standard","meta":[],"categories":[10],"tags":[],"_links":{"self":[{"href":"https:\/\/ich.md\/index.php?rest_route=\/wp\/v2\/posts\/8498"}],"collection":[{"href":"https:\/\/ich.md\/index.php?rest_route=\/wp\/v2\/posts"}],"about":[{"href":"https:\/\/ich.md\/index.php?rest_route=\/wp\/v2\/types\/post"}],"author":[{"embeddable":true,"href":"https:\/\/ich.md\/index.php?rest_route=\/wp\/v2\/users\/11"}],"replies":[{"embeddable":true,"href":"https:\/\/ich.md\/index.php?rest_route=%2Fwp%2Fv2%2Fcomments&post=8498"}],"version-history":[{"count":3,"href":"https:\/\/ich.md\/index.php?rest_route=\/wp\/v2\/posts\/8498\/revisions"}],"predecessor-version":[{"id":8509,"href":"https:\/\/ich.md\/index.php?rest_route=\/wp\/v2\/posts\/8498\/revisions\/8509"}],"wp:featuredmedia":[{"embeddable":true,"href":"https:\/\/ich.md\/index.php?rest_route=\/wp\/v2\/media\/8506"}],"wp:attachment":[{"href":"https:\/\/ich.md\/index.php?rest_route=%2Fwp%2Fv2%2Fmedia&parent=8498"}],"wp:term":[{"taxonomy":"category","embeddable":true,"href":"https:\/\/ich.md\/index.php?rest_route=%2Fwp%2Fv2%2Fcategories&post=8498"},{"taxonomy":"post_tag","embeddable":true,"href":"https:\/\/ich.md\/index.php?rest_route=%2Fwp%2Fv2%2Ftags&post=8498"}],"curies":[{"name":"wp","href":"https:\/\/api.w.org\/{rel}","templated":true}]}}