{"id":8510,"date":"2025-06-21T12:04:22","date_gmt":"2025-06-21T09:04:22","guid":{"rendered":"https:\/\/ich.md\/?p=8510"},"modified":"2025-06-21T12:29:25","modified_gmt":"2025-06-21T09:29:25","slug":"zestrea-identitara-in-spatiul-cercetarii-ia-si-portul-traditional-intr-un-discursul-stiintific-contemporan","status":"publish","type":"post","link":"https:\/\/ich.md\/?p=8510","title":{"rendered":"Zestrea identitar\u0103 \u00een spa\u021biul cercet\u0103rii: ia \u0219i portul tradi\u021bional \u00eentr-un discurs \u0219tiin\u021bific contemporan"},"content":{"rendered":"\n<p><em>Mar\u021bi, 24 iunie 2025<\/em>, \u00eencep\u00e2nd cu ora <em>09:00<\/em>, la <em>Institutul Patrimoniului Cultural<\/em> din Chi\u0219in\u0103u (<em>bd. \u0218tefan cel Mare \u0219i Sf\u00e2nt, nr. 1<\/em>), va avea loc <em>Simpozionul Interna\u021bional de Etnologie, Edi\u021bia a VI-a<\/em>, dedicat <em>Zilei Universale a Iei<\/em> \u0219i <em>Zilei Na\u021bionale a Portului Popular<\/em>.<\/p>\n\n\n\n<p>Evenimentul se desf\u0103\u0219oar\u0103 \u00een format <em>mixt<\/em> (<em>cu participare fizic\u0103 \u0219i online<\/em>) \u0219i face parte din ac\u021biunile \u0219tiin\u021bifice desf\u0103\u0219urate \u00een cadrul subprogramului de cercetare <em>170101: Cercetarea \u0219i valorificarea patrimoniului cultural construit, etnografic, arheologic \u0219i artistic din Republica Moldova \u00een contextul integr\u0103rii europene<\/em>.<\/p>\n\n\n\n<p>Sunt invita\u021bi cu drag to\u021bi <em>colaboratorii \u0219tiin\u021bifici, me\u0219terii populari, cadrele universitare, doctoranzii, reprezentan\u021bii mass-media<\/em>, precum \u0219i <em>iubitorii de ie, de port tradi\u021bional \u0219i de cultur\u0103 autentic\u0103<\/em>, care poart\u0103 \u0219i coase cu m\u00e2ndrie acest simbol identitar.<\/p>\n\n\n\n<p>Comunic\u0103rile \u0219tiin\u021bifice vor aborda teme precum <em>ia \u0219i portul popular \u00een contextul valorilor culturale na\u021bionale \u0219i universale<\/em>, <em>cercetarea \u0219i valorificarea culturii tradi\u021bionale rom\u00e2ne\u0219ti<\/em>, precum \u0219i <em>cercetarea \u0219i valorificarea culturii tradi\u021bionale a minorit\u0103\u021bilor etnice<\/em>.<\/p>\n\n\n\n<p><em>Limbile de lucru ale simpozionului sunt rom\u00e2na, engleza, ucraineana \u0219i rusa.<\/em><\/p>\n\n\n\n<p><em>V\u0103 a\u0219tept\u0103m cu drag s\u0103 s\u0103rb\u0103torim \u00eempreun\u0103 ia \u2013 ve\u0219m\u00e2ntul cu suflet, \u00eentr-un spirit de cercetare, apreciere \u0219i promovare a patrimoniului cultural viu!<\/em><\/p>\n\n\n\n<p>Detalii privind desf\u0103\u0219urarea evenimentului se reg\u0103sesc \u00een programul anexat.<\/p>\n\n\n\n<div class=\"wp-block-file\"><a href=\"blob:https:\/\/ich.md\/3e0077b6-1832-4feb-a567-777cf82f5c14\" class=\"wp-block-file__button wp-element-button\" download>Descarc\u0103<\/a><\/div>\n\n\n\n<div class=\"wp-block-file\"><object class=\"wp-block-file__embed\" data=\"https:\/\/ich.md\/wp-content\/uploads\/2025\/06\/Rezumate-Volum-21.-06.2025-1.pdf\" type=\"application\/pdf\" style=\"width:100%;height:600px\" aria-label=\"\u00cenglobare pentru Rezumate-Volum-21.-06.2025-1.\"><\/object><a id=\"wp-block-file--media-01976b55-f41b-4d4c-8db0-09dd14421aa6\" href=\"https:\/\/ich.md\/wp-content\/uploads\/2025\/06\/Rezumate-Volum-21.-06.2025-1.pdf\">Rezumate-Volum-21.-06.2025-1<\/a><a href=\"https:\/\/ich.md\/wp-content\/uploads\/2025\/06\/Rezumate-Volum-21.-06.2025-1.pdf\" class=\"wp-block-file__button wp-element-button\" download aria-describedby=\"wp-block-file--media-01976b55-f41b-4d4c-8db0-09dd14421aa6\">Descarc\u0103<\/a><\/div>\n","protected":false},"excerpt":{"rendered":"<p>Mar\u021bi, 24 iunie 2025, \u00eencep\u00e2nd cu ora 09:00, la Institutul Patrimoniului Cultural din Chi\u0219in\u0103u (bd. \u0218tefan cel Mare \u0219i Sf\u00e2nt, nr. 1), va avea loc<span class=\"read-more-link\"><a class=\"read-more\" href=\"https:\/\/ich.md\/?p=8510\">Read More<\/a><\/span><\/p>\n","protected":false},"author":11,"featured_media":8520,"comment_status":"closed","ping_status":"closed","sticky":false,"template":"","format":"standard","meta":[],"categories":[10],"tags":[],"_links":{"self":[{"href":"https:\/\/ich.md\/index.php?rest_route=\/wp\/v2\/posts\/8510"}],"collection":[{"href":"https:\/\/ich.md\/index.php?rest_route=\/wp\/v2\/posts"}],"about":[{"href":"https:\/\/ich.md\/index.php?rest_route=\/wp\/v2\/types\/post"}],"author":[{"embeddable":true,"href":"https:\/\/ich.md\/index.php?rest_route=\/wp\/v2\/users\/11"}],"replies":[{"embeddable":true,"href":"https:\/\/ich.md\/index.php?rest_route=%2Fwp%2Fv2%2Fcomments&post=8510"}],"version-history":[{"count":3,"href":"https:\/\/ich.md\/index.php?rest_route=\/wp\/v2\/posts\/8510\/revisions"}],"predecessor-version":[{"id":8521,"href":"https:\/\/ich.md\/index.php?rest_route=\/wp\/v2\/posts\/8510\/revisions\/8521"}],"wp:featuredmedia":[{"embeddable":true,"href":"https:\/\/ich.md\/index.php?rest_route=\/wp\/v2\/media\/8520"}],"wp:attachment":[{"href":"https:\/\/ich.md\/index.php?rest_route=%2Fwp%2Fv2%2Fmedia&parent=8510"}],"wp:term":[{"taxonomy":"category","embeddable":true,"href":"https:\/\/ich.md\/index.php?rest_route=%2Fwp%2Fv2%2Fcategories&post=8510"},{"taxonomy":"post_tag","embeddable":true,"href":"https:\/\/ich.md\/index.php?rest_route=%2Fwp%2Fv2%2Ftags&post=8510"}],"curies":[{"name":"wp","href":"https:\/\/api.w.org\/{rel}","templated":true}]}}