{"id":8523,"date":"2025-06-25T13:48:00","date_gmt":"2025-06-25T10:48:00","guid":{"rendered":"https:\/\/ich.md\/?p=8523"},"modified":"2025-06-25T13:50:56","modified_gmt":"2025-06-25T10:50:56","slug":"ziua-iei-celebrata-prin-cercetare-simpozionul-international-de-etnologie-2025","status":"publish","type":"post","link":"https:\/\/ich.md\/?p=8523","title":{"rendered":"Ziua Iei celebrat\u0103 prin cercetare: Simpozionul Interna\u021bional de Etnologie, 2025"},"content":{"rendered":"\n<p>\u00cen data de 24 iunie 2025, cu ocazia <em>Zilei Universale a Iei<\/em> \u0219i <em>Zilei Na\u021bionale a Portului Popular<\/em>, s-a desf\u0103\u0219urat cea de<strong>&#8211;<\/strong>a VI<strong>&#8211;<\/strong>a edi\u021bie a Simpozionului \u0218tiin\u021bific Interna\u021bional de Etnologie, organizat de Institutul Patrimoniului Cultural al Ministerului Culturii al Republicii Moldova. Evenimentul a reunit cercet\u0103tori, profesori universitari \u0219i speciali\u0219ti din Republica Moldova, Rom\u00e2nia, Ucraina \u0219i China, fiind realizat \u00een parteneriat cu Ministerul Culturii, Academia de \u0218tiin\u021be a Moldovei, Institutul de Etnografie \u0219i Folclor \u201eC. Br\u0103iloiu\u201d al Academiei Rom\u00e2ne, Universitatea Tehnic\u0103 din Cluj-Napoca \u2013 Centrul Universitar Nord din Baia Mare, Facultatea de Litere (Rom\u00e2nia), Institutul de Studii al Artelor, Folcloristic\u0103 \u0219i Etnologie \u201eM. Rylskyi\u201d al Academiei Na\u021bionale de \u0218tiin\u021be din Ucraina, Muzeul Na\u021bional de Etnografie \u0219i Istorie Natural\u0103 (Chi\u0219in\u0103u), Universitatea de Stat \u201eB.P. Hasdeu\u201d din Cahul, precum \u0219i Universitatea de Studii Politice \u0219i Economice Europene \u201eConstantin Stere\u201d.<\/p>\n\n\n\n<p>Simpozionul, dedicat patrimoniului vestimentar tradi\u021bional \u0219i valorilor etnoculturale, s-a constituit \u00eentr-un cadru de reflec\u021bie \u0219i cercetare interdisciplinar\u0103, promov\u00e2nd o \u00een\u021belegere aprofundat\u0103 a simbolurilor identitare, istorice \u0219i culturale care definesc spa\u021biul rom\u00e2nesc \u0219i zonele culturale \u00eenvecinate. Lucr\u0103rile prezentate au relevat at\u00e2t rezultatele unor cercet\u0103ri de teren recente, c\u00e2t \u0219i contribu\u021bii teoretice riguroase, studii de caz relevante \u0219i abord\u0103ri metodologice diverse, orientate spre analiza multiplelor valen\u021be ale costumului tradi\u021bional \u2013 perceput nu doar ca obiect vestimentar, ci \u0219i ca purt\u0103tor de memorie colectiv\u0103 \u0219i expresie a identit\u0103\u021bii etnice.<\/p>\n\n\n\n<p>\u00cen cadrul \u0219edin\u021bei plenare, au fost sus\u021binute comunic\u0103ri de referin\u021b\u0103 de c\u0103tre personalit\u0103\u021bi marcante ale domeniului.<\/p>\n\n\n\n<ul>\n<li>Acad. Sabina Cornelia Ispas (Academia Rom\u00e2n\u0103) a abordat tema identit\u0103\u021bii prin prisma codului alimentar \u00een secolul XXI;<\/li>\n\n\n\n<li>Dr. Varvara Bu<strong>zil\u0103<\/strong> (Muzeul Na\u021bional de Etnografie \u0219i Istorie Natural\u0103) a oferit o analiz\u0103 retrospectiv\u0103 a cercet\u0103rii costumului popular;<\/li>\n\n\n\n<li>Dr. Camelia Burghele (Muzeul Jude\u021bean de Istorie \u0219i Art\u0103 Zal\u0103u) a tratat problematica codului vestimentar tradi\u021bional \u00een via\u021b\u0103 \u0219i \u00een ritualurile de trecere, analiz\u00e2nd piese precum sp\u0103celul de Pa\u0219ti \u0219i c\u0103ma\u0219a de mireas\u0103;<\/li>\n\n\n\n<li>Dr. Natalia Lazar (Universitatea Tehnic\u0103 din Cluj-Napoca) a pus \u00een discu\u021bie modalit\u0103\u021bile de protejare \u0219i valorificare a patrimoniului cultural;<\/li>\n\n\n\n<li>Dr. hab. Victoria Rocaciuc (Institutul Patrimoniului Cultural) a examinat reprezent\u0103rile artistice ale portului tradi\u021bional \u00een pictura moldoveneasc\u0103 din anii \u201980.<\/li>\n<\/ul>\n\n\n\n<p>Tematicile abordate \u00een cadrul simpozionului au reflectat interesul cresc\u00e2nd pentru analiza func\u021biilor simbolice ale portului popular, rolul acestuia \u00een conservarea codurilor culturale, precum \u0219i formele sale de reinterpretare \u00een diferite epoci istorice \u0219i contexte sociale. Un accent deosebit a fost pus pe strategiile contemporane de valorificare a costumului tradi\u021bional prin ini\u021biative muzeale, festivaluri tematice, arte vizuale \u0219i design vestimentar, ca expresii ale revitaliz\u0103rii patrimoniului \u00een epoca globaliz\u0103rii.<\/p>\n\n\n\n<p>De asemenea, simpozionul a explorat interac\u021biunea dintre patrimoniul tangibil \u0219i cel intangibil \u2013 reflectat\u0103 \u00een spa\u021bii muzeale, practici religioase \u0219i expresii artistice contemporane \u2013 subliniind rolul crucial al institu\u021biilor culturale \u00een procesul de p\u0103strare \u0219i transmitere a identit\u0103\u021bii culturale. Cultura tradi\u021bional\u0103 a fost analizat\u0103 ca un sistem simbolic coerent, a c\u0103rui cunoa\u0219tere contribuie nu doar la reconstituirea istoric\u0103, ci \u0219i la \u00een\u021belegerea proceselor identitare individuale \u0219i colective.<\/p>\n\n\n\n<p>Totodat\u0103, au fost prezentate studii privind procesele etnice, etnosociale \u0219i etnodemografice, sco\u021b\u00e2nd \u00een eviden\u021b\u0103 dinamica identit\u0103\u021bilor culturale \u00een contextul migra\u021biei, interac\u021biunii interculturale \u0219i moderniz\u0103rii. O direc\u021bie important\u0103 a dezbaterilor a vizat cercet\u0103rile dedicate culturii tradi\u021bionale ucrainene, cu accent pe identificarea resurselor autentice \u0219i conservarea acestora \u00een contextul diversit\u0103\u021bii culturale europene.<\/p>\n\n\n\n<p>La simpozion au participat aproximativ 90 de autori din Republica Moldova, Rom\u00e2nia, Ucraina \u0219i China, reprezent\u00e2nd institu\u021bii academice \u0219i universitare din Chi\u0219in\u0103u, Bucure\u0219ti, Cahul, Zal\u0103u, Baia Mare, Gala\u021bi, Cluj-Napoca, Craiova, Sibiu, B\u0103l\u021bi, Deva, Timi\u0219oara, Hangzhou, Kiev, Cern\u0103u\u021bi, Ivano-Frankivsk, Odesa \u0219i Lvov \u2013 fapt ce atest\u0103 caracterul interna\u021bional \u0219i deschiderea \u0219tiin\u021bific\u0103 a evenimentului.<\/p>\n\n\n\n<p>\u00cen semn de pre\u021buire pentru contribu\u021bia de excep\u021bie \u00een domeniul etnologiei, organizatorii au adus un omagiu special acad. Sabina Cornelia Ispa<strong>s<\/strong>, personalitate de marc\u0103 a \u0219tiin\u021belor umaniste rom\u00e2ne\u0219ti, al c\u0103rei parcurs profesional, excelen\u021b\u0103 \u0219tiin\u021bific\u0103 \u0219i devotament institu\u021bional au avut un impact major asupra consolid\u0103rii cercet\u0103rii etnologice \u00een spa\u021biul rom\u00e2nesc \u0219i est-european.<\/p>\n\n\n\n<p>Mul\u021bumiri \u0219i recuno\u0219tin\u021b\u0103 au fost adresate, de asemenea, cercet\u0103torilor dr. Varvara Buzil\u0103, dr. Natalia Lazar, dr. Delia Suiogan, dr. Elena Iagar, dr. Camelia Burghele, Corina Mih\u0103escu, dr. hab. Gherghina Boda, dr. hab. C\u0103t\u0103lin Rogojan \u0219i dr. George Niculescu, pentru implicarea activ\u0103 \u0219i expertiza valoroas\u0103 \u00een promovarea colabor\u0103rii \u0219tiin\u021bifice regionale \u0219i interna\u021bionale. Implicarea lor sinergic\u0103 a contribuit la consolidarea unei viziuni etnologice comune asupra unui spa\u021biu cultural istoric partajat.<\/p>\n\n\n\n<p>Cu profund respect au fost evoca\u021bi \u0219i colegii din Ucraina, care, \u00een ciuda circumstan\u021belor sociale \u0219i politice dificile, continu\u0103 s\u0103 contribuie exemplar la dialogul \u0219tiin\u021bific interna\u021bional, dovedind profesionalism, d\u0103ruire \u0219i o remarcabil\u0103 rezilien\u021b\u0103 intelectual\u0103.<\/p>\n\n\n\n<p>Cu ocazia acestei edi\u021bii, a fost publicat \u0219i volumul de rezumate \u0219tiin\u021b<strong>ifice<\/strong>, care va servi drept instrument de referin\u021b\u0103 pentru cercet\u0103tori, cadre didactice, studen\u021bi \u0219i to\u021bi cei interesa\u021bi de patrimoniul etnocultural al spa\u021biului rom\u00e2nesc \u0219i est-european. Publica\u021bia a fost realizat\u0103 \u00een cadrul proiectului 170101 \u2013 \u201eCercetarea \u0219i valorificarea patrimoniului cultural construit, etnografic, arheologic \u0219i artistic din Republica Moldova \u00een contextul integr\u0103rii europene (2024\u20132027)\u201d, aduc\u00e2nd o contribu\u021bie esen\u021bial\u0103 la dezvoltarea dialogului \u0219tiin\u021bific, promovarea valorilor culturale autentice \u0219i consolidarea cooper\u0103rii interna\u021bionale \u00een spiritul direc\u021biilor strategice ale Uniunii Europene privind patrimoniul comun.<\/p>\n\n\n\n<p>Comunic\u0103rile prezentate \u00een cadrul simpozionului vor stimula apari\u021bia unor noi direc\u021bii de cercetare \u00een domeniul \u0219tiin\u021belor umaniste \u0219i culturale, vor facilita schimbul de bune practici \u0219i vor \u00eencuraja extinderea re\u021belelor de cooperare \u00eentre cercet\u0103tori, institu\u021bii \u0219i comunit\u0103\u021bi academice, \u00een vederea protej\u0103rii \u0219i valorific\u0103rii patrimoniului cultural european.<\/p>\n\n\n\n<figure class=\"wp-block-image size-large\"><a href=\"https:\/\/ich.md\/wp-content\/uploads\/2025\/06\/acad-pe-ecr-scaled.jpg\"><img decoding=\"async\" loading=\"lazy\" width=\"1024\" height=\"683\" src=\"https:\/\/ich.md\/wp-content\/uploads\/2025\/06\/acad-pe-ecr-1024x683.jpg\" alt=\"\" class=\"wp-image-8524\"\/><\/a><\/figure>\n\n\n\n<figure class=\"wp-block-image size-large\"><a href=\"https:\/\/ich.md\/wp-content\/uploads\/2025\/06\/IMG_9492-scaled.jpg\"><img decoding=\"async\" loading=\"lazy\" width=\"1024\" height=\"683\" src=\"https:\/\/ich.md\/wp-content\/uploads\/2025\/06\/IMG_9492-1024x683.jpg\" alt=\"\" class=\"wp-image-8525\"\/><\/a><\/figure>\n\n\n\n<figure class=\"wp-block-image\"><img alt=\"\"\/><\/figure>\n\n\n\n<figure class=\"wp-block-image size-large\"><a href=\"https:\/\/ich.md\/wp-content\/uploads\/2025\/06\/vornic-bun-scaled.jpg\"><img decoding=\"async\" loading=\"lazy\" width=\"1024\" height=\"683\" src=\"https:\/\/ich.md\/wp-content\/uploads\/2025\/06\/vornic-bun-1024x683.jpg\" alt=\"\" class=\"wp-image-8527\"\/><\/a><\/figure>\n\n\n\n<figure class=\"wp-block-image size-large\"><a href=\"https:\/\/ich.md\/wp-content\/uploads\/2025\/06\/ecran-bun-scaled.jpg\"><img decoding=\"async\" loading=\"lazy\" width=\"1024\" height=\"683\" src=\"https:\/\/ich.md\/wp-content\/uploads\/2025\/06\/ecran-bun-1024x683.jpg\" alt=\"\" class=\"wp-image-8528\"\/><\/a><\/figure>\n\n\n\n<figure class=\"wp-block-image size-large\"><a href=\"https:\/\/ich.md\/wp-content\/uploads\/2025\/06\/IMG_9472-scaled.jpg\"><img decoding=\"async\" loading=\"lazy\" width=\"1024\" height=\"683\" src=\"https:\/\/ich.md\/wp-content\/uploads\/2025\/06\/IMG_9472-1024x683.jpg\" alt=\"\" class=\"wp-image-8529\"\/><\/a><\/figure>\n\n\n\n<figure class=\"wp-block-image size-large\"><a href=\"https:\/\/ich.md\/wp-content\/uploads\/2025\/06\/dir.jpg\"><img decoding=\"async\" loading=\"lazy\" width=\"831\" height=\"1024\" src=\"https:\/\/ich.md\/wp-content\/uploads\/2025\/06\/dir-831x1024.jpg\" alt=\"\" class=\"wp-image-8532\"\/><\/a><\/figure>\n\n\n\n<figure class=\"wp-block-image size-large\"><a href=\"https:\/\/ich.md\/wp-content\/uploads\/2025\/06\/sal.jpg\"><img decoding=\"async\" loading=\"lazy\" width=\"1024\" height=\"682\" src=\"https:\/\/ich.md\/wp-content\/uploads\/2025\/06\/sal-1024x682.jpg\" alt=\"\" class=\"wp-image-8533\"\/><\/a><\/figure>\n\n\n\n<figure class=\"wp-block-image size-large\"><a href=\"https:\/\/ich.md\/wp-content\/uploads\/2025\/06\/kondr.jpg\"><img decoding=\"async\" loading=\"lazy\" width=\"1024\" height=\"682\" src=\"https:\/\/ich.md\/wp-content\/uploads\/2025\/06\/kondr-1024x682.jpg\" alt=\"\" class=\"wp-image-8534\"\/><\/a><\/figure>\n\n\n\n<figure class=\"wp-block-image size-large\"><a href=\"https:\/\/ich.md\/wp-content\/uploads\/2025\/06\/jurn.jpg\"><img decoding=\"async\" loading=\"lazy\" width=\"1024\" height=\"682\" src=\"https:\/\/ich.md\/wp-content\/uploads\/2025\/06\/jurn-1024x682.jpg\" alt=\"\" class=\"wp-image-8535\"\/><\/a><\/figure>\n\n\n\n<figure class=\"wp-block-image size-large\"><a href=\"https:\/\/ich.md\/wp-content\/uploads\/2025\/06\/lazar.jpg\"><img decoding=\"async\" loading=\"lazy\" width=\"768\" height=\"1024\" src=\"https:\/\/ich.md\/wp-content\/uploads\/2025\/06\/lazar-768x1024.jpg\" alt=\"\" class=\"wp-image-8536\"\/><\/a><\/figure>\n\n\n\n<figure class=\"wp-block-image size-large\"><a href=\"https:\/\/ich.md\/wp-content\/uploads\/2025\/06\/ar.jpg\"><img decoding=\"async\" loading=\"lazy\" width=\"1024\" height=\"768\" src=\"https:\/\/ich.md\/wp-content\/uploads\/2025\/06\/ar-1024x768.jpg\" alt=\"\" class=\"wp-image-8537\"\/><\/a><\/figure>\n\n\n\n<figure class=\"wp-block-image size-large\"><a href=\"https:\/\/ich.md\/wp-content\/uploads\/2025\/06\/tin.jpg\"><img decoding=\"async\" loading=\"lazy\" width=\"1024\" height=\"682\" src=\"https:\/\/ich.md\/wp-content\/uploads\/2025\/06\/tin-1024x682.jpg\" alt=\"\" class=\"wp-image-8538\"\/><\/a><\/figure>\n\n\n\n<figure class=\"wp-block-image size-large\"><a href=\"https:\/\/ich.md\/wp-content\/uploads\/2025\/06\/mariuc.jpg\"><img decoding=\"async\" loading=\"lazy\" width=\"1024\" height=\"682\" src=\"https:\/\/ich.md\/wp-content\/uploads\/2025\/06\/mariuc-1024x682.jpg\" alt=\"\" class=\"wp-image-8540\"\/><\/a><\/figure>\n\n\n\n<figure class=\"wp-block-image size-full\"><a href=\"https:\/\/ich.md\/wp-content\/uploads\/2025\/06\/ecaterin.jpg\"><img decoding=\"async\" loading=\"lazy\" width=\"775\" height=\"686\" src=\"https:\/\/ich.md\/wp-content\/uploads\/2025\/06\/ecaterin.jpg\" alt=\"\" class=\"wp-image-8541\"\/><\/a><\/figure>\n\n\n\n<figure class=\"wp-block-image size-full\"><a href=\"https:\/\/ich.md\/wp-content\/uploads\/2025\/06\/kojuh.jpg\"><img decoding=\"async\" loading=\"lazy\" width=\"549\" height=\"660\" src=\"https:\/\/ich.md\/wp-content\/uploads\/2025\/06\/kojuh.jpg\" alt=\"\" class=\"wp-image-8542\"\/><\/a><\/figure>\n\n\n\n<figure class=\"wp-block-image size-large\"><a href=\"https:\/\/ich.md\/wp-content\/uploads\/2025\/06\/min.jpg\"><img decoding=\"async\" loading=\"lazy\" width=\"1024\" height=\"768\" src=\"https:\/\/ich.md\/wp-content\/uploads\/2025\/06\/min-1024x768.jpg\" alt=\"\" class=\"wp-image-8543\"\/><\/a><\/figure>\n\n\n\n<figure class=\"wp-block-image size-large\"><a href=\"https:\/\/ich.md\/wp-content\/uploads\/2025\/06\/min1.jpg\"><img decoding=\"async\" loading=\"lazy\" width=\"1024\" height=\"768\" src=\"https:\/\/ich.md\/wp-content\/uploads\/2025\/06\/min1-1024x768.jpg\" alt=\"\" class=\"wp-image-8544\"\/><\/a><\/figure>\n\n\n\n<figure class=\"wp-block-image size-large\"><a href=\"https:\/\/ich.md\/wp-content\/uploads\/2025\/06\/mir.jpg\"><img decoding=\"async\" loading=\"lazy\" width=\"1024\" height=\"768\" src=\"https:\/\/ich.md\/wp-content\/uploads\/2025\/06\/mir-1024x768.jpg\" alt=\"\" class=\"wp-image-8545\"\/><\/a><\/figure>\n\n\n\n<figure class=\"wp-block-image size-large\"><a href=\"https:\/\/ich.md\/wp-content\/uploads\/2025\/06\/\u0438\u0437\u043e\u0431\u0440\u0430\u0436\u0435\u043d\u0438\u0435_viber_2025-06-25_13-44-54-910.jpg\"><img decoding=\"async\" loading=\"lazy\" width=\"1024\" height=\"768\" src=\"https:\/\/ich.md\/wp-content\/uploads\/2025\/06\/\u0438\u0437\u043e\u0431\u0440\u0430\u0436\u0435\u043d\u0438\u0435_viber_2025-06-25_13-44-54-910-1024x768.jpg\" alt=\"\" class=\"wp-image-8546\"\/><\/a><\/figure>\n\n\n\n<figure class=\"wp-block-image size-large\"><a href=\"https:\/\/ich.md\/wp-content\/uploads\/2025\/06\/\u0438\u0437\u043e\u0431\u0440\u0430\u0436\u0435\u043d\u0438\u0435_viber_2025-06-25_13-45-19-855.jpg\"><img decoding=\"async\" loading=\"lazy\" width=\"1024\" height=\"768\" src=\"https:\/\/ich.md\/wp-content\/uploads\/2025\/06\/\u0438\u0437\u043e\u0431\u0440\u0430\u0436\u0435\u043d\u0438\u0435_viber_2025-06-25_13-45-19-855-1024x768.jpg\" alt=\"\" class=\"wp-image-8547\"\/><\/a><\/figure>\n\n\n\n<div class=\"wp-block-file\"><a href=\"blob:https:\/\/ich.md\/f7d42fdd-d6ef-460e-800e-bf1009b75fa6\" class=\"wp-block-file__button wp-element-button\" download>Descarc\u0103<\/a><\/div>\n","protected":false},"excerpt":{"rendered":"<p>\u00cen data de 24 iunie 2025, cu ocazia Zilei Universale a Iei \u0219i Zilei Na\u021bionale a Portului Popular, s-a desf\u0103\u0219urat cea de&#8211;a VI&#8211;a edi\u021bie a<span class=\"read-more-link\"><a class=\"read-more\" href=\"https:\/\/ich.md\/?p=8523\">Read More<\/a><\/span><\/p>\n","protected":false},"author":11,"featured_media":8529,"comment_status":"closed","ping_status":"closed","sticky":false,"template":"","format":"standard","meta":[],"categories":[10],"tags":[],"_links":{"self":[{"href":"https:\/\/ich.md\/index.php?rest_route=\/wp\/v2\/posts\/8523"}],"collection":[{"href":"https:\/\/ich.md\/index.php?rest_route=\/wp\/v2\/posts"}],"about":[{"href":"https:\/\/ich.md\/index.php?rest_route=\/wp\/v2\/types\/post"}],"author":[{"embeddable":true,"href":"https:\/\/ich.md\/index.php?rest_route=\/wp\/v2\/users\/11"}],"replies":[{"embeddable":true,"href":"https:\/\/ich.md\/index.php?rest_route=%2Fwp%2Fv2%2Fcomments&post=8523"}],"version-history":[{"count":4,"href":"https:\/\/ich.md\/index.php?rest_route=\/wp\/v2\/posts\/8523\/revisions"}],"predecessor-version":[{"id":8753,"href":"https:\/\/ich.md\/index.php?rest_route=\/wp\/v2\/posts\/8523\/revisions\/8753"}],"wp:featuredmedia":[{"embeddable":true,"href":"https:\/\/ich.md\/index.php?rest_route=\/wp\/v2\/media\/8529"}],"wp:attachment":[{"href":"https:\/\/ich.md\/index.php?rest_route=%2Fwp%2Fv2%2Fmedia&parent=8523"}],"wp:term":[{"taxonomy":"category","embeddable":true,"href":"https:\/\/ich.md\/index.php?rest_route=%2Fwp%2Fv2%2Fcategories&post=8523"},{"taxonomy":"post_tag","embeddable":true,"href":"https:\/\/ich.md\/index.php?rest_route=%2Fwp%2Fv2%2Ftags&post=8523"}],"curies":[{"name":"wp","href":"https:\/\/api.w.org\/{rel}","templated":true}]}}