{"id":8552,"date":"2025-06-30T13:33:58","date_gmt":"2025-06-30T10:33:58","guid":{"rendered":"https:\/\/ich.md\/?p=8552"},"modified":"2025-06-30T13:38:31","modified_gmt":"2025-06-30T10:38:31","slug":"conferinta-stiintifica-eminescu-patrimoniu-cultural-universal-valori-semnificatii-perspective-interdisciplinare-editia-a-ii-a-straseni-27-iunie-2025","status":"publish","type":"post","link":"https:\/\/ich.md\/?p=8552","title":{"rendered":"Conferin\u021ba \u0218tiin\u021bific\u0103 \u201eEminescu \u2013 patrimoniu cultural universal. Valori, semnifica\u021bii, perspective interdisciplinare\u201d, Edi\u021bia a II-a. Str\u0103\u0219eni, 27 iunie 2025"},"content":{"rendered":"\n<p>\u00cen Anul dedicat lui Mihai Eminescu, simbol al culturii \u0219i identit\u0103\u021bii rom\u00e2ne\u0219ti, Consiliul Raional Str\u0103\u0219eni, \u00een colaborare cu Institutul Patrimoniului Cultural, Desp\u0103r\u021b\u0103m\u00e2ntul \u201eMihai Eminescu\u201d ASTRA Str\u0103\u0219eni \u0219i Biblioteca Public\u0103 Raional\u0103 \u201eMihail Sadoveanu\u201d, a organizat cea de-a doua edi\u021bie a Conferin\u021bei \u0218tiin\u021bifice \u201eEminescu \u2013 patrimoniu cultural universal. Valori, semnifica\u021bii, perspective interdisciplinare\u201d.<\/p>\n\n\n\n<p>Desf\u0103\u0219urat\u0103 \u00een ambian\u021ba plin\u0103 de rezonan\u021b\u0103 spiritual\u0103 a Rezerva\u021biei Naturale \u201eCodrii\u201d din comuna Lozova, conferin\u021ba a constituit un veritabil forum \u0219tiin\u021bific \u0219i cultural, reunind cercet\u0103tori, scriitori, cadre didactice, oameni de cultur\u0103 \u0219i reprezentan\u021bi ai autorit\u0103\u021bilor centrale \u0219i locale. Ace\u0219tia au adus un omagiu operei eminesciene, reafirm\u00e2nd perenitatea mesajului s\u0103u artistic \u0219i importan\u021ba lui \u00een patrimoniul spiritual rom\u00e2nesc \u0219i universal.<\/p>\n\n\n\n<p>Evenimentul a fost deschis prin alocu\u021biunile doamnei Mariana D\u00eemcenco, pre\u0219edinta raionului Str\u0103\u0219eni, ale domnului dr. Vlad Vornic, secretar de stat \u00een cadrul Ministerului Culturii al Republicii Moldova, \u0219i ale domnului dr. Ion Ursu, directorul Institutului Patrimoniului Cultural.<\/p>\n\n\n\n<p>Sesiunea inaugural\u0103, moderat\u0103 de dr. Elizaveta Iovu, a cuprins momente artistice sus\u021binute de elevii \u0218colii de Arte \u201eEugen Doga\u201d din Str\u0103\u0219eni, sub \u00eendrumarea profesoarelor Svetlana Rebeja \u0219i Claudia Nestor, dar \u0219i interven\u021bii literare consistente semnate de personalit\u0103\u021bi precum scriitorul Ion Anton, dr. Vitalie R\u0103ileanu \u0219i dr. Ana S\u00eerbu.<\/p>\n\n\n\n<p>Cea de-a doua sesiune, moderat\u0103 de dr. Vitalie Malcoci \u0219i dr. Violeta \u021a\u00eepa, a valorificat aportul \u0219tiin\u021bific al cercet\u0103torilor Institutului Patrimoniului Cultural. Comunic\u0103rile au abordat interdisciplinar opera eminescian\u0103, relev\u00e2nd leg\u0103tura profund\u0103 dintre crea\u021bia poetului \u0219i diverse forme de expresie artistic\u0103 \u0219i identitar\u0103:<\/p>\n\n\n\n<ul>\n<li><strong>Victor Ghila\u0219<\/strong> a explorat modul \u00een care lirica eminescian\u0103 a inspirat crea\u021bii muzicale de o profund\u0103 \u00eenc\u0103rc\u0103tur\u0103 emo\u021bional\u0103.<\/li>\n\n\n\n<li><strong>Victoria Rocaciuc<\/strong> a analizat reprezentarea vizual\u0103 a poetului \u00een grafica de carte moldoveneasc\u0103.<\/li>\n\n\n\n<li><strong>Vitalie Malcoci \u0219i Iuliana Gherman<\/strong> au reflectat asupra transpunerii plastice a universului eminescian \u00een arta lui Petru Balan.<\/li>\n\n\n\n<li><strong>Ana Ghila\u0219<\/strong> a oferit o privire cultural-istoric\u0103 asupra mont\u0103rilor teatrale inspirate din opera poetului.<\/li>\n\n\n\n<li><strong>Aurelia Carpov<\/strong> a eviden\u021biat leg\u0103tura simbolic\u0103 dintre spiritul eminescian \u0219i peisajele conacelor moldovene\u0219ti.<\/li>\n\n\n\n<li><strong>Violeta \u021a\u00eepa<\/strong> a discutat receptarea operei eminesciene \u00een teatrul de p\u0103pu\u0219i, adaptat sensibilit\u0103\u021bii copilului contemporan.<\/li>\n\n\n\n<li><strong>Mariana \u0218lapac \u0219i Alla Ceastina<\/strong> au analizat topografia cultural\u0103 urban\u0103 a str\u0103zilor Mihai Eminescu \u0219i Veronica Micle din Chi\u0219in\u0103u.<\/li>\n\n\n\n<li><strong>Ana Marian<\/strong> a examinat expresia sculptural\u0103 a figurii poetului \u00een arta monumental\u0103 din Republica Moldova.<\/li>\n\n\n\n<li><strong>Aurelia Trifan<\/strong> a pus \u00een valoare dimensiunea ideatic\u0103 a liricii eminesciene \u00een grafica semnat\u0103 de Dumitru Trifan.<\/li>\n\n\n\n<li><strong>Manole Brihune\u021b<\/strong> a oferit o perspectiv\u0103 istoric-documentar\u0103 asupra arhitecturii ecleziastice de lemn din secolul al XIX-lea, contribuind la contextualizarea epocii eminesciene.<\/li>\n<\/ul>\n\n\n\n<p>Evenimentul, desf\u0103\u0219urat \u00een mijlocul naturii codrilor, a fost nu doar o celebrare a operei lui Mihai Eminescu, ci \u0219i un dialog profund \u00eentre memorie, art\u0103 \u0219i cercetare. S-a creat astfel un spa\u021biu simbolic \u00een care g\u00e2ndirea eminescian\u0103 a \u00eent\u00e2lnit reflec\u021bia \u0219tiin\u021bific\u0103, oferind un cadru relevant pentru promovarea valorilor culturale \u0219i spirituale \u00een r\u00e2ndul noilor genera\u021bii.<\/p>\n\n\n\n<figure class=\"wp-block-image size-large\"><a href=\"https:\/\/ich.md\/wp-content\/uploads\/2025\/06\/\u0438\u0437\u043e\u0431\u0440\u0430\u0436\u0435\u043d\u0438\u0435_viber_2025-06-30_13-25-10-977.jpg\"><img decoding=\"async\" loading=\"lazy\" width=\"1024\" height=\"682\" src=\"https:\/\/ich.md\/wp-content\/uploads\/2025\/06\/\u0438\u0437\u043e\u0431\u0440\u0430\u0436\u0435\u043d\u0438\u0435_viber_2025-06-30_13-25-10-977-1024x682.jpg\" alt=\"\" class=\"wp-image-8553\"\/><\/a><\/figure>\n\n\n\n<figure class=\"wp-block-image size-large\"><a href=\"https:\/\/ich.md\/wp-content\/uploads\/2025\/06\/\u0438\u0437\u043e\u0431\u0440\u0430\u0436\u0435\u043d\u0438\u0435_viber_2025-06-30_13-25-11-234.jpg\"><img decoding=\"async\" loading=\"lazy\" width=\"1024\" height=\"682\" src=\"https:\/\/ich.md\/wp-content\/uploads\/2025\/06\/\u0438\u0437\u043e\u0431\u0440\u0430\u0436\u0435\u043d\u0438\u0435_viber_2025-06-30_13-25-11-234-1024x682.jpg\" alt=\"\" class=\"wp-image-8554\"\/><\/a><\/figure>\n\n\n\n<figure class=\"wp-block-image size-large\"><a href=\"https:\/\/ich.md\/wp-content\/uploads\/2025\/06\/\u0438\u0437\u043e\u0431\u0440\u0430\u0436\u0435\u043d\u0438\u0435_viber_2025-06-30_13-25-12-360.jpg\"><img decoding=\"async\" loading=\"lazy\" width=\"1024\" height=\"682\" src=\"https:\/\/ich.md\/wp-content\/uploads\/2025\/06\/\u0438\u0437\u043e\u0431\u0440\u0430\u0436\u0435\u043d\u0438\u0435_viber_2025-06-30_13-25-12-360-1024x682.jpg\" alt=\"\" class=\"wp-image-8555\"\/><\/a><\/figure>\n\n\n\n<figure class=\"wp-block-image size-large\"><a href=\"https:\/\/ich.md\/wp-content\/uploads\/2025\/06\/\u0438\u0437\u043e\u0431\u0440\u0430\u0436\u0435\u043d\u0438\u0435_viber_2025-06-30_13-25-12-120.jpg\"><img decoding=\"async\" loading=\"lazy\" width=\"1024\" height=\"682\" src=\"https:\/\/ich.md\/wp-content\/uploads\/2025\/06\/\u0438\u0437\u043e\u0431\u0440\u0430\u0436\u0435\u043d\u0438\u0435_viber_2025-06-30_13-25-12-120-1024x682.jpg\" alt=\"\" class=\"wp-image-8556\"\/><\/a><\/figure>\n\n\n\n<figure class=\"wp-block-image size-large\"><a href=\"https:\/\/ich.md\/wp-content\/uploads\/2025\/06\/\u0438\u0437\u043e\u0431\u0440\u0430\u0436\u0435\u043d\u0438\u0435_viber_2025-06-30_13-25-12-236.jpg\"><img decoding=\"async\" loading=\"lazy\" width=\"1024\" height=\"682\" src=\"https:\/\/ich.md\/wp-content\/uploads\/2025\/06\/\u0438\u0437\u043e\u0431\u0440\u0430\u0436\u0435\u043d\u0438\u0435_viber_2025-06-30_13-25-12-236-1024x682.jpg\" alt=\"\" class=\"wp-image-8557\"\/><\/a><\/figure>\n\n\n\n<figure class=\"wp-block-image size-large\"><a href=\"https:\/\/ich.md\/wp-content\/uploads\/2025\/06\/\u0438\u0437\u043e\u0431\u0440\u0430\u0436\u0435\u043d\u0438\u0435_viber_2025-06-30_13-25-11-161.jpg\"><img decoding=\"async\" loading=\"lazy\" width=\"1024\" height=\"682\" src=\"https:\/\/ich.md\/wp-content\/uploads\/2025\/06\/\u0438\u0437\u043e\u0431\u0440\u0430\u0436\u0435\u043d\u0438\u0435_viber_2025-06-30_13-25-11-161-1024x682.jpg\" alt=\"\" class=\"wp-image-8558\"\/><\/a><\/figure>\n\n\n\n<figure class=\"wp-block-image size-large\"><a href=\"https:\/\/ich.md\/wp-content\/uploads\/2025\/06\/\u0438\u0437\u043e\u0431\u0440\u0430\u0436\u0435\u043d\u0438\u0435_viber_2025-06-30_13-25-11-678.jpg\"><img decoding=\"async\" loading=\"lazy\" width=\"1024\" height=\"682\" src=\"https:\/\/ich.md\/wp-content\/uploads\/2025\/06\/\u0438\u0437\u043e\u0431\u0440\u0430\u0436\u0435\u043d\u0438\u0435_viber_2025-06-30_13-25-11-678-1024x682.jpg\" alt=\"\" class=\"wp-image-8559\"\/><\/a><\/figure>\n\n\n\n<figure class=\"wp-block-image size-large\"><a href=\"https:\/\/ich.md\/wp-content\/uploads\/2025\/06\/\u0438\u0437\u043e\u0431\u0440\u0430\u0436\u0435\u043d\u0438\u0435_viber_2025-06-30_13-25-18-606.jpg\"><img decoding=\"async\" loading=\"lazy\" width=\"1024\" height=\"682\" src=\"https:\/\/ich.md\/wp-content\/uploads\/2025\/06\/\u0438\u0437\u043e\u0431\u0440\u0430\u0436\u0435\u043d\u0438\u0435_viber_2025-06-30_13-25-18-606-1024x682.jpg\" alt=\"\" class=\"wp-image-8560\"\/><\/a><\/figure>\n\n\n\n<figure class=\"wp-block-image size-large\"><a href=\"https:\/\/ich.md\/wp-content\/uploads\/2025\/06\/\u0438\u0437\u043e\u0431\u0440\u0430\u0436\u0435\u043d\u0438\u0435_viber_2025-06-30_13-25-12-058.jpg\"><img decoding=\"async\" loading=\"lazy\" width=\"1024\" height=\"682\" src=\"https:\/\/ich.md\/wp-content\/uploads\/2025\/06\/\u0438\u0437\u043e\u0431\u0440\u0430\u0436\u0435\u043d\u0438\u0435_viber_2025-06-30_13-25-12-058-1024x682.jpg\" alt=\"\" class=\"wp-image-8561\"\/><\/a><\/figure>\n\n\n\n<figure class=\"wp-block-image size-large\"><a href=\"https:\/\/ich.md\/wp-content\/uploads\/2025\/06\/\u0438\u0437\u043e\u0431\u0440\u0430\u0436\u0435\u043d\u0438\u0435_viber_2025-06-30_13-25-11-383.jpg\"><img decoding=\"async\" loading=\"lazy\" width=\"1024\" height=\"682\" src=\"https:\/\/ich.md\/wp-content\/uploads\/2025\/06\/\u0438\u0437\u043e\u0431\u0440\u0430\u0436\u0435\u043d\u0438\u0435_viber_2025-06-30_13-25-11-383-1024x682.jpg\" alt=\"\" class=\"wp-image-8562\"\/><\/a><\/figure>\n\n\n\n<figure class=\"wp-block-image size-large\"><a href=\"https:\/\/ich.md\/wp-content\/uploads\/2025\/06\/\u0438\u0437\u043e\u0431\u0440\u0430\u0436\u0435\u043d\u0438\u0435_viber_2025-06-30_13-25-18-439.jpg\"><img decoding=\"async\" loading=\"lazy\" width=\"1024\" height=\"682\" src=\"https:\/\/ich.md\/wp-content\/uploads\/2025\/06\/\u0438\u0437\u043e\u0431\u0440\u0430\u0436\u0435\u043d\u0438\u0435_viber_2025-06-30_13-25-18-439-1024x682.jpg\" alt=\"\" class=\"wp-image-8563\"\/><\/a><\/figure>\n\n\n\n<figure class=\"wp-block-image size-large\"><a href=\"https:\/\/ich.md\/wp-content\/uploads\/2025\/06\/\u0438\u0437\u043e\u0431\u0440\u0430\u0436\u0435\u043d\u0438\u0435_viber_2025-06-30_13-25-17-853.jpg\"><img decoding=\"async\" loading=\"lazy\" width=\"1024\" height=\"682\" src=\"https:\/\/ich.md\/wp-content\/uploads\/2025\/06\/\u0438\u0437\u043e\u0431\u0440\u0430\u0436\u0435\u043d\u0438\u0435_viber_2025-06-30_13-25-17-853-1024x682.jpg\" alt=\"\" class=\"wp-image-8564\"\/><\/a><\/figure>\n","protected":false},"excerpt":{"rendered":"<p>\u00cen Anul dedicat lui Mihai Eminescu, simbol al culturii \u0219i identit\u0103\u021bii rom\u00e2ne\u0219ti, Consiliul Raional Str\u0103\u0219eni, \u00een colaborare cu Institutul Patrimoniului Cultural, Desp\u0103r\u021b\u0103m\u00e2ntul \u201eMihai Eminescu\u201d ASTRA<span class=\"read-more-link\"><a class=\"read-more\" href=\"https:\/\/ich.md\/?p=8552\">Read More<\/a><\/span><\/p>\n","protected":false},"author":11,"featured_media":8560,"comment_status":"closed","ping_status":"closed","sticky":false,"template":"","format":"standard","meta":[],"categories":[10],"tags":[],"_links":{"self":[{"href":"https:\/\/ich.md\/index.php?rest_route=\/wp\/v2\/posts\/8552"}],"collection":[{"href":"https:\/\/ich.md\/index.php?rest_route=\/wp\/v2\/posts"}],"about":[{"href":"https:\/\/ich.md\/index.php?rest_route=\/wp\/v2\/types\/post"}],"author":[{"embeddable":true,"href":"https:\/\/ich.md\/index.php?rest_route=\/wp\/v2\/users\/11"}],"replies":[{"embeddable":true,"href":"https:\/\/ich.md\/index.php?rest_route=%2Fwp%2Fv2%2Fcomments&post=8552"}],"version-history":[{"count":3,"href":"https:\/\/ich.md\/index.php?rest_route=\/wp\/v2\/posts\/8552\/revisions"}],"predecessor-version":[{"id":8567,"href":"https:\/\/ich.md\/index.php?rest_route=\/wp\/v2\/posts\/8552\/revisions\/8567"}],"wp:featuredmedia":[{"embeddable":true,"href":"https:\/\/ich.md\/index.php?rest_route=\/wp\/v2\/media\/8560"}],"wp:attachment":[{"href":"https:\/\/ich.md\/index.php?rest_route=%2Fwp%2Fv2%2Fmedia&parent=8552"}],"wp:term":[{"taxonomy":"category","embeddable":true,"href":"https:\/\/ich.md\/index.php?rest_route=%2Fwp%2Fv2%2Fcategories&post=8552"},{"taxonomy":"post_tag","embeddable":true,"href":"https:\/\/ich.md\/index.php?rest_route=%2Fwp%2Fv2%2Ftags&post=8552"}],"curies":[{"name":"wp","href":"https:\/\/api.w.org\/{rel}","templated":true}]}}