{"id":8587,"date":"2025-07-25T19:04:57","date_gmt":"2025-07-25T16:04:57","guid":{"rendered":"https:\/\/ich.md\/?p=8587"},"modified":"2025-07-28T10:24:57","modified_gmt":"2025-07-28T07:24:57","slug":"excelenta-in-cercetare-proiectele-castigatoare-ale-ipc-pentru-perioada-2025-2026","status":"publish","type":"post","link":"https:\/\/ich.md\/?p=8587","title":{"rendered":"Excelen\u021b\u0103 \u00een cercetare: Proiectele c\u00e2\u0219tig\u0103toare ale IPC pentru perioada 2025\u20132026"},"content":{"rendered":"\n<p>Institutul Patrimoniului Cultural se bucur\u0103 s\u0103 anun\u021be c\u0103 mai multe echipe de cercetare din cadrul institu\u021biei s-au remarcat \u00een competi\u021bia na\u021bional\u0103 <em>\u201eStimularea excelen\u021bei cercet\u0103rilor \u0219tiin\u021bifice 2025\u20132026\u201d<\/em>, prin proiecte care au fost desemnate c\u00e2\u0219tig\u0103toare. Aceast\u0103 reu\u0219it\u0103 reflect\u0103 nu doar valoarea demersurilor \u0219tiin\u021bifice propuse, ci \u0219i angajamentul constant fa\u021b\u0103 de cercetarea \u0219i promovarea patrimoniului cultural.<\/p>\n\n\n\n<p>Proiectele selectate sunt:<\/p>\n\n\n\n<ul>\n<li>\u201eRe\u0219edin\u021bele boiere\u0219ti ale dinastiei Bogdan \u00een Republica Moldova: investigarea patrimoniului arhitectural, peisagistic \u0219i cultural \u00een contextul transform\u0103rilor istorice\u201d, coordonator: <em>Aurelia Carpov<\/em><\/li>\n\n\n\n<li>\u201eCercetarea a\u0219ez\u0103rilor rurale din spa\u021biul dintre Prut \u0219i Nistru \u00een perioada Hoardei de Aur \u0219i a constituirii \u021a\u0103rii Moldovei (secolul XIV)\u201d, coordonator: <em>dr. Ludmila P\u00eern\u0103u<\/em><\/li>\n\n\n\n<li>\u201eTendin\u021be actuale \u00een spectacologia din Republica Moldova\u201d, coordonator: <em>dr. Violeta Tipa<\/em><\/li>\n\n\n\n<li>\u201eCercetarea patrimoniului cultural material \u0219i imaterial din localitatea Puhoi, raionul Ialoveni: \u00eentre tradi\u021bie \u0219i modernitate\u201d, coordonator: <em>dr. Valentin Arapu<\/em><\/li>\n\n\n\n<li>\u201eValorificarea \u0219i documentarea patrimoniului cultural construit din zona Orheiului\u201d, coordonator: <em>dr. Vitalie Malcoci<\/em><\/li>\n<\/ul>\n\n\n\n<p>Felicit\u0103m c\u0103lduros toate echipele implicate! Contribu\u021bia lor confirm\u0103 excelen\u021ba cercet\u0103rii din domeniul patrimoniului \u0219i va aduce un aport semnificativ la \u00een\u021belegerea \u0219i conservarea valorilor culturale ale Republicii Moldova.<\/p>\n","protected":false},"excerpt":{"rendered":"<p>Institutul Patrimoniului Cultural se bucur\u0103 s\u0103 anun\u021be c\u0103 mai multe echipe de cercetare din cadrul institu\u021biei s-au remarcat \u00een competi\u021bia na\u021bional\u0103 \u201eStimularea excelen\u021bei cercet\u0103rilor \u0219tiin\u021bifice<span class=\"read-more-link\"><a class=\"read-more\" href=\"https:\/\/ich.md\/?p=8587\">Read More<\/a><\/span><\/p>\n","protected":false},"author":11,"featured_media":8591,"comment_status":"closed","ping_status":"closed","sticky":false,"template":"","format":"standard","meta":[],"categories":[10],"tags":[],"_links":{"self":[{"href":"https:\/\/ich.md\/index.php?rest_route=\/wp\/v2\/posts\/8587"}],"collection":[{"href":"https:\/\/ich.md\/index.php?rest_route=\/wp\/v2\/posts"}],"about":[{"href":"https:\/\/ich.md\/index.php?rest_route=\/wp\/v2\/types\/post"}],"author":[{"embeddable":true,"href":"https:\/\/ich.md\/index.php?rest_route=\/wp\/v2\/users\/11"}],"replies":[{"embeddable":true,"href":"https:\/\/ich.md\/index.php?rest_route=%2Fwp%2Fv2%2Fcomments&post=8587"}],"version-history":[{"count":3,"href":"https:\/\/ich.md\/index.php?rest_route=\/wp\/v2\/posts\/8587\/revisions"}],"predecessor-version":[{"id":8599,"href":"https:\/\/ich.md\/index.php?rest_route=\/wp\/v2\/posts\/8587\/revisions\/8599"}],"wp:featuredmedia":[{"embeddable":true,"href":"https:\/\/ich.md\/index.php?rest_route=\/wp\/v2\/media\/8591"}],"wp:attachment":[{"href":"https:\/\/ich.md\/index.php?rest_route=%2Fwp%2Fv2%2Fmedia&parent=8587"}],"wp:term":[{"taxonomy":"category","embeddable":true,"href":"https:\/\/ich.md\/index.php?rest_route=%2Fwp%2Fv2%2Fcategories&post=8587"},{"taxonomy":"post_tag","embeddable":true,"href":"https:\/\/ich.md\/index.php?rest_route=%2Fwp%2Fv2%2Ftags&post=8587"}],"curies":[{"name":"wp","href":"https:\/\/api.w.org\/{rel}","templated":true}]}}