{"id":860,"date":"2014-04-02T14:19:39","date_gmt":"2014-04-02T10:19:39","guid":{"rendered":"http:\/\/ich.md\/?p=860"},"modified":"2014-04-02T14:19:39","modified_gmt":"2014-04-02T10:19:39","slug":"iacov-copanschi-1930-2006","status":"publish","type":"post","link":"https:\/\/ich.md\/?p=860","title":{"rendered":"IACOV COPANSCHI  (1930-2006)"},"content":{"rendered":"<p style=\"text-align: justify;\"><a href=\"http:\/\/ich.md\/wp-content\/uploads\/2014\/04\/\u0411\u0435\u0437\u044b\u043c\u044f\u043d\u043d\u044b\u04392.jpg\"><img decoding=\"async\" loading=\"lazy\" class=\"size-medium wp-image-861 alignleft\" alt=\"\u0411\u0435\u0437\u044b\u043c\u044f\u043d\u043d\u044b\u0439\" src=\"http:\/\/ich.md\/wp-content\/uploads\/2014\/04\/\u0411\u0435\u0437\u044b\u043c\u044f\u043d\u043d\u044b\u04392-225x300.jpg\" width=\"225\" height=\"300\" \/><\/a><br \/>\nCercet\u0103tor \u015ftiin\u0163ific principal, doctor habilitat \u00een istorie, profesorul universitar, specialist de talie mondial\u0103 \u00een domeniul istoriei universale. \u015eef de Sector la Institutul de Istorie (1987\u20131991). \u015eef Sectorului de Iudaic\u0103 al Institutului de Cercet\u0103ri Interetnice al A\u015eM (1993-2002). Pe parcursul activit\u0103\u0163ii \u015ftiin\u0163ifice a publicat peste 275 de lucr\u0103ri \u015ftiin\u0163ifice, inclusiv 13 monografii \u015fi culegeri, \u00een care sunt cercetate multiple probleme privind trecutul \u015fi via\u0163a social-politic\u0103 a evreilor din Moldova \u00een perioada interbelic\u0103 \u015fi contemporan\u0103. \u00cen numeroase studii publicate pentru prima dat\u0103 au fost investigate probleme ale mi\u015fc\u0103rii interna\u0163ionale contra politicii antisemite \u0163ariste de la \u00eenceputul secolului XX p\u00e2n\u0103 \u00een perioada de rena\u015ftere a culturii na\u0163ionale evreie\u015fti din Republica Moldova. Meritele doctorului habilitat Ia. Copanschii au fost apreciate de c\u0103tre Comunitatea \u015etiin\u0163ific\u0103 \u015fi de Conducerea \u0163\u0103rii. I s-a decernat Ordinul \u201eGloria Muncii\u201d (2004), Premiul Prezidiului Academiei de \u015etiin\u0163e (1972).<br \/>\nScrieri alese: monografia individual\u0103 \u201e\u0411\u043b\u0430\u0433\u043e\u0442\u0432\u043e\u0440\u0438\u0442\u0435\u043b\u044c\u043d\u044b\u0435 \u043e\u0440\u0433\u0430\u043d\u0438\u0437\u0430\u0446\u0438\u0438 \u0435\u0432\u0440\u0435\u0435\u0432 \u0411\u0435\u0441\u0441\u0430\u0440\u0430\u0431\u0438\u0438 \u0432 \u043c\u0435\u0436\u0432\u043e\u0435\u043d\u043d\u044b\u0439 \u043f\u0435\u0440\u0438\u043e\u0434 1918-1940 \u0433\u0433.\u00bb. Chi\u015fin\u0103u: Pontos, 2002.<br \/>\nScrieri alese: culegerea de documente \u015fi materiale \u00ab\u041a\u0438\u0448\u0438\u043d\u0435\u0432\u0441\u043a\u0438\u0439 \u043f\u043e\u0433\u0440\u043e\u043c 1903 \u0433\u043e\u0434\u0430\u00bb. Chi\u015fin\u0103u, Ruxandra, 2000.<br \/>\nScrieri alese: \u0415\u0432\u0440\u0435\u0439\u0441\u043a\u043e\u0435 \u043d\u0430\u0446\u0438\u043e\u043d\u0430\u043b\u044c\u043d\u043e\u0435 \u0434\u0432\u0438\u0436\u0435\u043d\u0438\u0435 \u0432 \u0411\u0435\u0441\u0441\u0430\u0440\u0430\u0431\u0438\u0438 \u0432 \u043c\u0435\u0436\u0432\u043e\u0435\u043d\u043d\u044b\u0439 \u043f\u0435\u0440\u0438\u043e\u0434 (1918\u20141940 \u0433\u0433). Chi\u015fin\u0103u: Stratum, 2008.<br \/>\nScrieri alese: \u0414\u0436\u043e\u0439\u043d\u0442 \u0432 \u0411\u0435\u0441\u0441\u0430\u0440\u0430\u0431\u0438\u0438: \u0441\u0442\u0440\u0430\u043d\u0438\u0446\u044b \u0438\u0441\u0442\u043e\u0440\u0438\u0438. Chi\u015fin\u0103u: Liga, 1994.<br \/>\nScrieri alese: \u0418\u0441\u0442\u043e\u0440\u0438\u0447\u0435\u0441\u043a\u0438\u0435 \u043f\u043e\u0440\u0442\u0440\u0435\u0442\u044b (\u0438\u0441\u0442\u043e\u0440\u0438\u0447\u0435\u0441\u043a\u0438\u0435 \u043f\u043e\u0440\u0442\u0440\u0435\u0442\u044b \u0432\u0438\u0434\u043d\u044b\u0445 \u0434\u0435\u044f\u0442\u0435\u043b\u0435\u0439 \u0435\u0432\u0440\u0435\u0439\u0441\u043a\u043e\u0433\u043e \u0434\u0432\u0438\u0436\u0435\u043d\u0438\u044f \u0432 \u0411\u0435\u0441\u0441\u0430\u0440\u0430\u0431\u0438\u0438 \u0438 \u041c\u043e\u043b\u0434\u0430\u0432\u0438\u0438 \u0425\u0425 \u0432\u0435\u043a\u0430). Chi\u015fin\u0103u \u2014 Tel Aviv: Beit Nelly Media, 2010.<\/p>\n","protected":false},"excerpt":{"rendered":"<p>Cercet\u0103tor \u015ftiin\u0163ific principal, doctor habilitat \u00een istorie, profesorul universitar, specialist de talie mondial\u0103 \u00een domeniul istoriei universale. \u015eef de Sector la Institutul de Istorie (1987\u20131991).<span class=\"read-more-link\"><a class=\"read-more\" href=\"https:\/\/ich.md\/?p=860\">Read More<\/a><\/span><\/p>\n","protected":false},"author":2,"featured_media":0,"comment_status":"closed","ping_status":"open","sticky":false,"template":"","format":"standard","meta":[],"categories":[49],"tags":[],"_links":{"self":[{"href":"https:\/\/ich.md\/index.php?rest_route=\/wp\/v2\/posts\/860"}],"collection":[{"href":"https:\/\/ich.md\/index.php?rest_route=\/wp\/v2\/posts"}],"about":[{"href":"https:\/\/ich.md\/index.php?rest_route=\/wp\/v2\/types\/post"}],"author":[{"embeddable":true,"href":"https:\/\/ich.md\/index.php?rest_route=\/wp\/v2\/users\/2"}],"replies":[{"embeddable":true,"href":"https:\/\/ich.md\/index.php?rest_route=%2Fwp%2Fv2%2Fcomments&post=860"}],"version-history":[{"count":1,"href":"https:\/\/ich.md\/index.php?rest_route=\/wp\/v2\/posts\/860\/revisions"}],"predecessor-version":[{"id":862,"href":"https:\/\/ich.md\/index.php?rest_route=\/wp\/v2\/posts\/860\/revisions\/862"}],"wp:attachment":[{"href":"https:\/\/ich.md\/index.php?rest_route=%2Fwp%2Fv2%2Fmedia&parent=860"}],"wp:term":[{"taxonomy":"category","embeddable":true,"href":"https:\/\/ich.md\/index.php?rest_route=%2Fwp%2Fv2%2Fcategories&post=860"},{"taxonomy":"post_tag","embeddable":true,"href":"https:\/\/ich.md\/index.php?rest_route=%2Fwp%2Fv2%2Ftags&post=860"}],"curies":[{"name":"wp","href":"https:\/\/api.w.org\/{rel}","templated":true}]}}