{"id":8637,"date":"2025-09-22T16:23:45","date_gmt":"2025-09-22T13:23:45","guid":{"rendered":"https:\/\/ich.md\/?p=8637"},"modified":"2025-09-22T16:23:45","modified_gmt":"2025-09-22T13:23:45","slug":"vizita-de-lucru-moldo-franceza-la-institutul-patrimoniului-cultural","status":"publish","type":"post","link":"https:\/\/ich.md\/?p=8637","title":{"rendered":"Vizit\u0103 de lucru moldo-francez\u0103 la Institutul Patrimoniului Cultural"},"content":{"rendered":"\n<p>\u00cen contextul proiectului de restaurare a cl\u0103dirilor de patrimoniu \u2013 Vila Her\u021ba \u0219i Vila Kligman \u2013 anun\u021bat de pre\u0219edintele Fran\u021bei, Emmanuel Macron, Institutul Patrimoniului Cultural al Republicii Moldova a g\u0103zduit o vizit\u0103 de lucru \u0219i informare.<\/p>\n\n\n\n<p>La \u00eent\u00e2lnire au participat doamna C\u00e9line Danion, Ing\u00e9nieure et Projets culturels, \u0219i doamna Maria Neagu, Ata\u0219at de cooperare al Ambasadei Fran\u021bei \u00een Republica Moldova. Discu\u021biile au vizat oportunit\u0103\u021bile de colaborare bilateral\u0103 \u00een domeniul protej\u0103rii \u0219i valorific\u0103rii patrimoniului arhitectural \u0219i cultural.<\/p>\n\n\n\n<p>Directorul Institutului Patrimoniului Cultural, dl. Ion Ursu, a subliniat importan\u021ba unei cooper\u0103ri concrete \u00eentre exper\u021bii francezi \u0219i speciali\u0219tii din Republica Moldova: \u201eConservarea \u0219i restaurarea cl\u0103dirilor istorice nu reprezint\u0103 doar o datorie fa\u021b\u0103 de trecut, ci \u0219i o investi\u021bie \u00een viitor. Parteneriatul cu Fran\u021ba poate aduce un aport esen\u021bial de expertiz\u0103 \u0219i resurse, pentru ca patrimoniul nostru s\u0103 fie transmis genera\u021biilor viitoare \u00eentr-o form\u0103 demn\u0103 de valoarea sa.\u201d<\/p>\n\n\n\n<p>Aceast\u0103 vizit\u0103 de lucru marcheaz\u0103 un pas important \u00een consolidarea rela\u021biilor culturale moldo-franceze \u0219i deschide noi perspective pentru proiecte comune \u00een domeniul protej\u0103rii patrimoniului.<\/p>\n\n\n\n<figure class=\"wp-block-image size-large\"><a href=\"https:\/\/ich.md\/wp-content\/uploads\/2025\/09\/ursu.jpg\"><img decoding=\"async\" loading=\"lazy\" width=\"1024\" height=\"683\" src=\"https:\/\/ich.md\/wp-content\/uploads\/2025\/09\/ursu-1024x683.jpg\" alt=\"\" class=\"wp-image-8638\"\/><\/a><\/figure>\n\n\n\n<figure class=\"wp-block-image size-large\"><a href=\"https:\/\/ich.md\/wp-content\/uploads\/2025\/09\/frantuz.jpg\"><img decoding=\"async\" loading=\"lazy\" width=\"1024\" height=\"683\" src=\"https:\/\/ich.md\/wp-content\/uploads\/2025\/09\/frantuz-1024x683.jpg\" alt=\"\" class=\"wp-image-8639\"\/><\/a><\/figure>\n","protected":false},"excerpt":{"rendered":"<p>\u00cen contextul proiectului de restaurare a cl\u0103dirilor de patrimoniu \u2013 Vila Her\u021ba \u0219i Vila Kligman \u2013 anun\u021bat de pre\u0219edintele Fran\u021bei, Emmanuel Macron, Institutul Patrimoniului Cultural<span class=\"read-more-link\"><a class=\"read-more\" href=\"https:\/\/ich.md\/?p=8637\">Read More<\/a><\/span><\/p>\n","protected":false},"author":11,"featured_media":8638,"comment_status":"closed","ping_status":"closed","sticky":false,"template":"","format":"standard","meta":[],"categories":[10],"tags":[],"_links":{"self":[{"href":"https:\/\/ich.md\/index.php?rest_route=\/wp\/v2\/posts\/8637"}],"collection":[{"href":"https:\/\/ich.md\/index.php?rest_route=\/wp\/v2\/posts"}],"about":[{"href":"https:\/\/ich.md\/index.php?rest_route=\/wp\/v2\/types\/post"}],"author":[{"embeddable":true,"href":"https:\/\/ich.md\/index.php?rest_route=\/wp\/v2\/users\/11"}],"replies":[{"embeddable":true,"href":"https:\/\/ich.md\/index.php?rest_route=%2Fwp%2Fv2%2Fcomments&post=8637"}],"version-history":[{"count":1,"href":"https:\/\/ich.md\/index.php?rest_route=\/wp\/v2\/posts\/8637\/revisions"}],"predecessor-version":[{"id":8640,"href":"https:\/\/ich.md\/index.php?rest_route=\/wp\/v2\/posts\/8637\/revisions\/8640"}],"wp:featuredmedia":[{"embeddable":true,"href":"https:\/\/ich.md\/index.php?rest_route=\/wp\/v2\/media\/8638"}],"wp:attachment":[{"href":"https:\/\/ich.md\/index.php?rest_route=%2Fwp%2Fv2%2Fmedia&parent=8637"}],"wp:term":[{"taxonomy":"category","embeddable":true,"href":"https:\/\/ich.md\/index.php?rest_route=%2Fwp%2Fv2%2Fcategories&post=8637"},{"taxonomy":"post_tag","embeddable":true,"href":"https:\/\/ich.md\/index.php?rest_route=%2Fwp%2Fv2%2Ftags&post=8637"}],"curies":[{"name":"wp","href":"https:\/\/api.w.org\/{rel}","templated":true}]}}