{"id":8641,"date":"2025-09-22T16:57:36","date_gmt":"2025-09-22T13:57:36","guid":{"rendered":"https:\/\/ich.md\/?p=8641"},"modified":"2025-09-22T16:58:29","modified_gmt":"2025-09-22T13:58:29","slug":"inaugurarea-bisericii-de-lemn-sfintii-arhangheli-mihail-si-gavriil-din-vorniceni","status":"publish","type":"post","link":"https:\/\/ich.md\/?p=8641","title":{"rendered":"Inaugurarea Bisericii de Lemn \u201eSfin\u021bii Arhangheli Mihail \u0219i Gavriil\u201d din Vorniceni"},"content":{"rendered":"\n<p>Institutul Patrimoniului Cultural, reprezentat de directorul Ion Ursu, a participat recent la inaugurarea Bisericii de Lemn \u201eSfin\u021bii Arhangheli Mihail \u0219i Gavriil\u201d din satul Vorniceni, raionul Str\u0103\u0219eni, dup\u0103 finalizarea lucr\u0103rilor de restaurare. Monumentul este unul deosebit de valoros, fiind printre cele doar 17 l\u0103ca\u0219uri de cult din lemn p\u0103strate pe teritoriul Republicii Moldova.<\/p>\n\n\n\n<p>\u00cen cadrul evenimentului, Ministrul Culturii, Sergiu Prodan, a men\u021bionat c\u0103 \u201eBiserica de lemn din Vorniceni este un simbol viu al mo\u0219tenirii noastre culturale \u2013 un loc care leag\u0103 trecutul de viitor prin credin\u021b\u0103, tradi\u021bie \u0219i continuitate.\u201d<\/p>\n\n\n\n<p>Cu o investi\u021bie de aproximativ 5 milioane de lei, l\u0103ca\u0219ul \u2013 simbol al credin\u021bei, unit\u0103\u021bii comunit\u0103\u021bii \u0219i continuit\u0103\u021bii tradi\u021biilor \u2013 a fost readus la via\u021b\u0103, devenind at\u00e2t un spa\u021biu de cult, c\u00e2t \u0219i un reper al identit\u0103\u021bii \u0219i memoriei colective.<\/p>\n\n\n\n<p>Restaurarea a fost posibil\u0103 datorit\u0103 colabor\u0103rii dintre Ministerul Culturii, Consiliul Raional Str\u0103\u0219eni, Funda\u021bia \u201eALT\u201d, speciali\u0219ti \u00een domeniu, arhitec\u021bi \u0219i comunitatea local\u0103. Institutul Patrimoniului Cultural \u00ee\u0219i reafirm\u0103 angajamentul de a sus\u021bine protejarea, conservarea \u0219i valorificarea patrimoniului na\u021bional, parte esen\u021bial\u0103 a culturii \u0219i istoriei Republicii Moldova.<\/p>\n\n\n\n<figure class=\"wp-block-image size-large\"><a href=\"https:\/\/ich.md\/wp-content\/uploads\/2025\/09\/biser.jpg\"><img decoding=\"async\" loading=\"lazy\" width=\"576\" height=\"1024\" src=\"https:\/\/ich.md\/wp-content\/uploads\/2025\/09\/biser-576x1024.jpg\" alt=\"\" class=\"wp-image-8642\"\/><\/a><\/figure>\n\n\n\n<figure class=\"wp-block-image size-large\"><a href=\"https:\/\/ich.md\/wp-content\/uploads\/2025\/09\/biserici-mult.jpg\"><img decoding=\"async\" loading=\"lazy\" width=\"1024\" height=\"739\" src=\"https:\/\/ich.md\/wp-content\/uploads\/2025\/09\/biserici-mult-1024x739.jpg\" alt=\"\" class=\"wp-image-8643\"\/><\/a><\/figure>\n\n\n\n<figure class=\"wp-block-image size-large\"><a href=\"https:\/\/ich.md\/wp-content\/uploads\/2025\/09\/pid.jpg\"><img decoding=\"async\" loading=\"lazy\" width=\"768\" height=\"1024\" src=\"https:\/\/ich.md\/wp-content\/uploads\/2025\/09\/pid-768x1024.jpg\" alt=\"\" class=\"wp-image-8645\"\/><\/a><\/figure>\n\n\n\n<figure class=\"wp-block-image size-large\"><a href=\"https:\/\/ich.md\/wp-content\/uploads\/2025\/09\/reinovata.jpg\"><img decoding=\"async\" loading=\"lazy\" width=\"1024\" height=\"576\" src=\"https:\/\/ich.md\/wp-content\/uploads\/2025\/09\/reinovata-1024x576.jpg\" alt=\"\" class=\"wp-image-8646\"\/><\/a><\/figure>\n\n\n\n<figure class=\"wp-block-image size-large\"><a href=\"https:\/\/ich.md\/wp-content\/uploads\/2025\/09\/conf.jpg\"><img decoding=\"async\" loading=\"lazy\" width=\"1024\" height=\"768\" src=\"https:\/\/ich.md\/wp-content\/uploads\/2025\/09\/conf-1024x768.jpg\" alt=\"\" class=\"wp-image-8647\"\/><\/a><\/figure>\n\n\n\n<figure class=\"wp-block-image size-large\"><a href=\"https:\/\/ich.md\/wp-content\/uploads\/2025\/09\/grup.jpg\"><img decoding=\"async\" loading=\"lazy\" width=\"1024\" height=\"768\" src=\"https:\/\/ich.md\/wp-content\/uploads\/2025\/09\/grup-1024x768.jpg\" alt=\"\" class=\"wp-image-8648\"\/><\/a><\/figure>\n\n\n\n<figure class=\"wp-block-image size-large\"><a href=\"https:\/\/ich.md\/wp-content\/uploads\/2025\/09\/icoana.jpg\"><img decoding=\"async\" loading=\"lazy\" width=\"768\" height=\"1024\" src=\"https:\/\/ich.md\/wp-content\/uploads\/2025\/09\/icoana-768x1024.jpg\" alt=\"\" class=\"wp-image-8649\"\/><\/a><\/figure>\n\n\n\n<figure class=\"wp-block-image size-large\"><a href=\"https:\/\/ich.md\/wp-content\/uploads\/2025\/09\/vorniceni.jpg\"><img decoding=\"async\" loading=\"lazy\" width=\"1024\" height=\"768\" src=\"https:\/\/ich.md\/wp-content\/uploads\/2025\/09\/vorniceni-1024x768.jpg\" alt=\"\" class=\"wp-image-8650\"\/><\/a><\/figure>\n\n\n\n<figure class=\"wp-block-image size-large\"><a href=\"https:\/\/ich.md\/wp-content\/uploads\/2025\/09\/taiere.jpg\"><img decoding=\"async\" loading=\"lazy\" width=\"576\" height=\"1024\" src=\"https:\/\/ich.md\/wp-content\/uploads\/2025\/09\/taiere-576x1024.jpg\" alt=\"\" class=\"wp-image-8651\"\/><\/a><\/figure>\n","protected":false},"excerpt":{"rendered":"<p>Institutul Patrimoniului Cultural, reprezentat de directorul Ion Ursu, a participat recent la inaugurarea Bisericii de Lemn \u201eSfin\u021bii Arhangheli Mihail \u0219i Gavriil\u201d din satul Vorniceni, raionul<span class=\"read-more-link\"><a class=\"read-more\" href=\"https:\/\/ich.md\/?p=8641\">Read More<\/a><\/span><\/p>\n","protected":false},"author":11,"featured_media":8645,"comment_status":"closed","ping_status":"closed","sticky":false,"template":"","format":"standard","meta":[],"categories":[10],"tags":[],"_links":{"self":[{"href":"https:\/\/ich.md\/index.php?rest_route=\/wp\/v2\/posts\/8641"}],"collection":[{"href":"https:\/\/ich.md\/index.php?rest_route=\/wp\/v2\/posts"}],"about":[{"href":"https:\/\/ich.md\/index.php?rest_route=\/wp\/v2\/types\/post"}],"author":[{"embeddable":true,"href":"https:\/\/ich.md\/index.php?rest_route=\/wp\/v2\/users\/11"}],"replies":[{"embeddable":true,"href":"https:\/\/ich.md\/index.php?rest_route=%2Fwp%2Fv2%2Fcomments&post=8641"}],"version-history":[{"count":2,"href":"https:\/\/ich.md\/index.php?rest_route=\/wp\/v2\/posts\/8641\/revisions"}],"predecessor-version":[{"id":8653,"href":"https:\/\/ich.md\/index.php?rest_route=\/wp\/v2\/posts\/8641\/revisions\/8653"}],"wp:featuredmedia":[{"embeddable":true,"href":"https:\/\/ich.md\/index.php?rest_route=\/wp\/v2\/media\/8645"}],"wp:attachment":[{"href":"https:\/\/ich.md\/index.php?rest_route=%2Fwp%2Fv2%2Fmedia&parent=8641"}],"wp:term":[{"taxonomy":"category","embeddable":true,"href":"https:\/\/ich.md\/index.php?rest_route=%2Fwp%2Fv2%2Fcategories&post=8641"},{"taxonomy":"post_tag","embeddable":true,"href":"https:\/\/ich.md\/index.php?rest_route=%2Fwp%2Fv2%2Ftags&post=8641"}],"curies":[{"name":"wp","href":"https:\/\/api.w.org\/{rel}","templated":true}]}}