{"id":8654,"date":"2025-09-22T17:12:48","date_gmt":"2025-09-22T14:12:48","guid":{"rendered":"https:\/\/ich.md\/?p=8654"},"modified":"2025-09-22T17:26:35","modified_gmt":"2025-09-22T14:26:35","slug":"romania-republica-moldova-si-ucraina-parteneriat-pentru-inscrierea-complexului-cultural-precucuteni-ariusd-cucuteni-trypillia-in-lista-patrimoniului-mondial-unesco","status":"publish","type":"post","link":"https:\/\/ich.md\/?p=8654","title":{"rendered":"Rom\u00e2nia, Republica Moldova \u0219i Ucraina \u2013 parteneriat pentru \u00eenscrierea Complexului Cultural Precucuteni\u2013Ariu\u0219d\u2013Cucuteni\u2013Trypillia \u00een Lista Patrimoniului Mondial UNESCO"},"content":{"rendered":"\n<p>Institutul Patrimoniului Cultural a avut onoarea de a participa, \u00een calitate de co-organizator al\u0103turi de Ministerul Culturii, Comisia Na\u021bional\u0103 UNESCO \u0219i Agen\u021bia Na\u021bional\u0103 Arheologic\u0103, la semnarea Memorandumului de \u00cen\u021belegere dintre Rom\u00e2nia, Republica Moldova \u0219i Ucraina, care vizeaz\u0103 cooperarea pentru elaborarea \u0219i promovarea dosarului comun de nominalizare a Complexului Cultural Precucuteni\u2013Ariu\u0219d\u2013Cucuteni\u2013Trypillia pe Lista Patrimoniului Mondial UNESCO. Acest eveniment reprezint\u0103 un pas decisiv \u00een protejarea \u0219i valorificarea uneia dintre cele mai importante culturi preistorice europene, care se \u00eentinde pe teritoriul celor trei state.<\/p>\n\n\n\n<p>Evenimentul a avut loc \u00een cadrul conferin\u021bei interna\u021bionale \u201eValoarea universal\u0103 excep\u021bional\u0103 a complexului cultural Precucuteni\u2013Ariu\u0219d\u2013Cucuteni\u2013Trypillia\u201d, organizat\u0103 \u00een contextul Zilelor Europene ale Patrimoniului, reunind mini\u0219tri, diploma\u021bi \u0219i exper\u021bi din cele trei \u021b\u0103ri.<\/p>\n\n\n\n<p>\u00cen cadrul ceremoniei, ministrul Culturii din Rom\u00e2nia, Demeter Andr\u00e1s Istv\u00e1n, a subliniat c\u0103 \u201eCultura Cucuteni\u2013Tripolie reprezint\u0103 una dintre cele mai \u00eensemnate manifest\u0103ri ale civiliza\u021biei europene vechi, iar faptul c\u0103, \u00een aceste vremuri complicate, ne-am reunit pentru a pune bazele unei colabor\u0103ri pentru promovarea, protejarea \u0219i punerea \u00een valoare a acestei importante mo\u0219teniri pe care o \u00eemp\u0103rt\u0103\u0219esc cele trei popoare, vorbe\u0219te despre rolul esen\u021bial al patrimoniului cultural \u00een afirmarea identit\u0103\u021bii \u0219i apartenen\u021bei noastre, pe care ne angaj\u0103m, de acum \u00eencolo, s\u0103 \u00eel ocrotim \u00eempreun\u0103.\u201d<\/p>\n\n\n\n<p>Evenimentul a avut loc \u00een cadrul Conferin\u021bei Interna\u021bionale <em>\u201eValoarea Universal\u0103 Excep\u021bional\u0103 a Complexului Cultural Precucuteni\u2013Ariu\u0219d\u2013Cucuteni\u2013Trypillia\u201d<\/em>, desf\u0103\u0219urat\u0103 la Muzeul Na\u021bional de Istorie a Moldovei din Chi\u0219in\u0103u.<\/p>\n\n\n\n<p>Complexul, datat \u00eentre anii 5.050\u20133.200 \u00ee.Hr., include a\u0219ez\u0103ri, locuin\u021be, sanctuare \u0219i artefacte care reflect\u0103 un nivel remarcabil de organizare social\u0103, tehnologic\u0103 \u0219i artistic\u0103, confirm\u00e2nd unicitatea \u0219i valoarea universal\u0103 a acestei culturi.<\/p>\n\n\n\n<figure class=\"wp-block-image size-large\"><a href=\"https:\/\/ich.md\/wp-content\/uploads\/2025\/09\/muzeu.jpg\"><img decoding=\"async\" loading=\"lazy\" width=\"1024\" height=\"683\" src=\"https:\/\/ich.md\/wp-content\/uploads\/2025\/09\/muzeu-1024x683.jpg\" alt=\"\" class=\"wp-image-8655\"\/><\/a><\/figure>\n\n\n\n<figure class=\"wp-block-image size-large\"><a href=\"https:\/\/ich.md\/wp-content\/uploads\/2025\/09\/547843347_819746617240238_8693969283243197492_n.jpg\"><img decoding=\"async\" loading=\"lazy\" width=\"1024\" height=\"683\" src=\"https:\/\/ich.md\/wp-content\/uploads\/2025\/09\/547843347_819746617240238_8693969283243197492_n-1024x683.jpg\" alt=\"\" class=\"wp-image-8656\"\/><\/a><\/figure>\n\n\n\n<figure class=\"wp-block-image size-large\"><a href=\"https:\/\/ich.md\/wp-content\/uploads\/2025\/09\/muzeu1.jpg\"><img decoding=\"async\" loading=\"lazy\" width=\"1024\" height=\"683\" src=\"https:\/\/ich.md\/wp-content\/uploads\/2025\/09\/muzeu1-1024x683.jpg\" alt=\"\" class=\"wp-image-8657\"\/><\/a><\/figure>\n\n\n\n<figure class=\"wp-block-image size-large\"><a href=\"https:\/\/ich.md\/wp-content\/uploads\/2025\/09\/muzeu3.jpg\"><img decoding=\"async\" loading=\"lazy\" width=\"1024\" height=\"683\" src=\"https:\/\/ich.md\/wp-content\/uploads\/2025\/09\/muzeu3-1024x683.jpg\" alt=\"\" class=\"wp-image-8658\"\/><\/a><\/figure>\n\n\n\n<figure class=\"wp-block-image size-large\"><a href=\"https:\/\/ich.md\/wp-content\/uploads\/2025\/09\/muzeu-5.jpg\"><img decoding=\"async\" loading=\"lazy\" width=\"1024\" height=\"683\" src=\"https:\/\/ich.md\/wp-content\/uploads\/2025\/09\/muzeu-5-1024x683.jpg\" alt=\"\" class=\"wp-image-8659\"\/><\/a><\/figure>\n\n\n\n<figure class=\"wp-block-image size-large\"><a href=\"https:\/\/ich.md\/wp-content\/uploads\/2025\/09\/muzeu6.jpg\"><img decoding=\"async\" loading=\"lazy\" width=\"1024\" height=\"683\" src=\"https:\/\/ich.md\/wp-content\/uploads\/2025\/09\/muzeu6-1024x683.jpg\" alt=\"\" class=\"wp-image-8660\"\/><\/a><\/figure>\n\n\n\n<figure class=\"wp-block-image size-large\"><a href=\"https:\/\/ich.md\/wp-content\/uploads\/2025\/09\/muzeu7.jpg\"><img decoding=\"async\" loading=\"lazy\" width=\"1024\" height=\"768\" src=\"https:\/\/ich.md\/wp-content\/uploads\/2025\/09\/muzeu7-1024x768.jpg\" alt=\"\" class=\"wp-image-8661\"\/><\/a><\/figure>\n","protected":false},"excerpt":{"rendered":"<p>Institutul Patrimoniului Cultural a avut onoarea de a participa, \u00een calitate de co-organizator al\u0103turi de Ministerul Culturii, Comisia Na\u021bional\u0103 UNESCO \u0219i Agen\u021bia Na\u021bional\u0103 Arheologic\u0103, la<span class=\"read-more-link\"><a class=\"read-more\" href=\"https:\/\/ich.md\/?p=8654\">Read More<\/a><\/span><\/p>\n","protected":false},"author":11,"featured_media":8658,"comment_status":"closed","ping_status":"closed","sticky":false,"template":"","format":"standard","meta":[],"categories":[10],"tags":[],"_links":{"self":[{"href":"https:\/\/ich.md\/index.php?rest_route=\/wp\/v2\/posts\/8654"}],"collection":[{"href":"https:\/\/ich.md\/index.php?rest_route=\/wp\/v2\/posts"}],"about":[{"href":"https:\/\/ich.md\/index.php?rest_route=\/wp\/v2\/types\/post"}],"author":[{"embeddable":true,"href":"https:\/\/ich.md\/index.php?rest_route=\/wp\/v2\/users\/11"}],"replies":[{"embeddable":true,"href":"https:\/\/ich.md\/index.php?rest_route=%2Fwp%2Fv2%2Fcomments&post=8654"}],"version-history":[{"count":3,"href":"https:\/\/ich.md\/index.php?rest_route=\/wp\/v2\/posts\/8654\/revisions"}],"predecessor-version":[{"id":8667,"href":"https:\/\/ich.md\/index.php?rest_route=\/wp\/v2\/posts\/8654\/revisions\/8667"}],"wp:featuredmedia":[{"embeddable":true,"href":"https:\/\/ich.md\/index.php?rest_route=\/wp\/v2\/media\/8658"}],"wp:attachment":[{"href":"https:\/\/ich.md\/index.php?rest_route=%2Fwp%2Fv2%2Fmedia&parent=8654"}],"wp:term":[{"taxonomy":"category","embeddable":true,"href":"https:\/\/ich.md\/index.php?rest_route=%2Fwp%2Fv2%2Fcategories&post=8654"},{"taxonomy":"post_tag","embeddable":true,"href":"https:\/\/ich.md\/index.php?rest_route=%2Fwp%2Fv2%2Ftags&post=8654"}],"curies":[{"name":"wp","href":"https:\/\/api.w.org\/{rel}","templated":true}]}}