{"id":8668,"date":"2025-09-22T17:35:43","date_gmt":"2025-09-22T14:35:43","guid":{"rendered":"https:\/\/ich.md\/?p=8668"},"modified":"2025-09-22T17:35:43","modified_gmt":"2025-09-22T14:35:43","slug":"institutul-patrimoniului-cultural-prezent-la-forumul-cultural-patrimoniu-si-arhitectura-ferestre-spre-trecut-usi-spre-viitor","status":"publish","type":"post","link":"https:\/\/ich.md\/?p=8668","title":{"rendered":"Institutul Patrimoniului Cultural prezent la Forumul Cultural \u201ePatrimoniu \u0219i Arhitectura: Ferestre spre Trecut, U\u0219i spre Viitor\u201d"},"content":{"rendered":"\n<p>Institutul Patrimoniului Cultural a fost prezent la Forumul Cultural <em>\u201ePatrimoniu \u0219i Arhitectura: Ferestre spre Trecut, U\u0219i spre Viitor\u201d<\/em>, organizat de Ministerul Culturii la Muzeul Na\u021bional de Istorie a Moldovei, \u00een contextul Zilelor Europene ale Patrimoniului. Evenimentul a reunit exper\u021bi din Republica Moldova, Rom\u00e2nia, Fran\u021ba \u0219i Germania, care au discutat despre oportunit\u0103\u021bile economice ale patrimoniului construit \u0219i provoc\u0103rile legate de protejarea \u0219i valorificarea mo\u0219tenirii culturale.<\/p>\n\n\n\n<p>Participarea cercet\u0103torilor IPC a subliniat rolul esen\u021bial al cercet\u0103rii \u0219tiin\u021bifice \u00een conservarea patrimoniului construit, eviden\u021biind contribu\u021bia institutului la promovarea \u0219i protejarea valorilor culturale ale Republicii Moldova.<\/p>\n\n\n\n<p>Evenimentul a avut loc la doar dou\u0103 zile dup\u0103 semnarea Memorandumului de \u00cen\u021belegere pentru includerea Complexului Cultural Cucuteni\u2013Trypillia \u00een Lista Patrimoniului Mondial UNESCO, marc\u00e2nd o serie de ac\u021biuni importante pentru patrimoniul na\u021bional \u0219i european.<\/p>\n\n\n\n<figure class=\"wp-block-image size-large\"><a href=\"https:\/\/ich.md\/wp-content\/uploads\/2025\/09\/forum.jpg\"><img decoding=\"async\" loading=\"lazy\" width=\"1024\" height=\"683\" src=\"https:\/\/ich.md\/wp-content\/uploads\/2025\/09\/forum-1024x683.jpg\" alt=\"\" class=\"wp-image-8669\"\/><\/a><\/figure>\n\n\n\n<figure class=\"wp-block-image size-large\"><a href=\"https:\/\/ich.md\/wp-content\/uploads\/2025\/09\/forum-3.jpg\"><img decoding=\"async\" loading=\"lazy\" width=\"1024\" height=\"683\" src=\"https:\/\/ich.md\/wp-content\/uploads\/2025\/09\/forum-3-1024x683.jpg\" alt=\"\" class=\"wp-image-8670\"\/><\/a><\/figure>\n\n\n\n<figure class=\"wp-block-image size-large\"><a href=\"https:\/\/ich.md\/wp-content\/uploads\/2025\/09\/forum-4.jpg\"><img decoding=\"async\" loading=\"lazy\" width=\"1024\" height=\"683\" src=\"https:\/\/ich.md\/wp-content\/uploads\/2025\/09\/forum-4-1024x683.jpg\" alt=\"\" class=\"wp-image-8671\"\/><\/a><\/figure>\n\n\n\n<figure class=\"wp-block-image size-large\"><a href=\"https:\/\/ich.md\/wp-content\/uploads\/2025\/09\/forum-ursu.jpg\"><img decoding=\"async\" loading=\"lazy\" width=\"1024\" height=\"683\" src=\"https:\/\/ich.md\/wp-content\/uploads\/2025\/09\/forum-ursu-1024x683.jpg\" alt=\"\" class=\"wp-image-8672\"\/><\/a><\/figure>\n\n\n\n<p><a href=\"https:\/\/www.facebook.com\/100076147204797\/videos\/pcb.822692700278963\/641174415455620?cft[0]=AZXpqvLm821JOjlPkfCrvXkZYu2Ap2Di31ko6GhL0F4Cf5VVXedhp2lOcCS42c1fRkHyZOMuItzAOfEMDzr3hFctEe-AisZiuuCzFJ7s_Av9oXSI-XevuLW6JMJtahEUP2-Ucst3KueRYZDPkeQmsC4LTwtKIAZsvAPfr_WEKkGM8-Vi0uxcBYdolir3xu5r_RM&amp;tn=*b0H-y-R\">https:\/\/www.facebook.com\/100076147204797\/videos\/pcb.822692700278963\/641174415455620?cft[0]=AZXpqvLm821JOjlPkfCrvXkZYu2Ap2Di31ko6GhL0F4Cf5VVXedhp2lOcCS42c1fRkHyZOMuItzAOfEMDzr3hFctEe-AisZiuuCzFJ7s_Av9oXSI-XevuLW6JMJtahEUP2-Ucst3KueRYZDPkeQmsC4LTwtKIAZsvAPfr_WEKkGM8-Vi0uxcBYdolir3xu5r_RM&amp;tn=*b0H-y-R<\/a><\/p>\n","protected":false},"excerpt":{"rendered":"<p>Institutul Patrimoniului Cultural a fost prezent la Forumul Cultural \u201ePatrimoniu \u0219i Arhitectura: Ferestre spre Trecut, U\u0219i spre Viitor\u201d, organizat de Ministerul Culturii la Muzeul Na\u021bional<span class=\"read-more-link\"><a class=\"read-more\" href=\"https:\/\/ich.md\/?p=8668\">Read More<\/a><\/span><\/p>\n","protected":false},"author":11,"featured_media":8669,"comment_status":"closed","ping_status":"closed","sticky":false,"template":"","format":"standard","meta":[],"categories":[10],"tags":[],"_links":{"self":[{"href":"https:\/\/ich.md\/index.php?rest_route=\/wp\/v2\/posts\/8668"}],"collection":[{"href":"https:\/\/ich.md\/index.php?rest_route=\/wp\/v2\/posts"}],"about":[{"href":"https:\/\/ich.md\/index.php?rest_route=\/wp\/v2\/types\/post"}],"author":[{"embeddable":true,"href":"https:\/\/ich.md\/index.php?rest_route=\/wp\/v2\/users\/11"}],"replies":[{"embeddable":true,"href":"https:\/\/ich.md\/index.php?rest_route=%2Fwp%2Fv2%2Fcomments&post=8668"}],"version-history":[{"count":1,"href":"https:\/\/ich.md\/index.php?rest_route=\/wp\/v2\/posts\/8668\/revisions"}],"predecessor-version":[{"id":8673,"href":"https:\/\/ich.md\/index.php?rest_route=\/wp\/v2\/posts\/8668\/revisions\/8673"}],"wp:featuredmedia":[{"embeddable":true,"href":"https:\/\/ich.md\/index.php?rest_route=\/wp\/v2\/media\/8669"}],"wp:attachment":[{"href":"https:\/\/ich.md\/index.php?rest_route=%2Fwp%2Fv2%2Fmedia&parent=8668"}],"wp:term":[{"taxonomy":"category","embeddable":true,"href":"https:\/\/ich.md\/index.php?rest_route=%2Fwp%2Fv2%2Fcategories&post=8668"},{"taxonomy":"post_tag","embeddable":true,"href":"https:\/\/ich.md\/index.php?rest_route=%2Fwp%2Fv2%2Ftags&post=8668"}],"curies":[{"name":"wp","href":"https:\/\/api.w.org\/{rel}","templated":true}]}}