{"id":8674,"date":"2025-09-22T17:52:49","date_gmt":"2025-09-22T14:52:49","guid":{"rendered":"https:\/\/ich.md\/?p=8674"},"modified":"2025-09-24T11:28:33","modified_gmt":"2025-09-24T08:28:33","slug":"institutul-patrimoniului-cultural-invita-mediul-academic-si-publicul-larg-la-conferinta-stiintifica-internationala-patrimoniul-cultural-cercetare-valorificare-promovare","status":"publish","type":"post","link":"https:\/\/ich.md\/?p=8674","title":{"rendered":"Institutul Patrimoniului Cultural invit\u0103 mediul academic \u0219i publicul larg la Conferin\u021ba \u0218tiin\u021bific\u0103 Interna\u021bional\u0103 \u201ePatrimoniul Cultural: Cercetare, Valorificare, Promovare\u201d. Edi\u021bia a XVII-a"},"content":{"rendered":"\n<p>Institutul Patrimoniului Cultural, \u00een parteneriat cu Ministerul Culturii, Academia de \u0218tiin\u021be a Moldovei, Universitatea Na\u021bional\u0103 de Arte \u201eGeorge Enescu\u201d Ia\u0219i (Rom\u00e2nia), Institutul de Studii al Artelor, Folcloristic\u0103 \u0219i Etnologie \u201eM. Rylskyi\u201d al Academiei Na\u021bionale de \u0218tiin\u021be din Ucraina, Universitatea Tehnic\u0103 din Cluj-Napoca, Centrul Universitar Nord din Baia Mare \u2013 Facultatea de Litere, Rom\u00e2nia, are pl\u0103cerea s\u0103 v\u0103 invite la <strong>Conferin\u021ba \u0218tiin\u021bific\u0103 Interna\u021bional\u0103 \u201ePatrimoniul Cultural: Cercetare, Valorificare, Promovare\u201d<\/strong>, edi\u021bia a XVII-a.<\/p>\n\n\n\n<p>Evenimentul se va desf\u0103\u0219ura <strong>joi \u0219i vineri, 25\u201326 septembrie 2025<\/strong>, \u0219i reune\u0219te cercet\u0103tori, exper\u021bi \u0219i profesioni\u0219ti din domeniul patrimoniului cultural pentru a \u00eemp\u0103rt\u0103\u0219i experien\u021be, a dezbate metode de cercetare \u0219i a identifica oportunit\u0103\u021bi de valorificare \u0219i promovare a patrimoniului cultural.<\/p>\n\n\n\n<h3 class=\"wp-block-heading\">Ariile tematice ale conferin\u021bei:<\/h3>\n\n\n\n<ul>\n<li>Cercetarea \u0219i valorificarea culturii tradi\u021bionale rom\u00e2ne\u0219ti<\/li>\n\n\n\n<li>Cercetarea \u0219i valorificarea culturii tradi\u021bionale a minorit\u0103\u021bilor etnice<\/li>\n\n\n\n<li>Cercetarea \u0219i valorificarea patrimoniului cultural construit<\/li>\n\n\n\n<li>Cercetarea, valorificarea \u0219i promovarea patrimoniului arheologic<\/li>\n\n\n\n<li>Identitate, memorie \u0219i comunicare artistic\u0103 \u00een procesul de globalizare cultural\u0103<\/li>\n<\/ul>\n\n\n\n<p>Organizarea manifest\u0103rii \u0219tiin\u021bifice \u0219i editarea culegerii de rezumate fac parte din ac\u021biunile programate \u00een cadrul <strong>Programului de cercetare 170101: Cercetarea \u0219i valorificarea patrimoniului cultural construit, etnografic, arheologic \u0219i artistic din Republica Moldova \u00een contextul integr\u0103rii europene (2024\u20132027)<\/strong>.<\/p>\n\n\n\n<p>V\u0103 a\u0219tept\u0103m s\u0103 lua\u021bi parte la aceast\u0103 platform\u0103 de dialog academic \u0219i profesional, care promoveaz\u0103 schimbul de bune practici \u0219i consolidarea cooper\u0103rii interna\u021bionale \u00een domeniul patrimoniului cultural.<\/p>\n\n\n\n<div class=\"wp-block-file\"><object class=\"wp-block-file__embed\" data=\"https:\/\/ich.md\/wp-content\/uploads\/2025\/09\/conferinta-PATRIMONIUL-CULTURAL-2025-REDACTAT4.pdf\" type=\"application\/pdf\" style=\"width:100%;height:600px\" aria-label=\"\u00cenglobare pentru conferinta-PATRIMONIUL-CULTURAL-2025-REDACTAT4.\"><\/object><a id=\"wp-block-file--media-7625991b-957b-4268-a8ec-d46274363e72\" href=\"https:\/\/ich.md\/wp-content\/uploads\/2025\/09\/conferinta-PATRIMONIUL-CULTURAL-2025-REDACTAT4.pdf\">conferinta-PATRIMONIUL-CULTURAL-2025-REDACTAT4<\/a><a href=\"https:\/\/ich.md\/wp-content\/uploads\/2025\/09\/conferinta-PATRIMONIUL-CULTURAL-2025-REDACTAT4.pdf\" class=\"wp-block-file__button wp-element-button\" download aria-describedby=\"wp-block-file--media-7625991b-957b-4268-a8ec-d46274363e72\">Descarc\u0103<\/a><\/div>\n","protected":false},"excerpt":{"rendered":"<p>Institutul Patrimoniului Cultural, \u00een parteneriat cu Ministerul Culturii, Academia de \u0218tiin\u021be a Moldovei, Universitatea Na\u021bional\u0103 de Arte \u201eGeorge Enescu\u201d Ia\u0219i (Rom\u00e2nia), Institutul de Studii al<span class=\"read-more-link\"><a class=\"read-more\" href=\"https:\/\/ich.md\/?p=8674\">Read More<\/a><\/span><\/p>\n","protected":false},"author":11,"featured_media":8683,"comment_status":"closed","ping_status":"closed","sticky":false,"template":"","format":"standard","meta":[],"categories":[10],"tags":[],"_links":{"self":[{"href":"https:\/\/ich.md\/index.php?rest_route=\/wp\/v2\/posts\/8674"}],"collection":[{"href":"https:\/\/ich.md\/index.php?rest_route=\/wp\/v2\/posts"}],"about":[{"href":"https:\/\/ich.md\/index.php?rest_route=\/wp\/v2\/types\/post"}],"author":[{"embeddable":true,"href":"https:\/\/ich.md\/index.php?rest_route=\/wp\/v2\/users\/11"}],"replies":[{"embeddable":true,"href":"https:\/\/ich.md\/index.php?rest_route=%2Fwp%2Fv2%2Fcomments&post=8674"}],"version-history":[{"count":7,"href":"https:\/\/ich.md\/index.php?rest_route=\/wp\/v2\/posts\/8674\/revisions"}],"predecessor-version":[{"id":8687,"href":"https:\/\/ich.md\/index.php?rest_route=\/wp\/v2\/posts\/8674\/revisions\/8687"}],"wp:featuredmedia":[{"embeddable":true,"href":"https:\/\/ich.md\/index.php?rest_route=\/wp\/v2\/media\/8683"}],"wp:attachment":[{"href":"https:\/\/ich.md\/index.php?rest_route=%2Fwp%2Fv2%2Fmedia&parent=8674"}],"wp:term":[{"taxonomy":"category","embeddable":true,"href":"https:\/\/ich.md\/index.php?rest_route=%2Fwp%2Fv2%2Fcategories&post=8674"},{"taxonomy":"post_tag","embeddable":true,"href":"https:\/\/ich.md\/index.php?rest_route=%2Fwp%2Fv2%2Ftags&post=8674"}],"curies":[{"name":"wp","href":"https:\/\/api.w.org\/{rel}","templated":true}]}}