{"id":870,"date":"2014-04-02T14:25:18","date_gmt":"2014-04-02T10:25:18","guid":{"rendered":"http:\/\/ich.md\/?p=870"},"modified":"2014-04-02T14:25:18","modified_gmt":"2014-04-02T10:25:18","slug":"rita-kleiman-1947-2008","status":"publish","type":"post","link":"https:\/\/ich.md\/?p=870","title":{"rendered":"RITA KLEIMAN (1947-2008)"},"content":{"rendered":"<p style=\"text-align: justify;\"><a href=\"http:\/\/ich.md\/wp-content\/uploads\/2014\/04\/\u0411\u0435\u0437\u044b\u043c\u044f\u043d\u043d\u044b\u04392.png\"><img decoding=\"async\" loading=\"lazy\" class=\"alignleft\" alt=\"\u0411\u0435\u0437\u044b\u043c\u044f\u043d\u043d\u044b\u0439\" src=\"http:\/\/ich.md\/wp-content\/uploads\/2014\/04\/\u0411\u0435\u0437\u044b\u043c\u044f\u043d\u043d\u044b\u04392-180x300.png\" width=\"180\" height=\"300\" \/><\/a><br \/>\nFilolog, culturolog \u015fi etnolog, doctor habilitat \u00een filologie, specialist \u00een teoria \u015fi istoria literaturii, \u00een domeniu literaturii comparate. Cercet\u0103tor \u015ftiin\u0163ific principal al Institutului Minorit\u0103\u021bi Na\u021bionale, atunci Institutul Patrimoniului Cultural al A\u0218M. Activitatea de cercetare include studierea literaturii \u015fi culturii ruse, europene \u015fi mondiale, crea\u0163iei lui F.Dostoievski \u015fi Ghersenzon, problemelor teoretice ale literaturii. R. Kleiman a participat numeroase conferin\u0163e \u015fi foruri \u015ftiin\u0163ifice \u00een Moldova, Rusia, SUA, Israel, Germania, Slovacia, Japonia, Ungaria, Fran\u0163a, Elve\u0163ia; a organizat un ciclu de conferin\u0163e interna\u0163ionale \u201eLiteratura \u00een contextul Timpului Larg\u201d. A fost membru deplin a organiza\u0163iei \u201eInternational Dostoevsky Society\u201d, membru al Asocia\u0163iei MAPRYAL. Rita Kleiman este binecunoscut\u0103 ca profesor \u015fi pedagog, pred\u00eend peste 30 de ani un \u015fir larg de discipline \u015fi cursuri speciale, conectate cu teoria \u015fi istoria litearturii, \u00een Universitate de Stat a Moldovei, Universitatea Pedagogica de Stat, Universitatea Slavon\u0103 a Republicii Moldova, lucr\u00eend cu pedagogi \u015fcolari pe cursuri de educa\u0163ie continuat\u0103, \u015fi preg\u0103tind speciali\u015fti ca un conduc\u0103tor \u015ftiin\u0163ific a tezelor de doctor. Rezultatele activit\u0103\u0163ii \u015ftiin\u0163ifice au fost publicate \u00een peste 200 de articole \u015fi c\u0103r\u0163i \u015ftiin\u0163ifice (monografii, culegeri tematice, eseuri, publicistic\u0103, literatur\u0103 artistic\u0103):<\/p>\n<p style=\"text-align: justify;\">\u0421\u043a\u0432\u043e\u0437\u043d\u044b\u0435 \u043c\u043e\u0442\u0438\u0432\u044b \u0442\u0432\u043e\u0440\u0447\u0435\u0441\u0442\u0432\u0430 \u0414\u043e\u0441\u0442\u043e\u0435\u0432\u0441\u043a\u043e\u0433\u043e \u0432 \u0438\u0441\u0442\u043e\u0440\u0438\u043a\u043e-\u043a\u0443\u043b\u044c\u0442\u0443\u0440\u043d\u043e\u0439 \u043f\u0435\u0440\u0441\u043f\u0435\u043a\u0442\u0438\u0432\u0435. \u0418\u043d\u0441\u0442\u0438\u0442\u0443\u0442 \u042f\u0437\u044b\u043a\u0430 \u0438 \u043b\u0438\u0442\u0435\u0440\u0430\u0442\u0443\u0440\u044b \u0410\u041d \u041c\u0421\u0421\u0420. \u041a\u0438\u0448\u0438\u043d\u0451\u0432, \u0428\u0442\u0438\u0438\u043d\u0446\u0430, 1985;<\/p>\n<p style=\"text-align: justify;\">\u0414\u043e\u0441\u0442\u043e\u0435\u0432\u0441\u043a\u0438\u0439: \u043a\u043e\u043d\u0441\u0442\u0430\u043d\u0442\u044b \u043f\u043e\u044d\u0442\u0438\u043a\u0438. \u041a\u0438\u0448\u0438\u043d\u0451\u0432, 2001;<\/p>\n<p style=\"text-align: justify;\">\u041c\u044b\u0448\u043a\u0438\u043d \u0438 \u041c\u043e\u0438\u0441\u0435\u0439, \u0438\u043b\u0438 \u041f\u0440\u0438\u0431\u044b\u0442\u0438\u0435 \u043f\u043e\u0435\u0437\u0434\u0430. \u0422\u0440\u0430\u0433\u0438\u0444\u0430\u0440\u0441-\u0444\u0430\u043d\u0442\u0430\u0441\u043c\u0430\u0433\u043e\u0440\u0438\u044f \u0432 2-\u0445 \u0434\u0435\u0439\u0441\u0442\u0432\u0438\u044f\u0445 \u0441 \u043f\u0440\u043e\u043b\u043e\u0433\u043e\u043c \u0438 \u044d\u043f\u0438\u043b\u043e\u0433\u043e\u043c \u043f\u043e \u043c\u043e\u0442\u0438\u0432\u0430\u043c \u0414\u043e\u0441\u0442\u043e\u0435\u0432\u0441\u043a\u043e\u0433\u043e \u0438 \u0434\u0440. \u041b\u0438\u0442\u0435\u0440\u0430\u0442\u0443\u0440\u043d\u043e-\u043c\u0435\u043c\u043e\u0440\u0438\u0430\u043b\u044c\u043d\u044b\u0439 \u043c\u0443\u0437\u0435\u0439 \u0424.\u041c.\u0414\u043e\u0441\u0442\u043e\u0435\u0432\u0441\u043a\u043e\u0433\u043e \u0432 \u0421\u0430\u043d\u043a\u0442-\u041f\u0435\u0442\u0435\u0440\u0431\u0443\u0440\u0433\u0435, \u0411\u0438\u0431\u043b\u0438\u043e\u0442\u0435\u043a\u0430 \u0430\u043b\u044c\u043c\u0430\u043d\u0430\u0445\u0430 \u00ab\u0414\u043e\u0441\u0442\u043e\u0435\u0432\u0441\u043a\u0438\u0439 \u0438 \u043c\u0438\u0440\u043e\u0432\u0430\u044f \u043a\u0443\u043b\u044c\u0442\u0443\u0440\u0430\u00bb. \u0421\u041f\u0431, \u00ab\u0421\u0435\u0440\u0435\u0431\u0440\u044f\u043d\u044b\u0439 \u0432\u0435\u043a\u00bb, 2007.<\/p>\n<p style=\"text-align: justify;\">\u041a\u0443\u043b\u044c\u0442\u0443\u0440\u043d\u043e\u0435 \u043d\u0430\u0441\u043b\u0435\u0434\u0438\u0435 \u0435\u0432\u0440\u0435\u0435\u0432 \u041c\u043e\u043b\u0434\u043e\u0432\u044b (co-autor I.\u015eihova). Chi\u015fin\u0103u, ELAN poligraf, 2010.<\/p>\n<p style=\"text-align: justify;\">\n","protected":false},"excerpt":{"rendered":"<p>Filolog, culturolog \u015fi etnolog, doctor habilitat \u00een filologie, specialist \u00een teoria \u015fi istoria literaturii, \u00een domeniu literaturii comparate. Cercet\u0103tor \u015ftiin\u0163ific principal al Institutului Minorit\u0103\u021bi Na\u021bionale,<span class=\"read-more-link\"><a class=\"read-more\" href=\"https:\/\/ich.md\/?p=870\">Read More<\/a><\/span><\/p>\n","protected":false},"author":2,"featured_media":0,"comment_status":"closed","ping_status":"open","sticky":false,"template":"","format":"standard","meta":[],"categories":[49],"tags":[],"_links":{"self":[{"href":"https:\/\/ich.md\/index.php?rest_route=\/wp\/v2\/posts\/870"}],"collection":[{"href":"https:\/\/ich.md\/index.php?rest_route=\/wp\/v2\/posts"}],"about":[{"href":"https:\/\/ich.md\/index.php?rest_route=\/wp\/v2\/types\/post"}],"author":[{"embeddable":true,"href":"https:\/\/ich.md\/index.php?rest_route=\/wp\/v2\/users\/2"}],"replies":[{"embeddable":true,"href":"https:\/\/ich.md\/index.php?rest_route=%2Fwp%2Fv2%2Fcomments&post=870"}],"version-history":[{"count":1,"href":"https:\/\/ich.md\/index.php?rest_route=\/wp\/v2\/posts\/870\/revisions"}],"predecessor-version":[{"id":872,"href":"https:\/\/ich.md\/index.php?rest_route=\/wp\/v2\/posts\/870\/revisions\/872"}],"wp:attachment":[{"href":"https:\/\/ich.md\/index.php?rest_route=%2Fwp%2Fv2%2Fmedia&parent=870"}],"wp:term":[{"taxonomy":"category","embeddable":true,"href":"https:\/\/ich.md\/index.php?rest_route=%2Fwp%2Fv2%2Fcategories&post=870"},{"taxonomy":"post_tag","embeddable":true,"href":"https:\/\/ich.md\/index.php?rest_route=%2Fwp%2Fv2%2Ftags&post=870"}],"curies":[{"name":"wp","href":"https:\/\/api.w.org\/{rel}","templated":true}]}}