{"id":8758,"date":"2025-10-22T11:21:23","date_gmt":"2025-10-22T08:21:23","guid":{"rendered":"https:\/\/ich.md\/?p=8758"},"modified":"2025-10-22T11:21:23","modified_gmt":"2025-10-22T08:21:23","slug":"masa-rotunda-cercetari-etnografice-contemporane-perspective-asupra-patrimoniuluicultural-al-minoritatilor-etnice-editia-a-ii-a","status":"publish","type":"post","link":"https:\/\/ich.md\/?p=8758","title":{"rendered":"Masa rotund\u0103 \u201eCercet\u0103ri etnografice contemporane: perspective asupra patrimoniuluicultural al minorit\u0103\u021bilor etnice\u201d (Edi\u021bia a II-a)"},"content":{"rendered":"\n<p>Sec\u021bia \u201eCultura tradi\u021bional\u0103 a minorit\u0103\u021bilor etnice\u201d din cadrul Institutului Patrimoniului Cultural v\u0103 invita s\u0103 participa\u021bi la masa rotund\u0103 \u201eCercet\u0103ri etnografice contemporane: perspective asupra patrimoniului cultural al minorit\u0103\u021bilor etnice\u201d (Edi\u021bia a II-a), dedicat\u0103 prezent\u0103rii rezultatelor cercet\u0103rilor etnografice de teren desf\u0103\u0219urate \u00een anul 2025 \u00een Republica Moldova.<\/p>\n\n\n\n<p>Evenimentul va avea loc mar\u021bi, 25 noiembrie 2025, \u00eencep\u00e2nd cu ora 10.00, \u00een Sala de \u0219edin\u021be a Institutului Patrimoniului Cultural, \u0219i va reuni cercet\u0103tori \u0219tiin\u021bifici specializa\u021bi \u00een domeniul etnologiei.<\/p>\n\n\n\n<p>\u00cen cadrul manifest\u0103rii vor fi prezentate rezultate recente privind valorificarea diversit\u0103\u021bii multidimensionale a culturii tradi\u021bionale, reflectate fragmentar \u00een localit\u0103\u021bile preponderent populate de comunit\u0103\u021bi etnoculturale din Republica Moldova. Vor fi abordate teme precum locuin\u021ba tradi\u021bional\u0103 \u2013 tipologia, materialele \u0219i tehnicile de construc\u021bie, decorul exterior \u0219i interior; buc\u0103t\u0103ria tradi\u021bional\u0103 \u2013 preparatele \u0219i b\u0103uturile festive, rituale \u0219i cotidiene; portul popular \u2013 festiv, ritual \u0219i cotidian; me\u0219te\u0219ugurile tradi\u021bionale \u2013 instrumentele, materialele \u0219i tehnicile de prelucrare a metalului; precum \u0219i ceremonialul de pomenire \u2013 practicile \u0219i obiceiurile legate de comemorarea r\u0103posa\u021bilor, \u00een special de Pa\u0219tele Blajinilor.<\/p>\n\n\n\n<p>Masa rotund\u0103 va constitui o platform\u0103 \u0219tiin\u021bific\u0103 de dialog \u0219i schimb de experien\u021b\u0103 profesional\u0103, menit\u0103 s\u0103 contribuie la consolidarea coeziunii sociale \u0219i la promovarea dialogului intercultural.<\/p>\n\n\n\n<p>V\u0103 a\u0219tept\u0103m cu drag s\u0103 lua\u021bi parte la acest eveniment!<\/p>\n\n\n\n<div class=\"wp-block-file\"><object class=\"wp-block-file__embed\" data=\"https:\/\/ich.md\/wp-content\/uploads\/2025\/10\/Program-Masa-rotunda-Cercetari-etnografice-teren-Sectia-CtMe-IPC-25.11.2025.pdf\" type=\"application\/pdf\" style=\"width:100%;height:600px\" aria-label=\"\u00cenglobare pentru Program-Masa-rotunda-Cercetari-etnografice-teren-Sectia-CtMe-IPC-25.11.2025.\"><\/object><a id=\"wp-block-file--media-e4f5d9ab-c7ee-4755-b749-8a34d5d086e7\" href=\"https:\/\/ich.md\/wp-content\/uploads\/2025\/10\/Program-Masa-rotunda-Cercetari-etnografice-teren-Sectia-CtMe-IPC-25.11.2025.pdf\">Program-Masa-rotunda-Cercetari-etnografice-teren-Sectia-CtMe-IPC-25.11.2025<\/a><a href=\"https:\/\/ich.md\/wp-content\/uploads\/2025\/10\/Program-Masa-rotunda-Cercetari-etnografice-teren-Sectia-CtMe-IPC-25.11.2025.pdf\" class=\"wp-block-file__button wp-element-button\" download aria-describedby=\"wp-block-file--media-e4f5d9ab-c7ee-4755-b749-8a34d5d086e7\">Descarc\u0103<\/a><\/div>\n","protected":false},"excerpt":{"rendered":"<p>Sec\u021bia \u201eCultura tradi\u021bional\u0103 a minorit\u0103\u021bilor etnice\u201d din cadrul Institutului Patrimoniului Cultural v\u0103 invita s\u0103 participa\u021bi la masa rotund\u0103 \u201eCercet\u0103ri etnografice contemporane: perspective asupra patrimoniului cultural<span class=\"read-more-link\"><a class=\"read-more\" href=\"https:\/\/ich.md\/?p=8758\">Read More<\/a><\/span><\/p>\n","protected":false},"author":11,"featured_media":8760,"comment_status":"closed","ping_status":"closed","sticky":false,"template":"","format":"standard","meta":[],"categories":[10],"tags":[],"_links":{"self":[{"href":"https:\/\/ich.md\/index.php?rest_route=\/wp\/v2\/posts\/8758"}],"collection":[{"href":"https:\/\/ich.md\/index.php?rest_route=\/wp\/v2\/posts"}],"about":[{"href":"https:\/\/ich.md\/index.php?rest_route=\/wp\/v2\/types\/post"}],"author":[{"embeddable":true,"href":"https:\/\/ich.md\/index.php?rest_route=\/wp\/v2\/users\/11"}],"replies":[{"embeddable":true,"href":"https:\/\/ich.md\/index.php?rest_route=%2Fwp%2Fv2%2Fcomments&post=8758"}],"version-history":[{"count":1,"href":"https:\/\/ich.md\/index.php?rest_route=\/wp\/v2\/posts\/8758\/revisions"}],"predecessor-version":[{"id":8761,"href":"https:\/\/ich.md\/index.php?rest_route=\/wp\/v2\/posts\/8758\/revisions\/8761"}],"wp:featuredmedia":[{"embeddable":true,"href":"https:\/\/ich.md\/index.php?rest_route=\/wp\/v2\/media\/8760"}],"wp:attachment":[{"href":"https:\/\/ich.md\/index.php?rest_route=%2Fwp%2Fv2%2Fmedia&parent=8758"}],"wp:term":[{"taxonomy":"category","embeddable":true,"href":"https:\/\/ich.md\/index.php?rest_route=%2Fwp%2Fv2%2Fcategories&post=8758"},{"taxonomy":"post_tag","embeddable":true,"href":"https:\/\/ich.md\/index.php?rest_route=%2Fwp%2Fv2%2Ftags&post=8758"}],"curies":[{"name":"wp","href":"https:\/\/api.w.org\/{rel}","templated":true}]}}