{"id":8763,"date":"2025-10-23T15:25:33","date_gmt":"2025-10-23T12:25:33","guid":{"rendered":"https:\/\/ich.md\/?p=8763"},"modified":"2025-10-23T20:30:56","modified_gmt":"2025-10-23T17:30:56","slug":"invitatie-la-masa-rotunda-metodologii-si-tehnici-moderne-de-cercetare-etnografica-editia-a-vi-a","status":"publish","type":"post","link":"https:\/\/ich.md\/?p=8763","title":{"rendered":"Invita\u021bie la Masa rotund\u0103 Metodologii \u0219i tehnici moderne de cercetare etnografic\u0103, edi\u021bia a VI-a"},"content":{"rendered":"\n<h3 class=\"wp-block-heading\"><strong>Genericul edi\u021biei 2025:<\/strong><br><strong>\u201eAbord\u0103ri interdisciplinare \u00een cadrul cercet\u0103rilor de teren efectuate de Sec\u021bia Cultura tradi\u021bional\u0103 rom\u00e2neasc\u0103 \u00een anul 2025: provoc\u0103ri, investiga\u021bii \u0219i experien\u021be valorificate\u201d<\/strong><\/h3>\n\n\n\n<p>Institutul Patrimoniului Cultural organizeaz\u0103 Masa rotund\u0103 intitulat\u0103 <em>\u201eMetodologii \u0219i tehnici moderne de cercetare etnografic\u0103\u201d<\/em>, edi\u021bia a VI-a, cu genericul <em>\u201eAbord\u0103ri interdisciplinare \u00een cadrul cercet\u0103rilor de teren efectuate de Sec\u021bia Cultur\u0103 tradi\u021bional\u0103 rom\u00e2neasc\u0103 \u00een anul 2025: provoc\u0103ri, investiga\u021bii \u0219i experien\u021be valorificate\u201d<\/em>. Evenimentul va avea loc la data de 11 noiembrie 2025, ora 9.00, \u00een Sala de \u0219edin\u021be a Institutului Patrimoniului Cultural (biroul 538), situat\u0103 pe bulevardul \u0218tefan cel Mare nr. 1, Chi\u0219in\u0103u.<\/p>\n\n\n\n<p>Manifestarea \u0219tiin\u021bific\u0103 este organizat\u0103 de Sec\u021bia Cultur\u0103 tradi\u021bional\u0103 rom\u00e2neasc\u0103 \u0219i se \u00eenscrie \u00een cadrul Programului na\u021bional \u00een domeniile cercet\u0103rii \u0219i inov\u0103rii pentru anii 2024\u20132027, Subprogramul 170101: Cercetarea \u0219i valorificarea patrimoniului cultural construit, etnografic, arheologic \u0219i artistic din Republica Moldova \u00een contextul integr\u0103rii europene.<\/p>\n\n\n\n<p>Edi\u021bia din acest an reune\u0219te cercet\u0103tori \u0219i speciali\u0219ti din domeniul etnologiei, antropologiei culturale \u0219i altor discipline conexe, care vor \u00eemp\u0103rt\u0103\u0219i experien\u021bele acumulate \u00een cadrul expedi\u021biilor de teren desf\u0103\u0219urate pe parcursul anului 2025. Prin comunic\u0103rile propuse, participan\u021bii vor reflecta asupra metodelor \u0219i tehnicilor de cercetare aplicate, asupra provoc\u0103rilor \u00eent\u00e2mpinate \u00een procesul document\u0103rii realit\u0103\u021bilor culturale contemporane, precum \u0219i asupra modului \u00een care rezultatele investiga\u021biilor contribuie la valorificarea patrimoniului cultural tradi\u021bional rom\u00e2nesc.<\/p>\n\n\n\n<p>Evenimentul va fi deschis de dr. Ion Ursu, director al Institutului Patrimoniului Cultural. Printre comunic\u0103rile incluse \u00een program se num\u0103r\u0103 cercet\u0103ri recente dedicate temelor legate de <em>casa mare<\/em> \u00een reprezent\u0103rile locuitorilor din satul Puhoi (dr. Nina Ivanova), <em>recuzita funerar\u0103 tradi\u021bional\u0103 din Dobrogea<\/em> (dr. Iulian Mitran), <em>patrimoniul textil din colec\u021bia Eugeniei Veveri\u021b\u0103<\/em> (dr. Natalia Gr\u0103dinaru \u0219i Raisa Osadci), <em>f\u00e2nt\u00e2nile tradi\u021bionale din Puhoi<\/em> (dr. Valentin Arapu), <em>por\u021bile de lemn \u0219i semnifica\u021biile lor simbolice \u0219i sociale<\/em> (dr. Sergiu Suvac), <em>metodele de cercetare a obiceiurilor funerare<\/em> (Carolina Cotoman), precum \u0219i prezent\u0103ri referitoare la dificult\u0103\u021bile \u0219i oportunit\u0103\u021bile cercet\u0103rii de teren, realizate de tinerii cercet\u0103tori ai Institutului.<\/p>\n\n\n\n<p>Masa rotund\u0103 \u00ee\u0219i propune s\u0103 stimuleze dialogul interdisciplinar, s\u0103 ofere un spa\u021biu de analiz\u0103 critic\u0103 \u0219i de reflec\u021bie asupra practicilor contemporane de cercetare etnografic\u0103 \u0219i s\u0103 contribuie la consolidarea colabor\u0103rilor \u00eentre speciali\u0219tii din domeniu. \u00cen cadrul discu\u021biilor finale, vor fi formulate sinteze \u0219i concluzii privind valorificarea rezultatelor cercet\u0103rilor recente \u0219i direc\u021biile viitoare de investigare.<\/p>\n\n\n\n<p>Participarea la eveniment constituie o oportunitate de schimb de experien\u021b\u0103 \u0219tiin\u021bific\u0103 \u0219i de valorificare a cercet\u0103rilor de teren realizate \u00een spiritul interdisciplinarit\u0103\u021bii \u0219i al promov\u0103rii patrimoniului cultural tradi\u021bional.<\/p>\n\n\n\n<div class=\"wp-block-file\"><object class=\"wp-block-file__embed\" data=\"https:\/\/ich.md\/wp-content\/uploads\/2025\/10\/Program-Masa-rotunda.pdf\" type=\"application\/pdf\" style=\"width:100%;height:600px\" aria-label=\"\u00cenglobare pentru Program-Masa-rotunda.\"><\/object><a id=\"wp-block-file--media-1fbd088e-cf17-4567-b5b4-305c807f966e\" href=\"https:\/\/ich.md\/wp-content\/uploads\/2025\/10\/Program-Masa-rotunda.pdf\">Program-Masa-rotunda<\/a><a href=\"https:\/\/ich.md\/wp-content\/uploads\/2025\/10\/Program-Masa-rotunda.pdf\" class=\"wp-block-file__button wp-element-button\" download aria-describedby=\"wp-block-file--media-1fbd088e-cf17-4567-b5b4-305c807f966e\">Descarc\u0103<\/a><\/div>\n","protected":false},"excerpt":{"rendered":"<p>Genericul edi\u021biei 2025:\u201eAbord\u0103ri interdisciplinare \u00een cadrul cercet\u0103rilor de teren efectuate de Sec\u021bia Cultura tradi\u021bional\u0103 rom\u00e2neasc\u0103 \u00een anul 2025: provoc\u0103ri, investiga\u021bii \u0219i experien\u021be valorificate\u201d Institutul Patrimoniului<span class=\"read-more-link\"><a class=\"read-more\" href=\"https:\/\/ich.md\/?p=8763\">Read More<\/a><\/span><\/p>\n","protected":false},"author":11,"featured_media":8765,"comment_status":"closed","ping_status":"closed","sticky":false,"template":"","format":"standard","meta":[],"categories":[10],"tags":[],"_links":{"self":[{"href":"https:\/\/ich.md\/index.php?rest_route=\/wp\/v2\/posts\/8763"}],"collection":[{"href":"https:\/\/ich.md\/index.php?rest_route=\/wp\/v2\/posts"}],"about":[{"href":"https:\/\/ich.md\/index.php?rest_route=\/wp\/v2\/types\/post"}],"author":[{"embeddable":true,"href":"https:\/\/ich.md\/index.php?rest_route=\/wp\/v2\/users\/11"}],"replies":[{"embeddable":true,"href":"https:\/\/ich.md\/index.php?rest_route=%2Fwp%2Fv2%2Fcomments&post=8763"}],"version-history":[{"count":2,"href":"https:\/\/ich.md\/index.php?rest_route=\/wp\/v2\/posts\/8763\/revisions"}],"predecessor-version":[{"id":8767,"href":"https:\/\/ich.md\/index.php?rest_route=\/wp\/v2\/posts\/8763\/revisions\/8767"}],"wp:featuredmedia":[{"embeddable":true,"href":"https:\/\/ich.md\/index.php?rest_route=\/wp\/v2\/media\/8765"}],"wp:attachment":[{"href":"https:\/\/ich.md\/index.php?rest_route=%2Fwp%2Fv2%2Fmedia&parent=8763"}],"wp:term":[{"taxonomy":"category","embeddable":true,"href":"https:\/\/ich.md\/index.php?rest_route=%2Fwp%2Fv2%2Fcategories&post=8763"},{"taxonomy":"post_tag","embeddable":true,"href":"https:\/\/ich.md\/index.php?rest_route=%2Fwp%2Fv2%2Ftags&post=8763"}],"curies":[{"name":"wp","href":"https:\/\/api.w.org\/{rel}","templated":true}]}}