{"id":8770,"date":"2025-11-09T10:45:33","date_gmt":"2025-11-09T08:45:33","guid":{"rendered":"https:\/\/ich.md\/?p=8770"},"modified":"2025-11-09T10:48:18","modified_gmt":"2025-11-09T08:48:18","slug":"masa-rotunda-dedicata-aniversarii-sculptoritei-claudia-cobizev-si-sculptorului-lazar-dubinovschi","status":"publish","type":"post","link":"https:\/\/ich.md\/?p=8770","title":{"rendered":"Masa rotund\u0103 dedicat\u0103 anivers\u0103rii sculptori\u021bei Claudia Cobizev \u0219i sculptorului Laz\u0103r Dubinovschi"},"content":{"rendered":"\n<p>Sec\u021bia Patrimoniu Cultural Construit a Institutului Patrimoniului Cultural, afiliat Ministerului Culturii Republicii Moldova, \u00een colaborare cu Sec\u021bia Arte \u0219i H\u0103r\u021bi a I.P. Biblioteca Na\u021bional\u0103 a Republicii Moldova, anun\u021b\u0103 organizarea Mesei rotunde cu genericul <em>\u201eMonumente de for public \u2013 elemente formatoare ale spa\u021biului urbanistic\u201d<\/em>. Evenimentul este dedicat celebr\u0103rii a dou\u0103 personalit\u0103\u021bi emblematice ale artei monumentale \u2013 120 de ani de la na\u0219terea sculptori\u021bei Claudia Cobizev&nbsp;\u0219i 115 ani de la na\u0219terea sculptorului Laz\u0103r Dubinovschi, creatori care au influen\u021bat profund estetica spa\u021biului urban \u0219i formarea identit\u0103\u021bii vizuale a ora\u0219ului.<\/p>\n\n\n\n<p>Masa rotund\u0103 se va desf\u0103\u0219ura \u00een data de 11 noiembrie 2025, ora 11:00, \u00een incinta S\u0103lii Arte \u0219i H\u0103r\u021bi, Blocul II al I.P. Biblioteca Na\u021bional\u0103 a Republicii Moldova, situat\u0103 pe str. 31 August 1989, blocul 78, Chi\u0219in\u0103u. Sunt invita\u021bi s\u0103 participe critici \u0219i istorici de art\u0103, arhitec\u021bi, muzeografi, sculptori, profesori de art\u0103 plastic\u0103 \u0219i to\u021bi cei interesa\u021bi de rolul monumentelor de for public \u00een configurarea spa\u021biului urban \u0219i \u00een p\u0103strarea memoriei culturale.<\/p>\n\n\n\n<p>Participan\u021bii care doresc s\u0103 fie inclu\u0219i \u00een program sunt ruga\u021bi s\u0103 confirme prezen\u021ba p\u00e2n\u0103 la 9 noiembrie 2025, expediind titlul interven\u021biei \u0219i un rezumat (de maximum 100 de cuvinte) la adresele:<br>anisoara-marian@yandex.ru&nbsp;\u0219i anamarian1974@gmail.com.<\/p>\n\n\n\n<p>V\u0103 invit\u0103m s\u0103 contribui\u021bi la o discu\u021bie valoroas\u0103 despre importan\u021ba monumentelor de for public \u00een peisajul urban contemporan.<\/p>\n\n\n\n<figure class=\"wp-block-image size-full\"><a href=\"http:\/\/ich.md\/wp-content\/uploads\/2025\/11\/PROGRAM-Masa-rotunda-11.11.2025.revazut-pdf.pdf\"><img decoding=\"async\" src=\"http:\/\/ich.md\/wp-content\/uploads\/2025\/11\/PROGRAM-Masa-rotunda-11.11.2025.revazut-pdf.pdf\" alt=\"\" class=\"wp-image-8771\"\/><\/a><\/figure>\n\n\n\n<div class=\"wp-block-file\"><object class=\"wp-block-file__embed\" data=\"https:\/\/ich.md\/wp-content\/uploads\/2025\/11\/PROGRAM-Masa-rotunda-11.11.2025.pdf.pdf\" type=\"application\/pdf\" style=\"width:100%;height:600px\" aria-label=\"\u00cenglobare pentru PROGRAM-Masa-rotunda-11.11.2025.pdf.\"><\/object><a id=\"wp-block-file--media-3110cde4-2847-4039-a896-95246f6c8895\" href=\"https:\/\/ich.md\/wp-content\/uploads\/2025\/11\/PROGRAM-Masa-rotunda-11.11.2025.pdf.pdf\">PROGRAM-Masa-rotunda-11.11.2025.pdf<\/a><a href=\"https:\/\/ich.md\/wp-content\/uploads\/2025\/11\/PROGRAM-Masa-rotunda-11.11.2025.pdf.pdf\" class=\"wp-block-file__button wp-element-button\" download aria-describedby=\"wp-block-file--media-3110cde4-2847-4039-a896-95246f6c8895\">Descarc\u0103<\/a><\/div>\n","protected":false},"excerpt":{"rendered":"<p>Sec\u021bia Patrimoniu Cultural Construit a Institutului Patrimoniului Cultural, afiliat Ministerului Culturii Republicii Moldova, \u00een colaborare cu Sec\u021bia Arte \u0219i H\u0103r\u021bi a I.P. Biblioteca Na\u021bional\u0103 a<span class=\"read-more-link\"><a class=\"read-more\" href=\"https:\/\/ich.md\/?p=8770\">Read More<\/a><\/span><\/p>\n","protected":false},"author":11,"featured_media":8775,"comment_status":"closed","ping_status":"closed","sticky":false,"template":"","format":"standard","meta":[],"categories":[10],"tags":[],"_links":{"self":[{"href":"https:\/\/ich.md\/index.php?rest_route=\/wp\/v2\/posts\/8770"}],"collection":[{"href":"https:\/\/ich.md\/index.php?rest_route=\/wp\/v2\/posts"}],"about":[{"href":"https:\/\/ich.md\/index.php?rest_route=\/wp\/v2\/types\/post"}],"author":[{"embeddable":true,"href":"https:\/\/ich.md\/index.php?rest_route=\/wp\/v2\/users\/11"}],"replies":[{"embeddable":true,"href":"https:\/\/ich.md\/index.php?rest_route=%2Fwp%2Fv2%2Fcomments&post=8770"}],"version-history":[{"count":2,"href":"https:\/\/ich.md\/index.php?rest_route=\/wp\/v2\/posts\/8770\/revisions"}],"predecessor-version":[{"id":8776,"href":"https:\/\/ich.md\/index.php?rest_route=\/wp\/v2\/posts\/8770\/revisions\/8776"}],"wp:featuredmedia":[{"embeddable":true,"href":"https:\/\/ich.md\/index.php?rest_route=\/wp\/v2\/media\/8775"}],"wp:attachment":[{"href":"https:\/\/ich.md\/index.php?rest_route=%2Fwp%2Fv2%2Fmedia&parent=8770"}],"wp:term":[{"taxonomy":"category","embeddable":true,"href":"https:\/\/ich.md\/index.php?rest_route=%2Fwp%2Fv2%2Fcategories&post=8770"},{"taxonomy":"post_tag","embeddable":true,"href":"https:\/\/ich.md\/index.php?rest_route=%2Fwp%2Fv2%2Ftags&post=8770"}],"curies":[{"name":"wp","href":"https:\/\/api.w.org\/{rel}","templated":true}]}}