{"id":8777,"date":"2025-11-12T03:44:43","date_gmt":"2025-11-12T01:44:43","guid":{"rendered":"https:\/\/ich.md\/?p=8777"},"modified":"2025-11-12T03:44:43","modified_gmt":"2025-11-12T01:44:43","slug":"invitatie-la-masa-rotunda-omagiala-cu-genericul-stefan-neaga-mostenirea-muzicala-a-basarabiei-125-de-ani-de-la-nastere","status":"publish","type":"post","link":"https:\/\/ich.md\/?p=8777","title":{"rendered":"Invita\u021bie la Masa rotund\u0103 omagial\u0103 cu genericul \u0218tefan Neaga, mo\u0219tenirea muzical\u0103 a Basarabiei (125 de ani de la na\u0219tere)"},"content":{"rendered":"\n<p>Institutul Patrimoniului Cultural organizeaz\u0103 Masa rotund\u0103 omagial\u0103 cu genericul <strong><em><strong>\u0218tefan Neaga, mo\u0219tenirea muzical\u0103 a Basarabiei<\/strong><\/em><\/strong><em>&nbsp;<\/em>(125 de ani de la na\u0219tere). Manifestarea va avea loc la <strong>13 noiembrie 2025<\/strong>, <strong>ora 14.00<\/strong>, \u00een Sala de \u0218edin\u021be a Institutului Patrimoniului Cultural (biroul 538) de pe bd. \u0218tefan cel Mare \u0219i Sf\u00e2nt, nr. 1. <strong><em><strong><\/strong><\/em><\/strong><\/p>\n\n\n\n<p>Manifestarea \u0219tiin\u021bific\u0103 este organizat\u0103 de Sec\u021bia <em>Patrimoniu artistic<\/em>&nbsp;\u0219i se \u00eenscrie \u00een cadrul Programului na\u021bional \u00een domeniile cercet\u0103rii \u0219i inov\u0103rii pentru anii 2024\u20132027, Subprogramul 170101: <em>Cercetarea \u0219i valorificarea patrimoniului cultural construit, etnografic, arheologic \u0219i artistic din Republica Moldova \u00een contextul integr\u0103rii europene<\/em>.<\/p>\n\n\n\n<p>Masa rotund\u0103 este consacrat\u0103 celor 125 de ani de la na\u0219terea compozitorului, pianistului \u0219i dirijorului \u0218tefan Neaga, personalitate marcant\u0103 a culturii muzicale na\u021bionale.<\/p>\n\n\n\n<p>Programul mesei rotunde include o serie de comunic\u0103ri despre activitatea lui \u0218tefan Neaga \u00een calitatea sa de compozitor, pianist \u0219i dirijor, audierea schi\u021bei simfonice pentru orchestr\u0103 <em>Februarie cu brum\u0103 \u0219i z\u0103pad\u0103 <\/em>\u00een interpretarea Orchestrei simfonice na\u021bionale a IPNA Compania \u201eTeleradio-Moldova\u201d dirijat\u0103 de Gheorghe Mustea, precum \u0219i prezentarea filmului documentar \u201e<em>\u0218tefan Neaga<\/em>\u201d \u00een regia lui Andrei Buruian\u0103. <strong><\/strong><\/p>\n\n\n\n<p>Sunt invita\u021bi \u0219i bineveni\u021bi s\u0103 participe to\u021bi cei interesa\u021bi de via\u021ba \u0219i activitatea compozitorului \u0218tefan Neaga \u2013 cercet\u0103tori, doctoranzi, cadre didactice, tineri studio\u0219i, reprezentan\u021bi ai mass-media.<\/p>\n\n\n\n<div class=\"wp-block-file\"><object class=\"wp-block-file__embed\" data=\"https:\/\/ich.md\/wp-content\/uploads\/2025\/11\/Programme_Conference_DRAFT.pdf-\u043a\u043e\u043f\u0438\u044f-1.pdf\" type=\"application\/pdf\" style=\"width:100%;height:600px\" aria-label=\"\u00cenglobare pentru Programme_Conference_DRAFT.pdf-\u043a\u043e\u043f\u0438\u044f-1.\"><\/object><a id=\"wp-block-file--media-7aceea33-7914-4139-8078-3a6e30849e5c\" href=\"https:\/\/ich.md\/wp-content\/uploads\/2025\/11\/Programme_Conference_DRAFT.pdf-\u043a\u043e\u043f\u0438\u044f-1.pdf\">Programme_Conference_DRAFT.pdf-\u043a\u043e\u043f\u0438\u044f-1<\/a><a href=\"https:\/\/ich.md\/wp-content\/uploads\/2025\/11\/Programme_Conference_DRAFT.pdf-\u043a\u043e\u043f\u0438\u044f-1.pdf\" class=\"wp-block-file__button wp-element-button\" download aria-describedby=\"wp-block-file--media-7aceea33-7914-4139-8078-3a6e30849e5c\">Descarc\u0103<\/a><\/div>\n","protected":false},"excerpt":{"rendered":"<p>Institutul Patrimoniului Cultural organizeaz\u0103 Masa rotund\u0103 omagial\u0103 cu genericul \u0218tefan Neaga, mo\u0219tenirea muzical\u0103 a Basarabiei&nbsp;(125 de ani de la na\u0219tere). Manifestarea va avea loc la<span class=\"read-more-link\"><a class=\"read-more\" href=\"https:\/\/ich.md\/?p=8777\">Read More<\/a><\/span><\/p>\n","protected":false},"author":11,"featured_media":8779,"comment_status":"closed","ping_status":"closed","sticky":false,"template":"","format":"standard","meta":[],"categories":[10],"tags":[],"_links":{"self":[{"href":"https:\/\/ich.md\/index.php?rest_route=\/wp\/v2\/posts\/8777"}],"collection":[{"href":"https:\/\/ich.md\/index.php?rest_route=\/wp\/v2\/posts"}],"about":[{"href":"https:\/\/ich.md\/index.php?rest_route=\/wp\/v2\/types\/post"}],"author":[{"embeddable":true,"href":"https:\/\/ich.md\/index.php?rest_route=\/wp\/v2\/users\/11"}],"replies":[{"embeddable":true,"href":"https:\/\/ich.md\/index.php?rest_route=%2Fwp%2Fv2%2Fcomments&post=8777"}],"version-history":[{"count":1,"href":"https:\/\/ich.md\/index.php?rest_route=\/wp\/v2\/posts\/8777\/revisions"}],"predecessor-version":[{"id":8780,"href":"https:\/\/ich.md\/index.php?rest_route=\/wp\/v2\/posts\/8777\/revisions\/8780"}],"wp:featuredmedia":[{"embeddable":true,"href":"https:\/\/ich.md\/index.php?rest_route=\/wp\/v2\/media\/8779"}],"wp:attachment":[{"href":"https:\/\/ich.md\/index.php?rest_route=%2Fwp%2Fv2%2Fmedia&parent=8777"}],"wp:term":[{"taxonomy":"category","embeddable":true,"href":"https:\/\/ich.md\/index.php?rest_route=%2Fwp%2Fv2%2Fcategories&post=8777"},{"taxonomy":"post_tag","embeddable":true,"href":"https:\/\/ich.md\/index.php?rest_route=%2Fwp%2Fv2%2Ftags&post=8777"}],"curies":[{"name":"wp","href":"https:\/\/api.w.org\/{rel}","templated":true}]}}