{"id":8781,"date":"2025-11-12T16:30:23","date_gmt":"2025-11-12T14:30:23","guid":{"rendered":"https:\/\/ich.md\/?p=8781"},"modified":"2025-11-12T17:41:07","modified_gmt":"2025-11-12T15:41:07","slug":"masa-rotunda-2025-perspective-interdisciplinare-si-povesti-inedite-din-cercetarea-etnografica-a-sectiei-cultura-traditionala-romaneasca","status":"publish","type":"post","link":"https:\/\/ich.md\/?p=8781","title":{"rendered":"Masa rotund\u0103 2025: Perspective interdisciplinare \u0219i pove\u0219ti inedite din cercetarea etnografic\u0103 a Sec\u021biei Cultura tradi\u021bional\u0103 rom\u00e2neasc\u0103"},"content":{"rendered":"\n<p>\u00cen ziua de 11 noiembrie 2025, Sec\u021bia Cultura tradi\u021bional\u0103 rom\u00e2neasc\u0103 din cadrul Institutului Patrimoniului Cultural a organizat Masa rotund\u0103 <em>M<\/em><em>etodologii \u0219i tehnici moderne de cercetare etnografic\u0103.<\/em>&nbsp;Genericul celei de-a VI edi\u021bii &#8211; <em>Abord\u0103ri interdisciplinare \u00een cadrul cercet\u0103rilor de teren efectuate de <\/em><em>c\u0103tre Sec\u021bia Cultura tradi\u021bional\u0103 rom\u00e2neasc\u0103 \u00een anul 2025: provoc\u0103ri, investiga\u021bii \u0219i experien\u021be valorificate <\/em>\u2013 a \u00eentrunit speciali\u0219ti din Republica Moldova \u0219i Rom\u00e2nia. Cu un cuv\u00e2nt de deschidere s-a adresat participan\u021bilor dr. Ion Ursu, director al IPC, accentu\u00e2nd importan\u021ba cercet\u0103rilor de teren \u0219i a valorific\u0103rii \u0219tiin\u021bifice a rezultatelor \u00eenregistrate.<\/p>\n\n\n\n<p>Echipa expedi\u021biei etnografice desf\u0103\u0219urate \u00een satul Puhoi (r-nul Ialoveni), reprezentat\u0103 de dr. Natalia GR\u0102DINARU, dr. Nina IVANOVA, Raisa OSADCI, dr. Valentin ARAPU, a prezentat trei comunic\u0103ri tematice, rezultate \u00een urma cercet\u0103rilor temeinice de teren: <em>Patrimoniul textil tradi\u021bional din Puhoi (Ialoveni): \u0219tergare \u0219i alte categorii de textile din colec\u021bia Eugeniei Veveri\u021b\u0103; <\/em><em>Casa mare \u00een reprezent\u0103rile locuitorilor din satul Puhoi<\/em><em>&nbsp;(comunicare elaborat\u0103 \u00een baza cercet\u0103rilor <\/em><em>etnografice<\/em><em>&nbsp;de teren); <\/em><em>F\u00e2nt\u00e2nile din satul Puhoi, r-nul Ialoveni: <\/em><em>observa\u021bii \u0219i constat\u0103ri \u00een baza expedi\u021biei etnografice desf\u0103\u0219urate \u00een localitate (01-18.10.2025). &nbsp;<\/em><\/p>\n\n\n\n<p>\u00cen premier\u0103 pentru formatul unei astfel de manifest\u0103ri \u0219tiin\u021bifice, a participat un respondent din localitatea \u00een care este desf\u0103\u0219urat\u0103 expedi\u021bia etnografic\u0103 \u00een persoana dnei Eugenia Veveri\u021b\u0103, \u00een custodia c\u0103reia se afl\u0103 o cas\u0103 tradi\u021bional\u0103 cu valoroase vestigii etnografice, p\u0103strate cu grij\u0103 de c\u0103tre domnia sa, care a vorbit despre valoarea istoric\u0103 \u0219i cultural\u0103 a patrimoniului p\u0103strat de familia sa.<\/p>\n\n\n\n<p>Dr. Iulian MITRAN de la Universitatea Interna\u021bional\u0103 \u201eDanubius\u201d, Gala\u021bi, Rom\u00e2nia, a prezentat aspecte inedite \u00eentr-un<strong><em><strong><em>&nbsp;<\/em><\/strong><\/em><\/strong><em>Studiu asupra recuzitei funerare din satul Darabani (Dauluchioi), jude\u021bul Constan\u021ba.<\/em><\/p>\n\n\n\n<p>Cercet\u0103torii din cadrul sec\u021biei \u2013&nbsp;dr. Sergiu SUVAC, Carolina COTOMAN, drd. Ina ISAC, Alexandru MAGOLA, drd. Sorin GRAJDARI \u2013 au prezentat informa\u021bii relevante, structurate tematic \u00een conformitate cu preocup\u0103rile \u0219tiin\u021bifice ale fiec\u0103ruia: <em>Interferen\u021be etnografice, arhitecturale \u0219i socioculturale \u00een confec\u021bionarea \u0219i \u00eentre\u021binerea por\u021bilor tradi\u021bionale: reflec\u021bii din cercet\u0103rile de teren, realizate \u00een satele raionului Str\u0103\u0219eni (18-21 iunie 2025); Metode \u0219i tehnici de cercetare etnografic\u0103 de teren, utilizate \u00een studierea obiceiurilor de \u00eenmorm\u00e2ntare; Metode interdisciplinare de cercetare, aplicate \u00een cadrul investiga\u021biilor de teren \u00een satele Lozova, Vorniceni, Dolna, Micleu\u0219eni<\/em><em>&nbsp;<\/em><em>din raionul Str\u0103\u0219eni (iunie 2025); <\/em><em>Dificult\u0103\u021bi \u0219i oportunit\u0103\u021bi \u00een cadrul cercet\u0103rilor de teren \u00een satele Sire\u021bi \u0219i Coju\u0219na din raionul Str\u0103\u0219eni; Unele rezultate ale cercet\u0103rilor de teren \u00een localit\u0103\u021bile Rogojeni (r-nul \u0218old\u0103ne\u0219ti), Domulgeni, \u021a\u00eera \u0219i Ro\u0219ietici (r-nul Flore\u0219ti), situate pe cursul superior al r\u00e2ului R\u0103ut. Unele rezultate ale cercet\u0103rilor de teren \u00een localit\u0103\u021bile Rogojeni (r-nul \u0218old\u0103ne\u0219ti), Domulgeni, \u021a\u00eera \u0219i Ro\u0219ietici (r-nul Flore\u0219ti), situate pe cursul superior al r\u00e2ului R\u0103ut. <\/em><em><\/em><\/p>\n\n\n\n<p>Discu\u021biile care au avut loc pe parcursul desf\u0103\u0219ur\u0103rii manifest\u0103rii \u0219tiin\u021bifice au decurs \u00eentr-o ambian\u021b\u0103 de colaborare \u0219i colegialitate, \u00een spirit creativ \u0219i academic. \u00a0<\/p>\n\n\n\n<figure class=\"wp-block-image size-large\"><a href=\"https:\/\/ich.md\/wp-content\/uploads\/2025\/11\/eu-bine.jpg\"><img decoding=\"async\" loading=\"lazy\" width=\"1024\" height=\"768\" src=\"https:\/\/ich.md\/wp-content\/uploads\/2025\/11\/eu-bine-1024x768.jpg\" alt=\"\" class=\"wp-image-8784\"\/><\/a><\/figure>\n\n\n\n<figure class=\"wp-block-image size-large\"><a href=\"https:\/\/ich.md\/wp-content\/uploads\/2025\/11\/rom.jpg\"><img decoding=\"async\" loading=\"lazy\" width=\"1024\" height=\"768\" src=\"https:\/\/ich.md\/wp-content\/uploads\/2025\/11\/rom-1024x768.jpg\" alt=\"\" class=\"wp-image-8785\"\/><\/a><\/figure>\n\n\n\n<figure class=\"wp-block-image size-large\"><a href=\"https:\/\/ich.md\/wp-content\/uploads\/2025\/11\/raia-vrb.jpg\"><img decoding=\"async\" loading=\"lazy\" width=\"1024\" height=\"768\" src=\"https:\/\/ich.md\/wp-content\/uploads\/2025\/11\/raia-vrb-1024x768.jpg\" alt=\"\" class=\"wp-image-8786\"\/><\/a><\/figure>\n\n\n\n<figure class=\"wp-block-image size-large\"><a href=\"https:\/\/ich.md\/wp-content\/uploads\/2025\/11\/magol-vrv.jpg\"><img decoding=\"async\" loading=\"lazy\" width=\"768\" height=\"1024\" src=\"https:\/\/ich.md\/wp-content\/uploads\/2025\/11\/magol-vrv-768x1024.jpg\" alt=\"\" class=\"wp-image-8787\"\/><\/a><\/figure>\n\n\n\n<figure class=\"wp-block-image size-large\"><a href=\"https:\/\/ich.md\/wp-content\/uploads\/2025\/11\/nina1.jpg\"><img decoding=\"async\" loading=\"lazy\" width=\"1024\" height=\"768\" src=\"https:\/\/ich.md\/wp-content\/uploads\/2025\/11\/nina1-1024x768.jpg\" alt=\"\" class=\"wp-image-8788\"\/><\/a><\/figure>\n\n\n\n<figure class=\"wp-block-image size-large\"><a href=\"https:\/\/ich.md\/wp-content\/uploads\/2025\/11\/sergiu.jpg\"><img decoding=\"async\" loading=\"lazy\" width=\"768\" height=\"1024\" src=\"https:\/\/ich.md\/wp-content\/uploads\/2025\/11\/sergiu-768x1024.jpg\" alt=\"\" class=\"wp-image-8789\"\/><\/a><\/figure>\n\n\n\n<figure class=\"wp-block-image size-large\"><a href=\"https:\/\/ich.md\/wp-content\/uploads\/2025\/11\/sorin.jpg\"><img decoding=\"async\" loading=\"lazy\" width=\"1024\" height=\"768\" src=\"https:\/\/ich.md\/wp-content\/uploads\/2025\/11\/sorin-1024x768.jpg\" alt=\"\" class=\"wp-image-8790\"\/><\/a><\/figure>\n\n\n\n<figure class=\"wp-block-image size-large\"><a href=\"https:\/\/ich.md\/wp-content\/uploads\/2025\/11\/ijboldina.jpg\"><img decoding=\"async\" loading=\"lazy\" width=\"768\" height=\"1024\" src=\"https:\/\/ich.md\/wp-content\/uploads\/2025\/11\/ijboldina-768x1024.jpg\" alt=\"\" class=\"wp-image-8791\"\/><\/a><\/figure>\n\n\n\n<figure class=\"wp-block-image size-large\"><a href=\"https:\/\/ich.md\/wp-content\/uploads\/2025\/11\/11.11.jpg\"><img decoding=\"async\" loading=\"lazy\" width=\"615\" height=\"1024\" src=\"https:\/\/ich.md\/wp-content\/uploads\/2025\/11\/11.11-615x1024.jpg\" alt=\"\" class=\"wp-image-8795\"\/><\/a><\/figure>\n\n\n\n<figure class=\"wp-block-image size-large\"><a href=\"https:\/\/ich.md\/wp-content\/uploads\/2025\/11\/fufetele.jpg\"><img decoding=\"async\" loading=\"lazy\" width=\"1024\" height=\"768\" src=\"https:\/\/ich.md\/wp-content\/uploads\/2025\/11\/fufetele-1024x768.jpg\" alt=\"\" class=\"wp-image-8796\"\/><\/a><\/figure>\n","protected":false},"excerpt":{"rendered":"<p>\u00cen ziua de 11 noiembrie 2025, Sec\u021bia Cultura tradi\u021bional\u0103 rom\u00e2neasc\u0103 din cadrul Institutului Patrimoniului Cultural a organizat Masa rotund\u0103 Metodologii \u0219i tehnici moderne de cercetare<span class=\"read-more-link\"><a class=\"read-more\" href=\"https:\/\/ich.md\/?p=8781\">Read More<\/a><\/span><\/p>\n","protected":false},"author":11,"featured_media":8783,"comment_status":"closed","ping_status":"closed","sticky":false,"template":"","format":"standard","meta":[],"categories":[10],"tags":[],"_links":{"self":[{"href":"https:\/\/ich.md\/index.php?rest_route=\/wp\/v2\/posts\/8781"}],"collection":[{"href":"https:\/\/ich.md\/index.php?rest_route=\/wp\/v2\/posts"}],"about":[{"href":"https:\/\/ich.md\/index.php?rest_route=\/wp\/v2\/types\/post"}],"author":[{"embeddable":true,"href":"https:\/\/ich.md\/index.php?rest_route=\/wp\/v2\/users\/11"}],"replies":[{"embeddable":true,"href":"https:\/\/ich.md\/index.php?rest_route=%2Fwp%2Fv2%2Fcomments&post=8781"}],"version-history":[{"count":4,"href":"https:\/\/ich.md\/index.php?rest_route=\/wp\/v2\/posts\/8781\/revisions"}],"predecessor-version":[{"id":8797,"href":"https:\/\/ich.md\/index.php?rest_route=\/wp\/v2\/posts\/8781\/revisions\/8797"}],"wp:featuredmedia":[{"embeddable":true,"href":"https:\/\/ich.md\/index.php?rest_route=\/wp\/v2\/media\/8783"}],"wp:attachment":[{"href":"https:\/\/ich.md\/index.php?rest_route=%2Fwp%2Fv2%2Fmedia&parent=8781"}],"wp:term":[{"taxonomy":"category","embeddable":true,"href":"https:\/\/ich.md\/index.php?rest_route=%2Fwp%2Fv2%2Fcategories&post=8781"},{"taxonomy":"post_tag","embeddable":true,"href":"https:\/\/ich.md\/index.php?rest_route=%2Fwp%2Fv2%2Ftags&post=8781"}],"curies":[{"name":"wp","href":"https:\/\/api.w.org\/{rel}","templated":true}]}}