{"id":8812,"date":"2025-11-17T11:55:45","date_gmt":"2025-11-17T09:55:45","guid":{"rendered":"https:\/\/ich.md\/?p=8812"},"modified":"2025-11-18T09:42:24","modified_gmt":"2025-11-18T07:42:24","slug":"invitatie-la-masa-rotunda-omagiala-cu-genericul-vlad-iovita-distins-creator-al-generatiei-de-aur-90-de-ani-de-la-nastere","status":"publish","type":"post","link":"https:\/\/ich.md\/?p=8812","title":{"rendered":"Invita\u021bie la Masa rotund\u0103 omagial\u0103 cu genericul Vlad Iovi\u021b\u0103 \u2013 distins creator al \u201egenera\u021biei de aur\u201d (90 de ani de la na\u0219tere)"},"content":{"rendered":"\n<p>Institutul Patrimoniului Cultural organizeaz\u0103 Masa rotund\u0103 omagial\u0103 cu genericul <em>Vlad Iovi\u021b\u0103 \u2013 distins creator al \u201egenera\u021biei de aur\u201d<\/em>&nbsp;(90 de ani de la na\u0219terea poetului \u0219i cineastului). Manifestarea va avea loc la <strong>18 noiembrie 2025<\/strong>, <strong>ora 10.00<\/strong>, \u00een Sala de \u0218edin\u021be a Institutului Patrimoniului Cultural (biroul 538) de pe bd. \u0218tefan cel Mare \u0219i Sf\u00e2nt, nr. 1.<\/p>\n\n\n\n<p>Manifestarea \u0219tiin\u021bific\u0103 este organizat\u0103 de Sec\u021bia <em>Patrimoniu artistic<\/em>&nbsp;\u0219i se \u00eenscrie \u00een cadrul Programului na\u021bional \u00een domeniile cercet\u0103rii \u0219i inov\u0103rii pentru anii 2024\u20132027, Subprogramul 170101: <em>Cercetarea \u0219i valorificarea patrimoniului cultural construit, etnografic, arheologic \u0219i artistic din Republica Moldova \u00een contextul integr\u0103rii europene<\/em>.<\/p>\n\n\n\n<p>Masa rotund\u0103 este consacrat\u0103 celor 90 de ani de la na\u0219terea scriitorului \u0219i cineastului Vlad Iovi\u021b\u0103, personalitate marcant\u0103 a artei \u0219i culturii na\u021bionale.<\/p>\n\n\n\n<p>Programul mesei rotunde include o serie de comunic\u0103ri despre activitatea cineastului Vlad Iovi\u021b\u0103, evoc\u0103rile celor care l-au cunoscut \u0219i au lucrat al\u0103turi de cineast, precum \u0219i prezentarea filmului documentar \u201e<em>Vlad Iovi\u021b\u0103<\/em>\u201d \u00een regia lui Iacob Burghiu, care relateaz\u0103 momente semnificative din via\u021ba \u0219i activitatea regizorului.<\/p>\n\n\n\n<p>Sunt invita\u021bi \u0219i bineveni\u021bi s\u0103 participe to\u021bi cei interesa\u021bi de via\u021ba \u0219i activitatea cineastului Vlad Iovi\u021b\u0103 \u2013 cercet\u0103tori, doctoranzi, cadre didactice, tineri studio\u0219i, reprezentan\u021bi ai mass-media.<\/p>\n\n\n\n<div class=\"wp-block-file\"><object class=\"wp-block-file__embed\" data=\"https:\/\/ich.md\/wp-content\/uploads\/2025\/11\/Programme_Ionita_DRAFT.pdf-\u043a\u043e\u043f\u0438\u044f.pdf\" type=\"application\/pdf\" style=\"width:100%;height:600px\" aria-label=\"\u00cenglobare pentru Programme_Ionita_DRAFT.pdf-\u043a\u043e\u043f\u0438\u044f.\"><\/object><a id=\"wp-block-file--media-75dc4030-4db2-4521-b91f-876b6716028b\" href=\"https:\/\/ich.md\/wp-content\/uploads\/2025\/11\/Programme_Ionita_DRAFT.pdf-\u043a\u043e\u043f\u0438\u044f.pdf\">Programme_Ionita_DRAFT.pdf-\u043a\u043e\u043f\u0438\u044f<\/a><a href=\"https:\/\/ich.md\/wp-content\/uploads\/2025\/11\/Programme_Ionita_DRAFT.pdf-\u043a\u043e\u043f\u0438\u044f.pdf\" class=\"wp-block-file__button wp-element-button\" download aria-describedby=\"wp-block-file--media-75dc4030-4db2-4521-b91f-876b6716028b\">Descarc\u0103<\/a><\/div>\n","protected":false},"excerpt":{"rendered":"<p>Institutul Patrimoniului Cultural organizeaz\u0103 Masa rotund\u0103 omagial\u0103 cu genericul Vlad Iovi\u021b\u0103 \u2013 distins creator al \u201egenera\u021biei de aur\u201d&nbsp;(90 de ani de la na\u0219terea poetului \u0219i<span class=\"read-more-link\"><a class=\"read-more\" href=\"https:\/\/ich.md\/?p=8812\">Read More<\/a><\/span><\/p>\n","protected":false},"author":11,"featured_media":8814,"comment_status":"closed","ping_status":"closed","sticky":false,"template":"","format":"standard","meta":[],"categories":[10],"tags":[],"_links":{"self":[{"href":"https:\/\/ich.md\/index.php?rest_route=\/wp\/v2\/posts\/8812"}],"collection":[{"href":"https:\/\/ich.md\/index.php?rest_route=\/wp\/v2\/posts"}],"about":[{"href":"https:\/\/ich.md\/index.php?rest_route=\/wp\/v2\/types\/post"}],"author":[{"embeddable":true,"href":"https:\/\/ich.md\/index.php?rest_route=\/wp\/v2\/users\/11"}],"replies":[{"embeddable":true,"href":"https:\/\/ich.md\/index.php?rest_route=%2Fwp%2Fv2%2Fcomments&post=8812"}],"version-history":[{"count":4,"href":"https:\/\/ich.md\/index.php?rest_route=\/wp\/v2\/posts\/8812\/revisions"}],"predecessor-version":[{"id":8833,"href":"https:\/\/ich.md\/index.php?rest_route=\/wp\/v2\/posts\/8812\/revisions\/8833"}],"wp:featuredmedia":[{"embeddable":true,"href":"https:\/\/ich.md\/index.php?rest_route=\/wp\/v2\/media\/8814"}],"wp:attachment":[{"href":"https:\/\/ich.md\/index.php?rest_route=%2Fwp%2Fv2%2Fmedia&parent=8812"}],"wp:term":[{"taxonomy":"category","embeddable":true,"href":"https:\/\/ich.md\/index.php?rest_route=%2Fwp%2Fv2%2Fcategories&post=8812"},{"taxonomy":"post_tag","embeddable":true,"href":"https:\/\/ich.md\/index.php?rest_route=%2Fwp%2Fv2%2Ftags&post=8812"}],"curies":[{"name":"wp","href":"https:\/\/api.w.org\/{rel}","templated":true}]}}